{"id":199398,"date":"2023-03-08T16:48:01","date_gmt":"2023-03-08T21:48:01","guid":{"rendered":"https:\/\/www.prwrestling.com\/nw\/?p=199398"},"modified":"2023-03-08T16:48:01","modified_gmt":"2023-03-08T21:48:01","slug":"dax-harwood-tiene-problemas-con-los-talentos-jovenes-que-piensan-que-ya-lo-lograron","status":"publish","type":"post","link":"https:\/\/www.prwrestling.com\/nw\/dax-harwood-tiene-problemas-con-los-talentos-jovenes-que-piensan-que-ya-lo-lograron\/","title":{"rendered":"Dax Harwood tiene problemas con los talentos j\u00f3venes que piensan que &#8220;ya lo lograron&#8221;"},"content":{"rendered":"<p><span style=\"vertical-align: inherit;\"><span style=\"vertical-align: inherit;\">Con\u00a0 <\/span><\/span><span style=\"vertical-align: inherit;\"><span style=\"vertical-align: inherit;\">su regreso el domingo pasado en AEW Revolution<\/span><\/span><span style=\"vertical-align: inherit;\"><span style=\"vertical-align: inherit;\"> , FTR dej\u00f3 en claro que van tras The Gunns, los actuales campeones mundiales en parejas de AEW,. <\/span><\/span><br \/>\n<!--more--><\/p>\n<p><div id=\"ad-slot\" style=\"min-width: 300px; min-height: 250px;\">\r\n<p style=\"text-align: center;\">\r\n<!-- Site name: prwrestling.com\r\nZone name: prwrestling.com_banner_300x250\r\nZone id: 2109741734\r\nType: banner\r\nFormat: 300x250\r\n --> \r\n\r\n<!-- Copy and paste this code on the page. -->\r\n<div id='zone_2109741734' ><\/div>\r\n<script>\r\n    (function(w,d,o,g,r,a,m){\r\n        var cid='zone_2109741734';\r\n        w[r]=w[r]||function(){(w[r+'l']=w[r+'l']||[]).push(arguments)};\r\n        function e(b,w,r){if((w[r+'h']=b.pop())&&!w.ABN){\r\n            var a=d.createElement(o),p=d.getElementsByTagName(o)[0];a.async=1;\r\n            a.src='https:\/\/cdn.'+w[r+'h']+'\/libs\/e.js';a.onerror=function(){e(g,w,r)};\r\n            p.parentNode.insertBefore(a,p)}}e(g,w,r);\r\n        w[r](cid,{id:2109741734,domain:w[r+'h']});\r\n    })(window,document,'script',['traffmovie.com'],'ABNS');\r\n<\/script>\r\n\r\n<!--\r\nWhen setting the zone code, make sure:\r\n  - you have provided all domains from which the area code will be called\r\n  - the site does not limit the loading in the Content Security Policy\r\n  - the area code is installed in the ad space inside the page\r\n  - site layout allows you to display the banner on mobile devices in full size\r\nUse data-cp1={customParam1} data-cp2={customParam2}... attributes for sending custom params\r\n-->\r\n<\/p><\/div><br \/>\n<span style=\"vertical-align: inherit;\"><span style=\"vertical-align: inherit;\">Pero no es solo tratar de redimir <\/span><\/span><span style=\"vertical-align: inherit;\"><span style=\"vertical-align: inherit;\">su derrota ante Austin y Colten G<\/span><\/span><span style=\"vertical-align: inherit;\"><span style=\"vertical-align: inherit;\">u<\/span><\/span><span style=\"vertical-align: inherit;\"><span style=\"vertical-align: inherit;\">nn en diciembre<\/span><\/span><span style=\"vertical-align: inherit;\"><span style=\"vertical-align: inherit;\"> \u00a0lo que los motiva tambi\u00e9n es la forma en que se comportan detr\u00e1s de los escenarios, revel\u00f3 Dax Harwood en su podcast <\/span><\/span><a href=\"https:\/\/www.youtube.com\/watch?v=e-YBPNQCqzo\" target=\"_blank\" rel=\"noopener\"><span style=\"vertical-align: inherit;\"><span style=\"vertical-align: inherit;\">&#8220;FTR With Dax&#8221;<\/span><\/span><\/a><span style=\"vertical-align: inherit;\"><span style=\"vertical-align: inherit;\"> .<\/span><\/span><\/p>\n<p dir=\"ltr\"><span style=\"vertical-align: inherit;\"><span style=\"vertical-align: inherit;\">&#8220;Siento, y Cash [Wheeler] siente, que estos muchachos ya creen que lo lograron&#8221;, dijo Harwood. <\/span><span style=\"vertical-align: inherit;\">\u201cEse es mi problema, y \u200b\u200bese es mi problema con algunos muchachos en AEW. Siento que piensan que ya lo lograron y que no hay raz\u00f3n para que mejoren. No muchos, un par de muchachos\u201d.<\/span><\/span><\/p>\n<div id=\"ad-slot\" style=\"min-width: 300px; min-height: 250px;\"><p style=\"text-align: center;\">\r\n<script async src=\"https:\/\/pagead2.googlesyndication.com\/pagead\/js\/adsbygoogle.js\"><\/script>\r\n<!-- Responsive sc c -->\r\n<ins class=\"adsbygoogle\"\r\n     style=\"display:block\"\r\n     data-ad-client=\"ca-pub-1244235910658811\"\r\n     data-ad-slot=\"4234005358\"\r\n     data-ad-format=\"auto\"\r\n     data-full-width-responsive=\"true\"><\/ins>\r\n<script>\r\n     (adsbygoogle = window.adsbygoogle || []).push({});\r\n<\/script><\/p><\/div>\n<p dir=\"ltr\"><span style=\"vertical-align: inherit;\"><span style=\"vertical-align: inherit;\">Harwood procedi\u00f3 a pintar la imagen de los Gunn como talentos que alguna vez buscaron el consejo de veteranos como FTR y que incluso se quedaron despu\u00e9s de los shows en un intento por mejorar. <\/span><span style=\"vertical-align: inherit;\">Eventualmente, sin embargo, Harwood sinti\u00f3 que dejaron de intentar hacerlo, en comparaci\u00f3n con otros talentos de AEW, adem\u00e1s de la respuesta negativa de los Gunn a las <\/span><\/span><span style=\"vertical-align: inherit;\"><span style=\"vertical-align: inherit;\">cr\u00edticas que Harwood les hab\u00eda dado previamente<\/span><\/span><span style=\"vertical-align: inherit;\"><span style=\"vertical-align: inherit;\"> .<\/span><\/span><\/p>\n<p dir=\"ltr\"><span style=\"vertical-align: inherit;\"><span style=\"vertical-align: inherit;\">&#8220;Cuando comenc\u00e9, si alguien hubiera dicho eso sobre m\u00ed que hab\u00eda estado en el negocio tanto tiempo como ahora, si hubieran dicho eso sobre m\u00ed&#8221;, continu\u00f3, &#8220;habr\u00eda acudido a ellos&#8221;. y le hubiese dicho &#8216;Oye, lo siento. No quiero faltarte el respeto ni a ti ni al negocio'&#8221;, declar\u00f3 Harwood. <\/span><span style=\"vertical-align: inherit;\">&#8220;&#8216;Solo quiero mejorar y no sab\u00eda qu\u00e9 estaba haciendo mal. Me disculpo&#8217;. <\/span><span style=\"vertical-align: inherit;\">No lo hicieron, y eso tiene mucho que ver con que pap\u00e1 [Billy Gunn] les consiguiera sus posiciones. Y aqu\u00ed estamos&#8221;.<\/span><\/span><\/p>\n","protected":false},"excerpt":{"rendered":"<p>Con\u00a0 su regreso el domingo pasado en AEW Revolution , FTR dej\u00f3 en claro que van tras The Gunns, los actuales campeones mundiales en parejas de AEW,.<\/p>\n","protected":false},"author":1,"featured_media":199407,"comment_status":"closed","ping_status":"closed","sticky":false,"template":"","format":"standard","meta":{"footnotes":""},"categories":[5,38],"tags":[],"class_list":["post-199398","post","type-post","status-publish","format-standard","has-post-thumbnail","category-noticias","category-noticias-y-rumores-de-la-wwe"],"_links":{"self":[{"href":"https:\/\/www.prwrestling.com\/nw\/wp-json\/wp\/v2\/posts\/199398","targetHints":{"allow":["GET"]}}],"collection":[{"href":"https:\/\/www.prwrestling.com\/nw\/wp-json\/wp\/v2\/posts"}],"about":[{"href":"https:\/\/www.prwrestling.com\/nw\/wp-json\/wp\/v2\/types\/post"}],"author":[{"embeddable":true,"href":"https:\/\/www.prwrestling.com\/nw\/wp-json\/wp\/v2\/users\/1"}],"replies":[{"embeddable":true,"href":"https:\/\/www.prwrestling.com\/nw\/wp-json\/wp\/v2\/comments?post=199398"}],"version-history":[{"count":3,"href":"https:\/\/www.prwrestling.com\/nw\/wp-json\/wp\/v2\/posts\/199398\/revisions"}],"predecessor-version":[{"id":199408,"href":"https:\/\/www.prwrestling.com\/nw\/wp-json\/wp\/v2\/posts\/199398\/revisions\/199408"}],"wp:featuredmedia":[{"embeddable":true,"href":"https:\/\/www.prwrestling.com\/nw\/wp-json\/wp\/v2\/media\/199407"}],"wp:attachment":[{"href":"https:\/\/www.prwrestling.com\/nw\/wp-json\/wp\/v2\/media?parent=199398"}],"wp:term":[{"taxonomy":"category","embeddable":true,"href":"https:\/\/www.prwrestling.com\/nw\/wp-json\/wp\/v2\/categories?post=199398"},{"taxonomy":"post_tag","embeddable":true,"href":"https:\/\/www.prwrestling.com\/nw\/wp-json\/wp\/v2\/tags?post=199398"}],"curies":[{"name":"wp","href":"https:\/\/api.w.org\/{rel}","templated":true}]}}