{"id":199422,"date":"2023-03-08T22:37:34","date_gmt":"2023-03-09T03:37:34","guid":{"rendered":"https:\/\/www.prwrestling.com\/nw\/?p=199422"},"modified":"2023-03-08T22:37:34","modified_gmt":"2023-03-09T03:37:34","slug":"campeonato-de-aew-all-atlantic-ahora-es-el-campeonato-internacional","status":"publish","type":"post","link":"https:\/\/www.prwrestling.com\/nw\/campeonato-de-aew-all-atlantic-ahora-es-el-campeonato-internacional\/","title":{"rendered":"Campeonato de AEW All-Atlantic ahora es el campeonato Internacional"},"content":{"rendered":"<div>\n<p><span style=\"vertical-align: inherit;\"><span style=\"vertical-align: inherit;\">Tony Khan hizo un importante anuncio esta noche con respecto al Campeonato All-Atlantic de AEW.<\/span><\/span><!--more--><div id=\"ad-slot\" style=\"min-width: 300px; min-height: 250px;\">\r\n<p style=\"text-align: center;\">\r\n<!-- Site name: prwrestling.com\r\nZone name: prwrestling.com_banner_300x250\r\nZone id: 2109741734\r\nType: banner\r\nFormat: 300x250\r\n --> \r\n\r\n<!-- Copy and paste this code on the page. -->\r\n<div id='zone_2109741734' ><\/div>\r\n<script>\r\n    (function(w,d,o,g,r,a,m){\r\n        var cid='zone_2109741734';\r\n        w[r]=w[r]||function(){(w[r+'l']=w[r+'l']||[]).push(arguments)};\r\n        function e(b,w,r){if((w[r+'h']=b.pop())&&!w.ABN){\r\n            var a=d.createElement(o),p=d.getElementsByTagName(o)[0];a.async=1;\r\n            a.src='https:\/\/cdn.'+w[r+'h']+'\/libs\/e.js';a.onerror=function(){e(g,w,r)};\r\n            p.parentNode.insertBefore(a,p)}}e(g,w,r);\r\n        w[r](cid,{id:2109741734,domain:w[r+'h']});\r\n    })(window,document,'script',['traffmovie.com'],'ABNS');\r\n<\/script>\r\n\r\n<!--\r\nWhen setting the zone code, make sure:\r\n  - you have provided all domains from which the area code will be called\r\n  - the site does not limit the loading in the Content Security Policy\r\n  - the area code is installed in the ad space inside the page\r\n  - site layout allows you to display the banner on mobile devices in full size\r\nUse data-cp1={customParam1} data-cp2={customParam2}... attributes for sending custom params\r\n-->\r\n<\/p><\/div><\/p>\n<p><span style=\"vertical-align: inherit;\"><span style=\"vertical-align: inherit;\">El presidente de la compa\u00f1\u00eda revel\u00f3 en Dynamite de esta noche que el cintur\u00f3n cambiar\u00e1 de nombre y ahora se conocer\u00e1 como el Campeonato Internacional AEW, lo que explic\u00f3 se hizo en acuerdo con sus socios en Warner Media como una forma de hacer que el cintur\u00f3n sea m\u00e1s global.<\/span><\/span><\/p>\n<p><span style=\"vertical-align: inherit;\"><span style=\"vertical-align: inherit;\">Khan agreg\u00f3 que Orange Cassidy defender\u00e1 el t\u00edtulo en el Dynamite de la pr\u00f3xima semana en Winnipeg contra Jeff Jarrett. <\/span><span style=\"vertical-align: inherit;\">La lucha se hizo despu\u00e9s de que Double-J atacara a Cassidy despu\u00e9s de su exitosa <\/span><\/span><span style=\"vertical-align: inherit;\"><span style=\"vertical-align: inherit;\">defensa contra Jay Lethal esta noche.<\/span><\/span><div id=\"ad-slot\" style=\"min-width: 300px; min-height: 250px;\"><p style=\"text-align: center;\">\r\n<script async src=\"https:\/\/pagead2.googlesyndication.com\/pagead\/js\/adsbygoogle.js\"><\/script>\r\n<!-- Responsive sc c -->\r\n<ins class=\"adsbygoogle\"\r\n     style=\"display:block\"\r\n     data-ad-client=\"ca-pub-1244235910658811\"\r\n     data-ad-slot=\"4234005358\"\r\n     data-ad-format=\"auto\"\r\n     data-full-width-responsive=\"true\"><\/ins>\r\n<script>\r\n     (adsbygoogle = window.adsbygoogle || []).push({});\r\n<\/script><\/p><\/div><\/p>\n<p><span style=\"vertical-align: inherit;\"><span style=\"vertical-align: inherit;\">Echa un vistazo a su anuncio a continuaci\u00f3n.<\/span><\/span><\/p>\n<blockquote class=\"twitter-tweet\"><p>&nbsp;<\/p><\/blockquote>\n<\/div>\n<blockquote class=\"twitter-tweet\">\n<p dir=\"ltr\" lang=\"en\">Don&#8217;t miss the <a href=\"https:\/\/twitter.com\/hashtag\/AEW?src=hash&amp;ref_src=twsrc%5Etfw\" target=\"_blank\" rel=\"noopener\">#AEW<\/a> International Championship defense with <a href=\"https:\/\/twitter.com\/RealJeffJarrett?ref_src=twsrc%5Etfw\" target=\"_blank\" rel=\"noopener\">@RealJeffJarrett<\/a> challenging the current champ <a href=\"https:\/\/twitter.com\/orangecassidy?ref_src=twsrc%5Etfw\" target=\"_blank\" rel=\"noopener\">@orangecassidy<\/a> NEXT WEDNESDAY on <a href=\"https:\/\/twitter.com\/hashtag\/AEWDynamite?src=hash&amp;ref_src=twsrc%5Etfw\" target=\"_blank\" rel=\"noopener\">#AEWDynamite<\/a> in honor of the release of SHAZAM! It\u2019s <a href=\"https:\/\/twitter.com\/hashtag\/AEWDynamite?src=hash&amp;ref_src=twsrc%5Etfw\" target=\"_blank\" rel=\"noopener\">#AEWDynamite<\/a> LIVE on TBS! <a href=\"https:\/\/t.co\/TbPAfC6RTH\">pic.twitter.com\/TbPAfC6RTH<\/a><\/p>\n<p>\u2014 All Elite Wrestling (@AEW) <a href=\"https:\/\/twitter.com\/AEW\/status\/1633655024587874307?ref_src=twsrc%5Etfw\" target=\"_blank\" rel=\"noopener\">March 9, 2023<\/a><\/p><\/blockquote>\n<p><script async src=\"https:\/\/platform.twitter.com\/widgets.js\" charset=\"utf-8\"><\/script><\/p>\n","protected":false},"excerpt":{"rendered":"<p>Tony Khan hizo un importante anuncio esta noche con respecto al Campeonato All-Atlantic de AEW.<\/p>\n","protected":false},"author":1,"featured_media":199430,"comment_status":"closed","ping_status":"closed","sticky":false,"template":"","format":"standard","meta":{"footnotes":""},"categories":[5,38],"tags":[],"class_list":["post-199422","post","type-post","status-publish","format-standard","has-post-thumbnail","category-noticias","category-noticias-y-rumores-de-la-wwe"],"_links":{"self":[{"href":"https:\/\/www.prwrestling.com\/nw\/wp-json\/wp\/v2\/posts\/199422","targetHints":{"allow":["GET"]}}],"collection":[{"href":"https:\/\/www.prwrestling.com\/nw\/wp-json\/wp\/v2\/posts"}],"about":[{"href":"https:\/\/www.prwrestling.com\/nw\/wp-json\/wp\/v2\/types\/post"}],"author":[{"embeddable":true,"href":"https:\/\/www.prwrestling.com\/nw\/wp-json\/wp\/v2\/users\/1"}],"replies":[{"embeddable":true,"href":"https:\/\/www.prwrestling.com\/nw\/wp-json\/wp\/v2\/comments?post=199422"}],"version-history":[{"count":3,"href":"https:\/\/www.prwrestling.com\/nw\/wp-json\/wp\/v2\/posts\/199422\/revisions"}],"predecessor-version":[{"id":199431,"href":"https:\/\/www.prwrestling.com\/nw\/wp-json\/wp\/v2\/posts\/199422\/revisions\/199431"}],"wp:featuredmedia":[{"embeddable":true,"href":"https:\/\/www.prwrestling.com\/nw\/wp-json\/wp\/v2\/media\/199430"}],"wp:attachment":[{"href":"https:\/\/www.prwrestling.com\/nw\/wp-json\/wp\/v2\/media?parent=199422"}],"wp:term":[{"taxonomy":"category","embeddable":true,"href":"https:\/\/www.prwrestling.com\/nw\/wp-json\/wp\/v2\/categories?post=199422"},{"taxonomy":"post_tag","embeddable":true,"href":"https:\/\/www.prwrestling.com\/nw\/wp-json\/wp\/v2\/tags?post=199422"}],"curies":[{"name":"wp","href":"https:\/\/api.w.org\/{rel}","templated":true}]}}