{"id":200547,"date":"2023-03-18T18:19:45","date_gmt":"2023-03-18T22:19:45","guid":{"rendered":"https:\/\/www.prwrestling.com\/nw\/?p=200547"},"modified":"2023-03-18T18:19:45","modified_gmt":"2023-03-18T22:19:45","slug":"shawn-michaels-revela-por-que-nunca-lucho-ante-the-rock","status":"publish","type":"post","link":"https:\/\/www.prwrestling.com\/nw\/shawn-michaels-revela-por-que-nunca-lucho-ante-the-rock\/","title":{"rendered":"Shawn Michaels revela por qu\u00e9 nunca luch\u00f3 ante The Rock"},"content":{"rendered":"<p><span style=\"vertical-align: inherit;\"><span style=\"vertical-align: inherit;\">A lo largo de sus carreras en la WWE, The Rock y Shawn Michaels se enfrentaron a algunos de los nombres m\u00e1s importantes del negocio. <\/span><\/span><!--more--><div id=\"ad-slot\" style=\"min-width: 300px; min-height: 250px;\">\r\n<p style=\"text-align: center;\">\r\n<!-- Site name: prwrestling.com\r\nZone name: prwrestling.com_banner_300x250\r\nZone id: 2109741734\r\nType: banner\r\nFormat: 300x250\r\n --> \r\n\r\n<!-- Copy and paste this code on the page. -->\r\n<div id='zone_2109741734' ><\/div>\r\n<script>\r\n    (function(w,d,o,g,r,a,m){\r\n        var cid='zone_2109741734';\r\n        w[r]=w[r]||function(){(w[r+'l']=w[r+'l']||[]).push(arguments)};\r\n        function e(b,w,r){if((w[r+'h']=b.pop())&&!w.ABN){\r\n            var a=d.createElement(o),p=d.getElementsByTagName(o)[0];a.async=1;\r\n            a.src='https:\/\/cdn.'+w[r+'h']+'\/libs\/e.js';a.onerror=function(){e(g,w,r)};\r\n            p.parentNode.insertBefore(a,p)}}e(g,w,r);\r\n        w[r](cid,{id:2109741734,domain:w[r+'h']});\r\n    })(window,document,'script',['traffmovie.com'],'ABNS');\r\n<\/script>\r\n\r\n<!--\r\nWhen setting the zone code, make sure:\r\n  - you have provided all domains from which the area code will be called\r\n  - the site does not limit the loading in the Content Security Policy\r\n  - the area code is installed in the ad space inside the page\r\n  - site layout allows you to display the banner on mobile devices in full size\r\nUse data-cp1={customParam1} data-cp2={customParam2}... attributes for sending custom params\r\n-->\r\n<\/p><\/div><\/p>\n<p><span style=\"vertical-align: inherit;\"><span style=\"vertical-align: inherit;\">Sin embargo, en particular, nunca lucharon entre s\u00ed, lo que gener\u00f3 rumores de tensi\u00f3n y animosidad entre los dos hombres que se remontan a la d\u00e9cada de 1990. <\/span><span style=\"vertical-align: inherit;\">Ahora parece que Michaels ha revelado por qu\u00e9 nunca sucedi\u00f3 una pelea entre los dos.<\/span><\/span><\/p>\n<p><span style=\"vertical-align: inherit;\"><span style=\"vertical-align: inherit;\">Mientras hablaba en una nueva entrevista con\u00a0 <\/span><\/span><a href=\"https:\/\/www.dailymail.co.uk\/sport\/wwe\/article-11875587\/Shawn-Michaels-opens-never-faced-Rock-legendary-WWE-career.html\" target=\"_blank\" rel=\"noreferrer noopener\"><span style=\"vertical-align: inherit;\"><span style=\"vertical-align: inherit;\">Alex McCarthy para el Daily Mail<\/span><\/span><\/a><span style=\"vertical-align: inherit;\"><span style=\"vertical-align: inherit;\"> , Shawn Michaels abord\u00f3 la tensi\u00f3n que se rumoreaba desde hace mucho tiempo entre \u00e9l y Dwayne Johnson y el hecho de que nunca tuvieron una lucha de ensue\u00f1o entre ellos.<\/span><\/span><div id=\"ad-slot\" style=\"min-width: 300px; min-height: 250px;\"><p style=\"text-align: center;\">\r\n<script async src=\"https:\/\/pagead2.googlesyndication.com\/pagead\/js\/adsbygoogle.js\"><\/script>\r\n<!-- Responsive sc c -->\r\n<ins class=\"adsbygoogle\"\r\n     style=\"display:block\"\r\n     data-ad-client=\"ca-pub-1244235910658811\"\r\n     data-ad-slot=\"4234005358\"\r\n     data-ad-format=\"auto\"\r\n     data-full-width-responsive=\"true\"><\/ins>\r\n<script>\r\n     (adsbygoogle = window.adsbygoogle || []).push({});\r\n<\/script><\/p><\/div><\/p>\n<blockquote class=\"wp-block-quote\"><p><span style=\"vertical-align: inherit;\"><span style=\"vertical-align: inherit;\">\u201cTodos conocen la historia de yo siendo dif\u00edcil, teniendo un gran cambio de coraz\u00f3n y regresando en 2002. Siempre estuve abierto a eso, pero no funcion\u00f3. <\/span><span style=\"vertical-align: inherit;\">Se convirti\u00f3 en un hombre incre\u00edblemente ocupado y un tipo famoso y todo lo dem\u00e1s, y me imagino que sus prioridades cambiaron un poco, y las cosas que quer\u00eda hacer creo que las hizo y lo respeto.<\/span><\/span><\/p>\n<p><span style=\"vertical-align: inherit;\"><span style=\"vertical-align: inherit;\">Todos cambiamos y crecemos&#8217;, dijo. <\/span><span style=\"vertical-align: inherit;\">\u201cPor mi parte, siempre vuelvo al Sal\u00f3n de la Fama cuando nos vimos, hablamos e hicimos las paces. <\/span><span style=\"vertical-align: inherit;\">Pero eso es lo que he tenido la oportunidad de hacer con todas las personas con las que he trabajado y eso es lo m\u00e1s importante para m\u00ed\u201d.<\/span><\/span><\/p><\/blockquote>\n","protected":false},"excerpt":{"rendered":"<p>A lo largo de sus carreras en la WWE, The Rock y Shawn Michaels se enfrentaron a algunos de los nombres m\u00e1s importantes del negocio.<\/p>\n","protected":false},"author":1,"featured_media":126603,"comment_status":"closed","ping_status":"closed","sticky":false,"template":"","format":"standard","meta":{"footnotes":""},"categories":[5,38],"tags":[],"class_list":["post-200547","post","type-post","status-publish","format-standard","has-post-thumbnail","category-noticias","category-noticias-y-rumores-de-la-wwe"],"_links":{"self":[{"href":"https:\/\/www.prwrestling.com\/nw\/wp-json\/wp\/v2\/posts\/200547","targetHints":{"allow":["GET"]}}],"collection":[{"href":"https:\/\/www.prwrestling.com\/nw\/wp-json\/wp\/v2\/posts"}],"about":[{"href":"https:\/\/www.prwrestling.com\/nw\/wp-json\/wp\/v2\/types\/post"}],"author":[{"embeddable":true,"href":"https:\/\/www.prwrestling.com\/nw\/wp-json\/wp\/v2\/users\/1"}],"replies":[{"embeddable":true,"href":"https:\/\/www.prwrestling.com\/nw\/wp-json\/wp\/v2\/comments?post=200547"}],"version-history":[{"count":3,"href":"https:\/\/www.prwrestling.com\/nw\/wp-json\/wp\/v2\/posts\/200547\/revisions"}],"predecessor-version":[{"id":200560,"href":"https:\/\/www.prwrestling.com\/nw\/wp-json\/wp\/v2\/posts\/200547\/revisions\/200560"}],"wp:featuredmedia":[{"embeddable":true,"href":"https:\/\/www.prwrestling.com\/nw\/wp-json\/wp\/v2\/media\/126603"}],"wp:attachment":[{"href":"https:\/\/www.prwrestling.com\/nw\/wp-json\/wp\/v2\/media?parent=200547"}],"wp:term":[{"taxonomy":"category","embeddable":true,"href":"https:\/\/www.prwrestling.com\/nw\/wp-json\/wp\/v2\/categories?post=200547"},{"taxonomy":"post_tag","embeddable":true,"href":"https:\/\/www.prwrestling.com\/nw\/wp-json\/wp\/v2\/tags?post=200547"}],"curies":[{"name":"wp","href":"https:\/\/api.w.org\/{rel}","templated":true}]}}