{"id":201522,"date":"2023-03-27T18:25:46","date_gmt":"2023-03-27T22:25:46","guid":{"rendered":"https:\/\/www.prwrestling.com\/nw\/?p=201522"},"modified":"2023-03-27T18:29:06","modified_gmt":"2023-03-27T22:29:06","slug":"jazz-acusa-a-wwe-de-robarse-sus-ideas-antes-de-ser-liberada","status":"publish","type":"post","link":"https:\/\/www.prwrestling.com\/nw\/jazz-acusa-a-wwe-de-robarse-sus-ideas-antes-de-ser-liberada\/","title":{"rendered":"Jazz acusa a WWE de robarse sus ideas antes de ser liberada"},"content":{"rendered":"<p><span style=\"vertical-align: inherit;\"><span style=\"vertical-align: inherit;\">La ex <\/span><\/span><span style=\"vertical-align: inherit;\"><span style=\"vertical-align: inherit;\">superestrella de la WWE, Jazz,<\/span><\/span><span style=\"vertical-align: inherit;\"><span style=\"vertical-align: inherit;\"> fue uno de los aspectos m\u00e1s destacados de la divisi\u00f3n femenina desde principios hasta mediados de la d\u00e9cada de 2000. <\/span><\/span><!--more--><div id=\"ad-slot\" style=\"min-width: 300px; min-height: 250px;\">\r\n<p style=\"text-align: center;\">\r\n<!-- Site name: prwrestling.com\r\nZone name: prwrestling.com_banner_300x250\r\nZone id: 2109741734\r\nType: banner\r\nFormat: 300x250\r\n --> \r\n\r\n<!-- Copy and paste this code on the page. -->\r\n<div id='zone_2109741734' ><\/div>\r\n<script>\r\n    (function(w,d,o,g,r,a,m){\r\n        var cid='zone_2109741734';\r\n        w[r]=w[r]||function(){(w[r+'l']=w[r+'l']||[]).push(arguments)};\r\n        function e(b,w,r){if((w[r+'h']=b.pop())&&!w.ABN){\r\n            var a=d.createElement(o),p=d.getElementsByTagName(o)[0];a.async=1;\r\n            a.src='https:\/\/cdn.'+w[r+'h']+'\/libs\/e.js';a.onerror=function(){e(g,w,r)};\r\n            p.parentNode.insertBefore(a,p)}}e(g,w,r);\r\n        w[r](cid,{id:2109741734,domain:w[r+'h']});\r\n    })(window,document,'script',['traffmovie.com'],'ABNS');\r\n<\/script>\r\n\r\n<!--\r\nWhen setting the zone code, make sure:\r\n  - you have provided all domains from which the area code will be called\r\n  - the site does not limit the loading in the Content Security Policy\r\n  - the area code is installed in the ad space inside the page\r\n  - site layout allows you to display the banner on mobile devices in full size\r\nUse data-cp1={customParam1} data-cp2={customParam2}... attributes for sending custom params\r\n-->\r\n<\/p><\/div><\/p>\n<p><span style=\"vertical-align: inherit;\"><span style=\"vertical-align: inherit;\">La dos veces campeona femenina tambi\u00e9n tuvo dificultades para conseguir tiempo de televisi\u00f3n en la marca ECW renovada de WWE. <\/span><\/span><\/p>\n<p><span style=\"vertical-align: inherit;\"><span style=\"vertical-align: inherit;\">Durante su tiempo all\u00ed, Stephanie McMahon le pidi\u00f3 que presentara ideas para las historias. <\/span><span style=\"vertical-align: inherit;\">Esta fue una oportunidad importante para que Jazz mostrara su creatividad y pasi\u00f3n por la lucha libre.<\/span><\/span><div id=\"ad-slot\" style=\"min-width: 300px; min-height: 250px;\"><p style=\"text-align: center;\">\r\n<script async src=\"https:\/\/pagead2.googlesyndication.com\/pagead\/js\/adsbygoogle.js\"><\/script>\r\n<!-- Responsive sc c -->\r\n<ins class=\"adsbygoogle\"\r\n     style=\"display:block\"\r\n     data-ad-client=\"ca-pub-1244235910658811\"\r\n     data-ad-slot=\"4234005358\"\r\n     data-ad-format=\"auto\"\r\n     data-full-width-responsive=\"true\"><\/ins>\r\n<script>\r\n     (adsbygoogle = window.adsbygoogle || []).push({});\r\n<\/script><\/p><\/div><\/p>\n<p><span style=\"vertical-align: inherit;\"><span style=\"vertical-align: inherit;\">Jazz puso mucho esfuerzo en la elaboraci\u00f3n de su idea de la historia, y cuando se la envi\u00f3 a Stephanie, estaba encantada de recibir comentarios positivos. <\/span><span style=\"vertical-align: inherit;\">Sin embargo, Stephanie ten\u00eda buenas y malas noticias para compartir. <\/span><span style=\"vertical-align: inherit;\">seg\u00fan cuenta la luchadora en una entrevista <\/span><\/span><a href=\"https:\/\/youtu.be\/rYil3Ox9ZbU\" target=\"_blank\" rel=\"noopener\"><span style=\"vertical-align: inherit;\"><span style=\"vertical-align: inherit;\">con Cafe de Rene<\/span><\/span><\/a><span style=\"vertical-align: inherit;\"><span style=\"vertical-align: inherit;\"> .<\/span><\/span><\/p>\n<blockquote class=\"wp-block-quote\"><p><span style=\"vertical-align: inherit;\"><span style=\"vertical-align: inherit;\">\u201cStephanie lo vio, me refiero a lo ley\u00f3 y todo. <\/span><span style=\"vertical-align: inherit;\">Un par de semanas despu\u00e9s, volvi\u00f3 a mi y me dijo: &#8216;Jazz, tengo buenas y malas noticias&#8217;. <\/span><span style=\"vertical-align: inherit;\">Ella dice, &#8216;\u00bfcu\u00e1l quieres primero?&#8217; <\/span><span style=\"vertical-align: inherit;\">Yo estaba como, &#8216;solo t\u00edramelo como quieras d\u00e1rmelo&#8217;, ya sabes. <\/span><\/span><\/p>\n<p><span style=\"vertical-align: inherit;\"><span style=\"vertical-align: inherit;\">Ella dijo, &#8216;la buena noticia es que nos encant\u00f3. <\/span><span style=\"vertical-align: inherit;\">La mala noticia es que se lo daremos a otra persona. <\/span><span style=\"vertical-align: inherit;\">Yo estaba como, &#8216;\u00a1guau!&#8217;<\/span><\/span><\/p><\/blockquote>\n<p><span style=\"vertical-align: inherit;\"><span style=\"vertical-align: inherit;\">Jazz se sorprendi\u00f3 por la noticia ya que se <\/span><span style=\"vertical-align: inherit;\">hab\u00eda esforzado mucho en su presentaci\u00f3n y se sinti\u00f3 decepcionada al saber que su idea no ser\u00eda utilizada.\u00a0<\/span><\/span><\/p>\n<p><span style=\"vertical-align: inherit;\">Desafortunadamente, la compa\u00f1\u00eda la liber\u00f3 de su contrato en 2004, dej\u00e1ndola insegura sobre su futuro en la lucha libre profesional en ese entonces.<\/span><\/p>\n<figure class=\"wp-block-embed is-type-video is-provider-youtube wp-block-embed-youtube wp-embed-aspect-16-9 wp-has-aspect-ratio\"><\/figure>\n","protected":false},"excerpt":{"rendered":"<p>La ex superestrella de la WWE, Jazz, fue uno de los aspectos m\u00e1s destacados de la divisi\u00f3n femenina desde principios hasta mediados de la d\u00e9cada de 2000.<\/p>\n","protected":false},"author":1,"featured_media":201539,"comment_status":"closed","ping_status":"closed","sticky":false,"template":"","format":"standard","meta":{"footnotes":""},"categories":[5,38],"tags":[],"class_list":["post-201522","post","type-post","status-publish","format-standard","has-post-thumbnail","category-noticias","category-noticias-y-rumores-de-la-wwe"],"_links":{"self":[{"href":"https:\/\/www.prwrestling.com\/nw\/wp-json\/wp\/v2\/posts\/201522","targetHints":{"allow":["GET"]}}],"collection":[{"href":"https:\/\/www.prwrestling.com\/nw\/wp-json\/wp\/v2\/posts"}],"about":[{"href":"https:\/\/www.prwrestling.com\/nw\/wp-json\/wp\/v2\/types\/post"}],"author":[{"embeddable":true,"href":"https:\/\/www.prwrestling.com\/nw\/wp-json\/wp\/v2\/users\/1"}],"replies":[{"embeddable":true,"href":"https:\/\/www.prwrestling.com\/nw\/wp-json\/wp\/v2\/comments?post=201522"}],"version-history":[{"count":3,"href":"https:\/\/www.prwrestling.com\/nw\/wp-json\/wp\/v2\/posts\/201522\/revisions"}],"predecessor-version":[{"id":201538,"href":"https:\/\/www.prwrestling.com\/nw\/wp-json\/wp\/v2\/posts\/201522\/revisions\/201538"}],"wp:featuredmedia":[{"embeddable":true,"href":"https:\/\/www.prwrestling.com\/nw\/wp-json\/wp\/v2\/media\/201539"}],"wp:attachment":[{"href":"https:\/\/www.prwrestling.com\/nw\/wp-json\/wp\/v2\/media?parent=201522"}],"wp:term":[{"taxonomy":"category","embeddable":true,"href":"https:\/\/www.prwrestling.com\/nw\/wp-json\/wp\/v2\/categories?post=201522"},{"taxonomy":"post_tag","embeddable":true,"href":"https:\/\/www.prwrestling.com\/nw\/wp-json\/wp\/v2\/tags?post=201522"}],"curies":[{"name":"wp","href":"https:\/\/api.w.org\/{rel}","templated":true}]}}