{"id":201721,"date":"2023-03-29T00:08:24","date_gmt":"2023-03-29T04:08:24","guid":{"rendered":"https:\/\/www.prwrestling.com\/nw\/?p=201721"},"modified":"2023-03-29T00:08:24","modified_gmt":"2023-03-29T04:08:24","slug":"rey-mysterio-relata-el-momento-que-le-dijeron-seria-exaltado-al-salon-de-la-fama-wwe","status":"publish","type":"post","link":"https:\/\/www.prwrestling.com\/nw\/rey-mysterio-relata-el-momento-que-le-dijeron-seria-exaltado-al-salon-de-la-fama-wwe\/","title":{"rendered":"Rey Mysterio relata el momento que le dijeron ser\u00eda exaltado al Sal\u00f3n de la Fama WWE"},"content":{"rendered":"<div>\n<p><span style=\"vertical-align: inherit;\"><span style=\"vertical-align: inherit;\">Rey Mysterio comparte el momento en que descubri\u00f3 que ingresar\u00eda al Sal\u00f3n de la Fama de la WWE.<\/span><\/span><!--more--><br \/>\n<div id=\"ad-slot\" style=\"min-width: 300px; min-height: 250px;\">\r\n<p style=\"text-align: center;\">\r\n<!-- Site name: prwrestling.com\r\nZone name: prwrestling.com_banner_300x250\r\nZone id: 2109741734\r\nType: banner\r\nFormat: 300x250\r\n --> \r\n\r\n<!-- Copy and paste this code on the page. -->\r\n<div id='zone_2109741734' ><\/div>\r\n<script>\r\n    (function(w,d,o,g,r,a,m){\r\n        var cid='zone_2109741734';\r\n        w[r]=w[r]||function(){(w[r+'l']=w[r+'l']||[]).push(arguments)};\r\n        function e(b,w,r){if((w[r+'h']=b.pop())&&!w.ABN){\r\n            var a=d.createElement(o),p=d.getElementsByTagName(o)[0];a.async=1;\r\n            a.src='https:\/\/cdn.'+w[r+'h']+'\/libs\/e.js';a.onerror=function(){e(g,w,r)};\r\n            p.parentNode.insertBefore(a,p)}}e(g,w,r);\r\n        w[r](cid,{id:2109741734,domain:w[r+'h']});\r\n    })(window,document,'script',['traffmovie.com'],'ABNS');\r\n<\/script>\r\n\r\n<!--\r\nWhen setting the zone code, make sure:\r\n  - you have provided all domains from which the area code will be called\r\n  - the site does not limit the loading in the Content Security Policy\r\n  - the area code is installed in the ad space inside the page\r\n  - site layout allows you to display the banner on mobile devices in full size\r\nUse data-cp1={customParam1} data-cp2={customParam2}... attributes for sending custom params\r\n-->\r\n<\/p><\/div><\/p>\n<p><span style=\"vertical-align: inherit;\"><span style=\"vertical-align: inherit;\">La leyenda de la lucha libre habl\u00f3 recientemente con el New York Post y cont\u00f3 c\u00f3mo\u00a0 su sucedi\u00f3.<\/span><\/span><\/p>\n<blockquote><p><span style=\"vertical-align: inherit;\"><span style=\"vertical-align: inherit;\">Triple H me llev\u00f3 a un lado y me mencion\u00f3: &#8216;Rey, nos encantar\u00eda incluirte en el Sal\u00f3n de la Fama&#8217;. <\/span><span style=\"vertical-align: inherit;\">Fue muy impactante para m\u00ed. <\/span><span style=\"vertical-align: inherit;\">Fue como, &#8216;Guau&#8217;.<br \/>\n<div id=\"ad-slot\" style=\"min-width: 300px; min-height: 250px;\"><p style=\"text-align: center;\">\r\n<script async src=\"https:\/\/pagead2.googlesyndication.com\/pagead\/js\/adsbygoogle.js\"><\/script>\r\n<!-- Responsive sc c -->\r\n<ins class=\"adsbygoogle\"\r\n     style=\"display:block\"\r\n     data-ad-client=\"ca-pub-1244235910658811\"\r\n     data-ad-slot=\"4234005358\"\r\n     data-ad-format=\"auto\"\r\n     data-full-width-responsive=\"true\"><\/ins>\r\n<script>\r\n     (adsbygoogle = window.adsbygoogle || []).push({});\r\n<\/script><\/p><\/div><br \/>\n<\/span><span style=\"vertical-align: inherit;\">Recuerdo que las primeras palabras que salieron de mi boca fueron como: &#8216;No estoy listo para retirarme. <\/span><span style=\"vertical-align: inherit;\">\u00c9l dice: &#8216;No, no es as\u00ed&#8217;.<\/span><\/span><\/p><\/blockquote>\n<p><span style=\"vertical-align: inherit;\"><span style=\"vertical-align: inherit;\">Manteni\u00e9ndose en el tema, el ex campe\u00f3n mundial explic\u00f3 por qu\u00e9 siempre asoci\u00f3 una inducci\u00f3n al Sal\u00f3n de la Fama con retirarse, y luego confirm\u00f3 que planea luchar hasta que tenga al menos 50 a\u00f1os.<\/span><\/span><\/p>\n<blockquote><p><span style=\"vertical-align: inherit;\"><span style=\"vertical-align: inherit;\">Todav\u00eda me cuesta digerirlo porque se supone que el Sal\u00f3n de la Fama ocurre cuando te jubilas, cuando te est\u00e1s acercando a la jubilaci\u00f3n. <\/span><span style=\"vertical-align: inherit;\">No siento que ninguno de ellos sea cercano para m\u00ed, pero es una gran bendici\u00f3n. <\/span><span style=\"vertical-align: inherit;\">Creo que tengo un n\u00famero y quiero mantenerlo y mi n\u00famero es 50. Espero que a los 50 pueda seguir adelante y decir que ha sido un viaje incre\u00edble y creo que es hora de dar un paso atr\u00e1s ahora.<\/span><\/span><\/p><\/blockquote>\n<p>&nbsp;<\/p>\n<\/div>\n","protected":false},"excerpt":{"rendered":"<p>Rey Mysterio comparte el momento en que descubri\u00f3 que ingresar\u00eda al Sal\u00f3n de la Fama de la WWE.<\/p>\n","protected":false},"author":1,"featured_media":124416,"comment_status":"closed","ping_status":"closed","sticky":false,"template":"","format":"standard","meta":{"footnotes":""},"categories":[5,38],"tags":[],"class_list":["post-201721","post","type-post","status-publish","format-standard","has-post-thumbnail","category-noticias","category-noticias-y-rumores-de-la-wwe"],"_links":{"self":[{"href":"https:\/\/www.prwrestling.com\/nw\/wp-json\/wp\/v2\/posts\/201721","targetHints":{"allow":["GET"]}}],"collection":[{"href":"https:\/\/www.prwrestling.com\/nw\/wp-json\/wp\/v2\/posts"}],"about":[{"href":"https:\/\/www.prwrestling.com\/nw\/wp-json\/wp\/v2\/types\/post"}],"author":[{"embeddable":true,"href":"https:\/\/www.prwrestling.com\/nw\/wp-json\/wp\/v2\/users\/1"}],"replies":[{"embeddable":true,"href":"https:\/\/www.prwrestling.com\/nw\/wp-json\/wp\/v2\/comments?post=201721"}],"version-history":[{"count":3,"href":"https:\/\/www.prwrestling.com\/nw\/wp-json\/wp\/v2\/posts\/201721\/revisions"}],"predecessor-version":[{"id":201730,"href":"https:\/\/www.prwrestling.com\/nw\/wp-json\/wp\/v2\/posts\/201721\/revisions\/201730"}],"wp:featuredmedia":[{"embeddable":true,"href":"https:\/\/www.prwrestling.com\/nw\/wp-json\/wp\/v2\/media\/124416"}],"wp:attachment":[{"href":"https:\/\/www.prwrestling.com\/nw\/wp-json\/wp\/v2\/media?parent=201721"}],"wp:term":[{"taxonomy":"category","embeddable":true,"href":"https:\/\/www.prwrestling.com\/nw\/wp-json\/wp\/v2\/categories?post=201721"},{"taxonomy":"post_tag","embeddable":true,"href":"https:\/\/www.prwrestling.com\/nw\/wp-json\/wp\/v2\/tags?post=201721"}],"curies":[{"name":"wp","href":"https:\/\/api.w.org\/{rel}","templated":true}]}}