{"id":202638,"date":"2023-04-08T11:02:13","date_gmt":"2023-04-08T15:02:13","guid":{"rendered":"https:\/\/www.prwrestling.com\/nw\/?p=202638"},"modified":"2023-04-08T11:02:13","modified_gmt":"2023-04-08T15:02:13","slug":"posible-motivo-del-ataque-de-brock-lesnar-a-cody-rhodes-en-raw","status":"publish","type":"post","link":"https:\/\/www.prwrestling.com\/nw\/posible-motivo-del-ataque-de-brock-lesnar-a-cody-rhodes-en-raw\/","title":{"rendered":"Posible motivo del ataque de Brock Lesnar a Cody Rhodes en Raw"},"content":{"rendered":"<p><span style=\"vertical-align: inherit;\"><span style=\"vertical-align: inherit;\">Como vimos en &#8220;<a href=\"https:\/\/www.prwrestling.com\/nw\/reporte-wwe-raw-4-3-lesnar-ataca-a-cody\/\">WWE Raw<\/a>&#8221; del lunes, Brock Lesnar <\/span><\/span><span style=\"vertical-align: inherit;\"><span style=\"vertical-align: inherit;\">le dio la espalda a Cody Rhodes<\/span><\/span><span style=\"vertical-align: inherit;\"><span style=\"vertical-align: inherit;\"> , entregando m\u00faltiples suplexes y F-5 a &#8220;The American Nightmare&#8221; cuando &#8220;Raw&#8221; sali\u00f3 del aire. <\/span><\/span><!--more--><div id=\"ad-slot\" style=\"min-width: 300px; min-height: 250px;\">\r\n<p style=\"text-align: center;\">\r\n<!-- Site name: prwrestling.com\r\nZone name: prwrestling.com_banner_300x250\r\nZone id: 2109741734\r\nType: banner\r\nFormat: 300x250\r\n --> \r\n\r\n<!-- Copy and paste this code on the page. -->\r\n<div id='zone_2109741734' ><\/div>\r\n<script>\r\n    (function(w,d,o,g,r,a,m){\r\n        var cid='zone_2109741734';\r\n        w[r]=w[r]||function(){(w[r+'l']=w[r+'l']||[]).push(arguments)};\r\n        function e(b,w,r){if((w[r+'h']=b.pop())&&!w.ABN){\r\n            var a=d.createElement(o),p=d.getElementsByTagName(o)[0];a.async=1;\r\n            a.src='https:\/\/cdn.'+w[r+'h']+'\/libs\/e.js';a.onerror=function(){e(g,w,r)};\r\n            p.parentNode.insertBefore(a,p)}}e(g,w,r);\r\n        w[r](cid,{id:2109741734,domain:w[r+'h']});\r\n    })(window,document,'script',['traffmovie.com'],'ABNS');\r\n<\/script>\r\n\r\n<!--\r\nWhen setting the zone code, make sure:\r\n  - you have provided all domains from which the area code will be called\r\n  - the site does not limit the loading in the Content Security Policy\r\n  - the area code is installed in the ad space inside the page\r\n  - site layout allows you to display the banner on mobile devices in full size\r\nUse data-cp1={customParam1} data-cp2={customParam2}... attributes for sending custom params\r\n-->\r\n<\/p><\/div><\/p>\n<p><span style=\"vertical-align: inherit;\"><span class=\"\" style=\"vertical-align: inherit;\">Es posible que no tengamos una raz\u00f3n de por qu\u00e9 de la fuente misma, pero el comentarista de &#8220;SmackDown&#8221;, Wade Barrett, mencion\u00f3 el viernes por la noche que &#8220;escuch\u00f3&#8221; que se dec\u00eda que Lesnar estaba &#8220;enojado&#8221; debido al hecho de que su lucha contra Omos fue la alegida para comenzar el domingo las<\/span><\/span><span style=\"vertical-align: inherit;\"><span class=\"\" style=\"vertical-align: inherit;\"> festividades en WrestleMania 39<\/span><\/span><span style=\"vertical-align: inherit;\"><span class=\"\" style=\"vertical-align: inherit;\">. <\/span><span style=\"vertical-align: inherit;\">Queda por ver si esa es la verdadera raz\u00f3n detr\u00e1s de su feroz ataque el lunes.<\/span><\/span><\/p>\n<div class=\"columns-holder \">\n<p><span style=\"vertical-align: inherit;\"><span style=\"vertical-align: inherit;\">Despu\u00e9s de su angustia el domingo por la noche, Rhodes desafi\u00f3 a Roman Reigns a una revancha por su Campeonato Universal Indiscutible de la WWE el lunes por la noche. <\/span><span style=\"vertical-align: inherit;\">Cuando eso fue declinado, desafi\u00f3 a Reigns y Solo Sikoa a una lucha en parejas, que es cuando intervino Paul Heyman. <\/span><\/span><div id=\"ad-slot\" style=\"min-width: 300px; min-height: 250px;\"><p style=\"text-align: center;\">\r\n<script async src=\"https:\/\/pagead2.googlesyndication.com\/pagead\/js\/adsbygoogle.js\"><\/script>\r\n<!-- Responsive sc c -->\r\n<ins class=\"adsbygoogle\"\r\n     style=\"display:block\"\r\n     data-ad-client=\"ca-pub-1244235910658811\"\r\n     data-ad-slot=\"4234005358\"\r\n     data-ad-format=\"auto\"\r\n     data-full-width-responsive=\"true\"><\/ins>\r\n<script>\r\n     (adsbygoogle = window.adsbygoogle || []).push({});\r\n<\/script><\/p><\/div><\/p>\n<p><span style=\"vertical-align: inherit;\"><span style=\"vertical-align: inherit;\">A partir de ah\u00ed, &#8220;The Wise Man&#8221; lo hizo simple: quienquiera que eligiera asociarse con Rhodes ten\u00eda que haber competido en WrestleMania. 39, y nunca tendr\u00edan una oportunidad por el t\u00edtulo mientras Reigns tenga el oro. <\/span><span style=\"vertical-align: inherit;\">Lesnar ya fue descalificado de desafiar a Reigns por su t\u00edtulo <\/span><\/span><span style=\"vertical-align: inherit;\"><span style=\"vertical-align: inherit;\">despu\u00e9s de perder un combate de Last Man Standing en SummerSlam<\/span><\/span><span style=\"vertical-align: inherit;\"><span style=\"vertical-align: inherit;\"> en julio pasado y fue la persona que ocup\u00f3 el puesto, s\u00f3lo para traicionar a Cody m\u00e1s tarde en la noche.<\/span><\/span><\/p>\n<\/div>\n","protected":false},"excerpt":{"rendered":"<p>Como vimos en &#8220;WWE Raw&#8221; del lunes, Brock Lesnar le dio la espalda a Cody Rhodes , entregando m\u00faltiples suplexes y F-5 a &#8220;The American Nightmare&#8221; cuando &#8220;Raw&#8221; sali\u00f3 del aire.<\/p>\n","protected":false},"author":1,"featured_media":202664,"comment_status":"closed","ping_status":"closed","sticky":false,"template":"","format":"standard","meta":{"footnotes":""},"categories":[5,38],"tags":[],"class_list":["post-202638","post","type-post","status-publish","format-standard","has-post-thumbnail","category-noticias","category-noticias-y-rumores-de-la-wwe"],"_links":{"self":[{"href":"https:\/\/www.prwrestling.com\/nw\/wp-json\/wp\/v2\/posts\/202638","targetHints":{"allow":["GET"]}}],"collection":[{"href":"https:\/\/www.prwrestling.com\/nw\/wp-json\/wp\/v2\/posts"}],"about":[{"href":"https:\/\/www.prwrestling.com\/nw\/wp-json\/wp\/v2\/types\/post"}],"author":[{"embeddable":true,"href":"https:\/\/www.prwrestling.com\/nw\/wp-json\/wp\/v2\/users\/1"}],"replies":[{"embeddable":true,"href":"https:\/\/www.prwrestling.com\/nw\/wp-json\/wp\/v2\/comments?post=202638"}],"version-history":[{"count":3,"href":"https:\/\/www.prwrestling.com\/nw\/wp-json\/wp\/v2\/posts\/202638\/revisions"}],"predecessor-version":[{"id":202665,"href":"https:\/\/www.prwrestling.com\/nw\/wp-json\/wp\/v2\/posts\/202638\/revisions\/202665"}],"wp:featuredmedia":[{"embeddable":true,"href":"https:\/\/www.prwrestling.com\/nw\/wp-json\/wp\/v2\/media\/202664"}],"wp:attachment":[{"href":"https:\/\/www.prwrestling.com\/nw\/wp-json\/wp\/v2\/media?parent=202638"}],"wp:term":[{"taxonomy":"category","embeddable":true,"href":"https:\/\/www.prwrestling.com\/nw\/wp-json\/wp\/v2\/categories?post=202638"},{"taxonomy":"post_tag","embeddable":true,"href":"https:\/\/www.prwrestling.com\/nw\/wp-json\/wp\/v2\/tags?post=202638"}],"curies":[{"name":"wp","href":"https:\/\/api.w.org\/{rel}","templated":true}]}}