{"id":202898,"date":"2023-04-10T15:04:54","date_gmt":"2023-04-10T19:04:54","guid":{"rendered":"https:\/\/www.prwrestling.com\/nw\/?p=202898"},"modified":"2023-04-10T15:04:54","modified_gmt":"2023-04-10T19:04:54","slug":"nueva-actualizacion-de-bayley-y-wwe-raw-de-hoy","status":"publish","type":"post","link":"https:\/\/www.prwrestling.com\/nw\/nueva-actualizacion-de-bayley-y-wwe-raw-de-hoy\/","title":{"rendered":"Nueva actualizaci\u00f3n de Bayley y WWE Raw de hoy"},"content":{"rendered":"<div>\n<p><span style=\"vertical-align: inherit;\"><span style=\"vertical-align: inherit;\">Se ha especulado mucho sobre el estado de Bayley en la WWE despu\u00e9s de que hizo <\/span><\/span><a href=\"https:\/\/www.prwrestling.com\/nw\/acrualizacion-de-estatus-de-bayley-en-la-wwe\/\"><span style=\"vertical-align: inherit;\"><span style=\"vertical-align: inherit;\">algunos comentarios cr\u00edpticos despu\u00e9s de WrestleMania 39<\/span><\/span><\/a><span style=\"vertical-align: inherit;\"><span style=\"vertical-align: inherit;\"> . <\/span><\/span><!--more--><div id=\"ad-slot\" style=\"min-width: 300px; min-height: 250px;\">\r\n<p style=\"text-align: center;\">\r\n<!-- Site name: prwrestling.com\r\nZone name: prwrestling.com_banner_300x250\r\nZone id: 2109741734\r\nType: banner\r\nFormat: 300x250\r\n --> \r\n\r\n<!-- Copy and paste this code on the page. -->\r\n<div id='zone_2109741734' ><\/div>\r\n<script>\r\n    (function(w,d,o,g,r,a,m){\r\n        var cid='zone_2109741734';\r\n        w[r]=w[r]||function(){(w[r+'l']=w[r+'l']||[]).push(arguments)};\r\n        function e(b,w,r){if((w[r+'h']=b.pop())&&!w.ABN){\r\n            var a=d.createElement(o),p=d.getElementsByTagName(o)[0];a.async=1;\r\n            a.src='https:\/\/cdn.'+w[r+'h']+'\/libs\/e.js';a.onerror=function(){e(g,w,r)};\r\n            p.parentNode.insertBefore(a,p)}}e(g,w,r);\r\n        w[r](cid,{id:2109741734,domain:w[r+'h']});\r\n    })(window,document,'script',['traffmovie.com'],'ABNS');\r\n<\/script>\r\n\r\n<!--\r\nWhen setting the zone code, make sure:\r\n  - you have provided all domains from which the area code will be called\r\n  - the site does not limit the loading in the Content Security Policy\r\n  - the area code is installed in the ad space inside the page\r\n  - site layout allows you to display the banner on mobile devices in full size\r\nUse data-cp1={customParam1} data-cp2={customParam2}... attributes for sending custom params\r\n-->\r\n<\/p><\/div><\/p>\n<p><span style=\"vertical-align: inherit;\"><span style=\"vertical-align: inherit;\">Sin embargo, <\/span><\/span><a href=\"http:\/\/pwinsider.com\" target=\"_blank\" rel=\"noopener\"><span style=\"vertical-align: inherit;\"><span style=\"vertical-align: inherit;\">PWInsider<\/span><\/span><\/a><span style=\"vertical-align: inherit;\"><span style=\"vertical-align: inherit;\"> inform\u00f3 que Bayley ya se encuentra en el Climate Pledge Arena en Seattle, donde se llevar\u00e1 a cabo Raw, aunque no est\u00e1 claro si aparecer\u00e1 en el programa de esta noche.<\/span><\/span><\/p>\n<p><span style=\"vertical-align: inherit;\"><span style=\"vertical-align: inherit;\">Tambi\u00e9n se reiter\u00f3 que <\/span><\/span><span style=\"vertical-align: inherit;\"><span style=\"vertical-align: inherit;\">los comentarios de Bayley fueron solo parte de una historia para generar entusiasmo<\/span><\/span><span style=\"vertical-align: inherit;\"><span style=\"vertical-align: inherit;\"> , y no existe la creencia interna de que ella dejar\u00e1 la compa\u00f1\u00eda en el corto plazo.\u00a0<\/span><\/span><div id=\"ad-slot\" style=\"min-width: 300px; min-height: 250px;\"><p style=\"text-align: center;\">\r\n<script async src=\"https:\/\/pagead2.googlesyndication.com\/pagead\/js\/adsbygoogle.js\"><\/script>\r\n<!-- Responsive sc c -->\r\n<ins class=\"adsbygoogle\"\r\n     style=\"display:block\"\r\n     data-ad-client=\"ca-pub-1244235910658811\"\r\n     data-ad-slot=\"4234005358\"\r\n     data-ad-format=\"auto\"\r\n     data-full-width-responsive=\"true\"><\/ins>\r\n<script>\r\n     (adsbygoogle = window.adsbygoogle || []).push({});\r\n<\/script><\/p><\/div><\/p>\n<p><span style=\"vertical-align: inherit;\"><span style=\"vertical-align: inherit;\">A\u00fan no hay una explicaci\u00f3n pendiente de por qu\u00e9 Bayley no estuvo con Dakota Kai e IYO SKY en RAW de la semana pasada, pero originalmente estaba programada para estar con ellas cuando se enfrentaran a Liv Morgan y Raquel Rodr\u00edguez en el combate de contendientes #1.<\/span><\/span><\/p>\n<p><span style=\"vertical-align: inherit;\"><span style=\"vertical-align: inherit;\">Liv y Raquel desafiar\u00e1n a Becky Lynch y a Lita por sus t\u00edtulos de parejas femeninos de la WWE esta noche. <\/span><\/span><\/p>\n<\/div>\n","protected":false},"excerpt":{"rendered":"<p>Se ha especulado mucho sobre el estado de Bayley en la WWE despu\u00e9s de que hizo algunos comentarios cr\u00edpticos despu\u00e9s de WrestleMania 39 .<\/p>\n","protected":false},"author":1,"featured_media":151797,"comment_status":"closed","ping_status":"closed","sticky":false,"template":"","format":"standard","meta":{"footnotes":""},"categories":[5,38],"tags":[],"class_list":["post-202898","post","type-post","status-publish","format-standard","has-post-thumbnail","category-noticias","category-noticias-y-rumores-de-la-wwe"],"_links":{"self":[{"href":"https:\/\/www.prwrestling.com\/nw\/wp-json\/wp\/v2\/posts\/202898","targetHints":{"allow":["GET"]}}],"collection":[{"href":"https:\/\/www.prwrestling.com\/nw\/wp-json\/wp\/v2\/posts"}],"about":[{"href":"https:\/\/www.prwrestling.com\/nw\/wp-json\/wp\/v2\/types\/post"}],"author":[{"embeddable":true,"href":"https:\/\/www.prwrestling.com\/nw\/wp-json\/wp\/v2\/users\/1"}],"replies":[{"embeddable":true,"href":"https:\/\/www.prwrestling.com\/nw\/wp-json\/wp\/v2\/comments?post=202898"}],"version-history":[{"count":3,"href":"https:\/\/www.prwrestling.com\/nw\/wp-json\/wp\/v2\/posts\/202898\/revisions"}],"predecessor-version":[{"id":202901,"href":"https:\/\/www.prwrestling.com\/nw\/wp-json\/wp\/v2\/posts\/202898\/revisions\/202901"}],"wp:featuredmedia":[{"embeddable":true,"href":"https:\/\/www.prwrestling.com\/nw\/wp-json\/wp\/v2\/media\/151797"}],"wp:attachment":[{"href":"https:\/\/www.prwrestling.com\/nw\/wp-json\/wp\/v2\/media?parent=202898"}],"wp:term":[{"taxonomy":"category","embeddable":true,"href":"https:\/\/www.prwrestling.com\/nw\/wp-json\/wp\/v2\/categories?post=202898"},{"taxonomy":"post_tag","embeddable":true,"href":"https:\/\/www.prwrestling.com\/nw\/wp-json\/wp\/v2\/tags?post=202898"}],"curies":[{"name":"wp","href":"https:\/\/api.w.org\/{rel}","templated":true}]}}