{"id":203537,"date":"2023-04-15T13:33:20","date_gmt":"2023-04-15T17:33:20","guid":{"rendered":"https:\/\/www.prwrestling.com\/nw\/?p=203537"},"modified":"2023-04-15T13:34:15","modified_gmt":"2023-04-15T17:34:15","slug":"shinsuke-nakamura-quiere-el-campeonato-mundial-de-wwe","status":"publish","type":"post","link":"https:\/\/www.prwrestling.com\/nw\/shinsuke-nakamura-quiere-el-campeonato-mundial-de-wwe\/","title":{"rendered":"Shinsuke Nakamura va tras un campeonato Mundial de WWE"},"content":{"rendered":"<div>\n<p><span style=\"vertical-align: inherit;\"><span style=\"vertical-align: inherit;\">Shinsuke Nakamura se siente confiado tras su regreso a la WWE.<\/span><\/span><!--more--><div id=\"ad-slot\" style=\"min-width: 300px; min-height: 250px;\"><p style=\"text-align: center;\">\r\n<script async src=\"https:\/\/pagead2.googlesyndication.com\/pagead\/js\/adsbygoogle.js\"><\/script>\r\n<!-- Responsive sc c -->\r\n<ins class=\"adsbygoogle\"\r\n     style=\"display:block\"\r\n     data-ad-client=\"ca-pub-1244235910658811\"\r\n     data-ad-slot=\"4234005358\"\r\n     data-ad-format=\"auto\"\r\n     data-full-width-responsive=\"true\"><\/ins>\r\n<script>\r\n     (adsbygoogle = window.adsbygoogle || []).push({});\r\n<\/script><\/p><\/div><\/p>\n<p><span style=\"vertical-align: inherit;\"><span style=\"vertical-align: inherit;\">El japon\u00e9s derrot\u00f3 a Madcap Moss en el episodio de anoche de SmackDown, su primer combate televisado en 2023.<\/span><\/span><\/p>\n<p><span style=\"vertical-align: inherit;\"><span style=\"vertical-align: inherit;\"> Nakamura luego ser\u00eda entrevistado tras bastidores por <\/span><\/span><a href=\"https:\/\/www.youtube.com\/watch?v=36FXl5o1QHI\" target=\"_blank\" rel=\"noopener\"><span style=\"vertical-align: inherit;\"><span style=\"vertical-align: inherit;\">WWE<\/span><\/span><\/a><span style=\"vertical-align: inherit;\"><span style=\"vertical-align: inherit;\"> donde reflexion\u00f3 sobre los \u00faltimos meses de su vida.<\/span><\/span><div id=\"ad-slot\" style=\"min-width: 300px; min-height: 250px;\">\r\n<p style=\"text-align: center;\">\r\n<!-- Site name: prwrestling.com\r\nZone name: prwrestling.com_banner_300x250\r\nZone id: 2109741734\r\nType: banner\r\nFormat: 300x250\r\n --> \r\n\r\n<!-- Copy and paste this code on the page. -->\r\n<div id='zone_2109741734' ><\/div>\r\n<script>\r\n    (function(w,d,o,g,r,a,m){\r\n        var cid='zone_2109741734';\r\n        w[r]=w[r]||function(){(w[r+'l']=w[r+'l']||[]).push(arguments)};\r\n        function e(b,w,r){if((w[r+'h']=b.pop())&&!w.ABN){\r\n            var a=d.createElement(o),p=d.getElementsByTagName(o)[0];a.async=1;\r\n            a.src='https:\/\/cdn.'+w[r+'h']+'\/libs\/e.js';a.onerror=function(){e(g,w,r)};\r\n            p.parentNode.insertBefore(a,p)}}e(g,w,r);\r\n        w[r](cid,{id:2109741734,domain:w[r+'h']});\r\n    })(window,document,'script',['traffmovie.com'],'ABNS');\r\n<\/script>\r\n\r\n<!--\r\nWhen setting the zone code, make sure:\r\n  - you have provided all domains from which the area code will be called\r\n  - the site does not limit the loading in the Content Security Policy\r\n  - the area code is installed in the ad space inside the page\r\n  - site layout allows you to display the banner on mobile devices in full size\r\nUse data-cp1={customParam1} data-cp2={customParam2}... attributes for sending custom params\r\n-->\r\n<\/p><\/div><\/p>\n<blockquote><p><span style=\"vertical-align: inherit;\"><span style=\"vertical-align: inherit;\">Me alegro de estar de vuelta. <\/span><span style=\"vertical-align: inherit;\">Estuve en Jap\u00f3n, as\u00ed que tuve una gran victoria contra Great Muta. <\/span><span style=\"vertical-align: inherit;\">Ese fue un [combate] hist\u00f3rico. <\/span><span style=\"vertical-align: inherit;\">Luego recargu\u00e9, reinici\u00e9.<\/span><\/span><\/p><\/blockquote>\n<p><span style=\"vertical-align: inherit;\"><span style=\"vertical-align: inherit;\">Eso no fue todo. <\/span><span style=\"vertical-align: inherit;\">El ex campe\u00f3n de EE. UU. y campe\u00f3n intercontinental prometi\u00f3 asegurar un t\u00edtulo mundial en su regreso con la compa\u00f1\u00eda.<\/span><\/span><\/p>\n<blockquote><p><span style=\"vertical-align: inherit;\"><span style=\"vertical-align: inherit;\">Necesito un poco de carne. <\/span><span style=\"vertical-align: inherit;\">Necesito un gran oponente. <\/span><span style=\"vertical-align: inherit;\">Adem\u00e1s, mi objetivo es [el] t\u00edtulo mundial.<\/span><\/span><\/p><\/blockquote>\n<p><span style=\"vertical-align: inherit;\"><span style=\"vertical-align: inherit;\">Recientemente surgieron informes que indican que <\/span><\/span><span style=\"vertical-align: inherit;\"><span style=\"vertical-align: inherit;\">Karrion Kross ser\u00eda la primera pelea importante de Nakamura<\/span><\/span><span style=\"vertical-align: inherit;\"><span style=\"vertical-align: inherit;\"> ahora que est\u00e1 de regreso. <\/span><span style=\"vertical-align: inherit;\">Los fan\u00e1ticos no tendr\u00e1n que esperar mucho ya que Kross llam\u00f3 la atenci\u00f3n a Nakamura durante un segmento detr\u00e1s del escenario en SmackDown.<\/span><\/span><\/p>\n<\/div>\n","protected":false},"excerpt":{"rendered":"<p>Shinsuke Nakamura se siente confiado tras su regreso a la WWE.<\/p>\n","protected":false},"author":1,"featured_media":26777,"comment_status":"closed","ping_status":"closed","sticky":false,"template":"","format":"standard","meta":{"footnotes":""},"categories":[5,38],"tags":[],"class_list":["post-203537","post","type-post","status-publish","format-standard","has-post-thumbnail","category-noticias","category-noticias-y-rumores-de-la-wwe"],"_links":{"self":[{"href":"https:\/\/www.prwrestling.com\/nw\/wp-json\/wp\/v2\/posts\/203537","targetHints":{"allow":["GET"]}}],"collection":[{"href":"https:\/\/www.prwrestling.com\/nw\/wp-json\/wp\/v2\/posts"}],"about":[{"href":"https:\/\/www.prwrestling.com\/nw\/wp-json\/wp\/v2\/types\/post"}],"author":[{"embeddable":true,"href":"https:\/\/www.prwrestling.com\/nw\/wp-json\/wp\/v2\/users\/1"}],"replies":[{"embeddable":true,"href":"https:\/\/www.prwrestling.com\/nw\/wp-json\/wp\/v2\/comments?post=203537"}],"version-history":[{"count":3,"href":"https:\/\/www.prwrestling.com\/nw\/wp-json\/wp\/v2\/posts\/203537\/revisions"}],"predecessor-version":[{"id":203547,"href":"https:\/\/www.prwrestling.com\/nw\/wp-json\/wp\/v2\/posts\/203537\/revisions\/203547"}],"wp:featuredmedia":[{"embeddable":true,"href":"https:\/\/www.prwrestling.com\/nw\/wp-json\/wp\/v2\/media\/26777"}],"wp:attachment":[{"href":"https:\/\/www.prwrestling.com\/nw\/wp-json\/wp\/v2\/media?parent=203537"}],"wp:term":[{"taxonomy":"category","embeddable":true,"href":"https:\/\/www.prwrestling.com\/nw\/wp-json\/wp\/v2\/categories?post=203537"},{"taxonomy":"post_tag","embeddable":true,"href":"https:\/\/www.prwrestling.com\/nw\/wp-json\/wp\/v2\/tags?post=203537"}],"curies":[{"name":"wp","href":"https:\/\/api.w.org\/{rel}","templated":true}]}}