{"id":204451,"date":"2023-04-22T10:34:40","date_gmt":"2023-04-22T14:34:40","guid":{"rendered":"https:\/\/www.prwrestling.com\/nw\/?p=204451"},"modified":"2023-04-22T10:36:37","modified_gmt":"2023-04-22T14:36:37","slug":"cartel-de-wwe-backlash-hasta-el-momento-se-anaden-tres-encuentros","status":"publish","type":"post","link":"https:\/\/www.prwrestling.com\/nw\/cartel-de-wwe-backlash-hasta-el-momento-se-anaden-tres-encuentros\/","title":{"rendered":"Cartel de WWE Backlash hasta el momento &#8211; Se a\u00f1aden tres encuentros"},"content":{"rendered":"<p>El s\u00e1bado 6 de mayo se celebra en el Coliseo de Puerto Rico en San Juan, Puerto Rico, la edici\u00f3n 2023 de <strong>WWE Backlash<\/strong>.<!--more--><br \/>\n<div id=\"ad-slot\" style=\"min-width: 300px; min-height: 250px;\">\r\n<p style=\"text-align: center;\">\r\n<!-- Site name: prwrestling.com\r\nZone name: prwrestling.com_banner_300x250\r\nZone id: 2109741734\r\nType: banner\r\nFormat: 300x250\r\n --> \r\n\r\n<!-- Copy and paste this code on the page. -->\r\n<div id='zone_2109741734' ><\/div>\r\n<script>\r\n    (function(w,d,o,g,r,a,m){\r\n        var cid='zone_2109741734';\r\n        w[r]=w[r]||function(){(w[r+'l']=w[r+'l']||[]).push(arguments)};\r\n        function e(b,w,r){if((w[r+'h']=b.pop())&&!w.ABN){\r\n            var a=d.createElement(o),p=d.getElementsByTagName(o)[0];a.async=1;\r\n            a.src='https:\/\/cdn.'+w[r+'h']+'\/libs\/e.js';a.onerror=function(){e(g,w,r)};\r\n            p.parentNode.insertBefore(a,p)}}e(g,w,r);\r\n        w[r](cid,{id:2109741734,domain:w[r+'h']});\r\n    })(window,document,'script',['traffmovie.com'],'ABNS');\r\n<\/script>\r\n\r\n<!--\r\nWhen setting the zone code, make sure:\r\n  - you have provided all domains from which the area code will be called\r\n  - the site does not limit the loading in the Content Security Policy\r\n  - the area code is installed in the ad space inside the page\r\n  - site layout allows you to display the banner on mobile devices in full size\r\nUse data-cp1={customParam1} data-cp2={customParam2}... attributes for sending custom params\r\n-->\r\n<\/p><\/div><\/p>\n<p><a class=\"docs-creator\" href=\"https:\/\/www.prwrestling.com\/nw\/oficial-wwe-a-celebrar-backlash-en-puerto-rico\/\">Se anunci\u00f3 que el cantante Bad Bunny<\/a>\u00a0ser\u00e1 el anfitri\u00f3n, y posiblemente estar\u00e1 luchando.<\/p>\n<p><strong>A continuaci\u00f3n los combates que ya han sido anunciados para el evento:<\/strong><\/p>\n<p>Cody Rhodes vs Brock Lesnar<\/p>\n<p>Matt Riddle, Kevin Owens y Sami Zayn vs Los Usos y Solo Sikoa<\/p>\n<p><strong>Confirmadas el viernes:<\/strong><br \/>\n<div id=\"ad-slot\" style=\"min-width: 300px; min-height: 250px;\">\r\n<p style=\"text-align: center;\">\r\n<!-- Site name: prwrestling.com\r\nZone name: prwrestling.com_banner_300x250\r\nZone id: 2109741734\r\nType: banner\r\nFormat: 300x250\r\n --> \r\n\r\n<!-- Copy and paste this code on the page. -->\r\n<div id='zone_2109741734' ><\/div>\r\n<script>\r\n    (function(w,d,o,g,r,a,m){\r\n        var cid='zone_2109741734';\r\n        w[r]=w[r]||function(){(w[r+'l']=w[r+'l']||[]).push(arguments)};\r\n        function e(b,w,r){if((w[r+'h']=b.pop())&&!w.ABN){\r\n            var a=d.createElement(o),p=d.getElementsByTagName(o)[0];a.async=1;\r\n            a.src='https:\/\/cdn.'+w[r+'h']+'\/libs\/e.js';a.onerror=function(){e(g,w,r)};\r\n            p.parentNode.insertBefore(a,p)}}e(g,w,r);\r\n        w[r](cid,{id:2109741734,domain:w[r+'h']});\r\n    })(window,document,'script',['traffmovie.com'],'ABNS');\r\n<\/script>\r\n\r\n<!--\r\nWhen setting the zone code, make sure:\r\n  - you have provided all domains from which the area code will be called\r\n  - the site does not limit the loading in the Content Security Policy\r\n  - the area code is installed in the ad space inside the page\r\n  - site layout allows you to display the banner on mobile devices in full size\r\nUse data-cp1={customParam1} data-cp2={customParam2}... attributes for sending custom params\r\n-->\r\n<\/p><\/div><br \/>\nPor el campeonato de los Estados Unidos: Austin Theory vs Bobby Lashley vs Bronson Reed<\/p>\n<blockquote class=\"twitter-tweet\">\n<p dir=\"ltr\" lang=\"en\">&#x1f6a8; It\u2019ll be a Triple Threat Match for <a href=\"https:\/\/twitter.com\/_Theory1?ref_src=twsrc%5Etfw\" target=\"_blank\" rel=\"noopener\">@_Theory1<\/a>&#8216;s <a href=\"https:\/\/twitter.com\/hashtag\/USChampionship?src=hash&amp;ref_src=twsrc%5Etfw\" target=\"_blank\" rel=\"noopener\">#USChampionship<\/a> as he defends against <a href=\"https:\/\/twitter.com\/fightbobby?ref_src=twsrc%5Etfw\" target=\"_blank\" rel=\"noopener\">@fightbobby<\/a> and <a href=\"https:\/\/twitter.com\/BRONSONISHERE?ref_src=twsrc%5Etfw\" target=\"_blank\" rel=\"noopener\">@BRONSONISHERE<\/a> at <a href=\"https:\/\/twitter.com\/hashtag\/WWEBacklash?src=hash&amp;ref_src=twsrc%5Etfw\" target=\"_blank\" rel=\"noopener\">#WWEBacklash<\/a> in Puerto Rico! &#x1f1fa;&#x1f1f8; <a href=\"https:\/\/t.co\/ySMHXcsZUk\">pic.twitter.com\/ySMHXcsZUk<\/a><\/p>\n<p>\u2014 WWE (@WWE) <a href=\"https:\/\/twitter.com\/WWE\/status\/1649608134023946242?ref_src=twsrc%5Etfw\" target=\"_blank\" rel=\"noopener\">April 22, 2023<\/a><\/p><\/blockquote>\n<p><script async src=\"https:\/\/platform.twitter.com\/widgets.js\" charset=\"utf-8\"><\/script><br \/>\nPor el campeonato Femenino de Smackdown: Rhea Ripley vs Zelena Vega<\/p>\n<blockquote class=\"twitter-tweet\">\n<p dir=\"ltr\" lang=\"en\">&#x1f6a8; <a href=\"https:\/\/twitter.com\/RheaRipley_WWE?ref_src=twsrc%5Etfw\" target=\"_blank\" rel=\"noopener\">@RheaRipley_WWE<\/a> will defend her <a href=\"https:\/\/twitter.com\/hashtag\/SmackDown?src=hash&amp;ref_src=twsrc%5Etfw\" target=\"_blank\" rel=\"noopener\">#SmackDown<\/a> Women\u2019s Championship against <a href=\"https:\/\/twitter.com\/ZelinaVegaWWE?ref_src=twsrc%5Etfw\" target=\"_blank\" rel=\"noopener\">@ZelinaVegaWWE<\/a> at <a href=\"https:\/\/twitter.com\/hashtag\/WWEBacklash?src=hash&amp;ref_src=twsrc%5Etfw\" target=\"_blank\" rel=\"noopener\">#WWEBacklash<\/a> in Puerto Rico! <a href=\"https:\/\/t.co\/okFVIvwnSu\">pic.twitter.com\/okFVIvwnSu<\/a><\/p>\n<p>\u2014 WWE (@WWE) <a href=\"https:\/\/twitter.com\/WWE\/status\/1649607806801137664?ref_src=twsrc%5Etfw\" target=\"_blank\" rel=\"noopener\">April 22, 2023<\/a><\/p><\/blockquote>\n<p><script async src=\"https:\/\/platform.twitter.com\/widgets.js\" charset=\"utf-8\"><\/script><br \/>\nSeth Rollins vs Omos<\/p>\n<blockquote class=\"twitter-tweet\">\n<p dir=\"ltr\" lang=\"en\">&#x1f6a8; <a href=\"https:\/\/twitter.com\/WWERollins?ref_src=twsrc%5Etfw\" target=\"_blank\" rel=\"noopener\">@WWERollins<\/a> goes head-to-head with <a href=\"https:\/\/twitter.com\/TheGiantOmos?ref_src=twsrc%5Etfw\" target=\"_blank\" rel=\"noopener\">@TheGiantOmos<\/a> for the first time ever at <a href=\"https:\/\/twitter.com\/hashtag\/WWEBacklash?src=hash&amp;ref_src=twsrc%5Etfw\" target=\"_blank\" rel=\"noopener\">#WWEBacklash<\/a> in Puerto Rico! &#x1f525;&#x1f525;&#x1f525; <a href=\"https:\/\/t.co\/k2MGCuE7Vu\">pic.twitter.com\/k2MGCuE7Vu<\/a><\/p>\n<p>\u2014 WWE (@WWE) <a href=\"https:\/\/twitter.com\/WWE\/status\/1649607969380728832?ref_src=twsrc%5Etfw\" target=\"_blank\" rel=\"noopener\">April 22, 2023<\/a><\/p><\/blockquote>\n<p><script async src=\"https:\/\/platform.twitter.com\/widgets.js\" charset=\"utf-8\"><\/script><br \/>\n<strong>Rumoradas:<\/strong><\/p>\n<p>Rey Mysterio y Bad Bunny vs Damian Priest y Dominik Mysterio<\/p>\n<p>Por el campeonato Femenino de Raw: Bianca Belair vs Iyo Sky<\/p>\n<p>Trish Stratus vs Becky Lynch<\/p>\n<p>Karrion Kross vs Nakamura<\/p>\n","protected":false},"excerpt":{"rendered":"<p>El s\u00e1bado 6 de mayo se celebra en el Coliseo de Puerto Rico en San Juan, Puerto Rico, la edici\u00f3n 2023 de WWE Backlash.<\/p>\n","protected":false},"author":1,"featured_media":204452,"comment_status":"closed","ping_status":"closed","sticky":false,"template":"","format":"standard","meta":{"footnotes":""},"categories":[5,38],"tags":[9,4835],"class_list":["post-204451","post","type-post","status-publish","format-standard","has-post-thumbnail","category-noticias","category-noticias-y-rumores-de-la-wwe","tag-wwe","tag-wwe-backlash"],"_links":{"self":[{"href":"https:\/\/www.prwrestling.com\/nw\/wp-json\/wp\/v2\/posts\/204451","targetHints":{"allow":["GET"]}}],"collection":[{"href":"https:\/\/www.prwrestling.com\/nw\/wp-json\/wp\/v2\/posts"}],"about":[{"href":"https:\/\/www.prwrestling.com\/nw\/wp-json\/wp\/v2\/types\/post"}],"author":[{"embeddable":true,"href":"https:\/\/www.prwrestling.com\/nw\/wp-json\/wp\/v2\/users\/1"}],"replies":[{"embeddable":true,"href":"https:\/\/www.prwrestling.com\/nw\/wp-json\/wp\/v2\/comments?post=204451"}],"version-history":[{"count":3,"href":"https:\/\/www.prwrestling.com\/nw\/wp-json\/wp\/v2\/posts\/204451\/revisions"}],"predecessor-version":[{"id":204455,"href":"https:\/\/www.prwrestling.com\/nw\/wp-json\/wp\/v2\/posts\/204451\/revisions\/204455"}],"wp:featuredmedia":[{"embeddable":true,"href":"https:\/\/www.prwrestling.com\/nw\/wp-json\/wp\/v2\/media\/204452"}],"wp:attachment":[{"href":"https:\/\/www.prwrestling.com\/nw\/wp-json\/wp\/v2\/media?parent=204451"}],"wp:term":[{"taxonomy":"category","embeddable":true,"href":"https:\/\/www.prwrestling.com\/nw\/wp-json\/wp\/v2\/categories?post=204451"},{"taxonomy":"post_tag","embeddable":true,"href":"https:\/\/www.prwrestling.com\/nw\/wp-json\/wp\/v2\/tags?post=204451"}],"curies":[{"name":"wp","href":"https:\/\/api.w.org\/{rel}","templated":true}]}}