{"id":204703,"date":"2023-04-24T14:10:57","date_gmt":"2023-04-24T18:10:57","guid":{"rendered":"https:\/\/www.prwrestling.com\/nw\/?p=204703"},"modified":"2023-04-24T14:10:57","modified_gmt":"2023-04-24T18:10:57","slug":"ric-flair-dice-vince-mcmahon-es-su-heroe","status":"publish","type":"post","link":"https:\/\/www.prwrestling.com\/nw\/ric-flair-dice-vince-mcmahon-es-su-heroe\/","title":{"rendered":"Ric Flair dice Vince McMahon es su &#8220;h\u00e9roe&#8221;"},"content":{"rendered":"<div>\n<p><span style=\"vertical-align: inherit;\"><span style=\"vertical-align: inherit;\">Vince McMahon se &#8220;retir\u00f3&#8221; de la WWE el verano pasado en medio de acusaciones de conducta sexual inapropiada<\/span><\/span><span style=\"vertical-align: inherit;\"><span style=\"vertical-align: inherit;\">. <\/span><\/span><!--more--><div id=\"ad-slot\" style=\"min-width: 300px; min-height: 250px;\">\r\n<p style=\"text-align: center;\">\r\n<!-- Site name: prwrestling.com\r\nZone name: prwrestling.com_banner_300x250\r\nZone id: 2109741734\r\nType: banner\r\nFormat: 300x250\r\n --> \r\n\r\n<!-- Copy and paste this code on the page. -->\r\n<div id='zone_2109741734' ><\/div>\r\n<script>\r\n    (function(w,d,o,g,r,a,m){\r\n        var cid='zone_2109741734';\r\n        w[r]=w[r]||function(){(w[r+'l']=w[r+'l']||[]).push(arguments)};\r\n        function e(b,w,r){if((w[r+'h']=b.pop())&&!w.ABN){\r\n            var a=d.createElement(o),p=d.getElementsByTagName(o)[0];a.async=1;\r\n            a.src='https:\/\/cdn.'+w[r+'h']+'\/libs\/e.js';a.onerror=function(){e(g,w,r)};\r\n            p.parentNode.insertBefore(a,p)}}e(g,w,r);\r\n        w[r](cid,{id:2109741734,domain:w[r+'h']});\r\n    })(window,document,'script',['traffmovie.com'],'ABNS');\r\n<\/script>\r\n\r\n<!--\r\nWhen setting the zone code, make sure:\r\n  - you have provided all domains from which the area code will be called\r\n  - the site does not limit the loading in the Content Security Policy\r\n  - the area code is installed in the ad space inside the page\r\n  - site layout allows you to display the banner on mobile devices in full size\r\nUse data-cp1={customParam1} data-cp2={customParam2}... attributes for sending custom params\r\n-->\r\n<\/p><\/div><\/p>\n<p><span style=\"vertical-align: inherit;\"><span style=\"vertical-align: inherit;\">Sin embargo el empresario de 77 a\u00f1os regres\u00f3 a la compa\u00f1\u00eda como presidente ejecutivo a principios de este a\u00f1o, y el dos veces miembro del Sal\u00f3n de la Fama de la WWE, Ric Flair, ahora ha dejado saber lo que piensa de \u00e9l desde hace mucho tiempo.\u00a0<\/span><\/span><\/p>\n<p><span style=\"vertical-align: inherit;\"><span style=\"vertical-align: inherit;\">&#8220;\u00c9l es mi h\u00e9roe&#8221;, Flair en el podcast <\/span><\/span><a href=\"https:\/\/open.spotify.com\/show\/4rOoJ6Egrf8K2IrywzwOMk\" target=\"_blank\" rel=\"noopener\"><span style=\"vertical-align: inherit;\"><span style=\"vertical-align: inherit;\">&#8220;The Joe Rogan Experience&#8221;<\/span><\/span><\/a><span style=\"vertical-align: inherit;\"><span style=\"vertical-align: inherit;\"> . <\/span><span style=\"vertical-align: inherit;\">&#8220;Juzgo a las personas por c\u00f3mo me tratan y \u00e9l me ha tratado como&#8230; Nunca nadie me ha tratado con m\u00e1s respeto en este negocio. Es un gran tipo. No me importa lo que haga. Es mi h\u00e9roe.&#8221;<\/span><\/span><div id=\"ad-slot\" style=\"min-width: 300px; min-height: 250px;\"><p style=\"text-align: center;\">\r\n<script async src=\"https:\/\/pagead2.googlesyndication.com\/pagead\/js\/adsbygoogle.js\"><\/script>\r\n<!-- Responsive sc c -->\r\n<ins class=\"adsbygoogle\"\r\n     style=\"display:block\"\r\n     data-ad-client=\"ca-pub-1244235910658811\"\r\n     data-ad-slot=\"4234005358\"\r\n     data-ad-format=\"auto\"\r\n     data-full-width-responsive=\"true\"><\/ins>\r\n<script>\r\n     (adsbygoogle = window.adsbygoogle || []).push({});\r\n<\/script><\/p><\/div><\/p>\n<p><span style=\"vertical-align: inherit;\"><span style=\"vertical-align: inherit;\">Flair no es la \u00fanica personalidad de lucha libre profesional de alto perfil que habla muy bien de McMahon luego de las acusaciones condenatorias del verano pasado, ya que <\/span><\/span><span style=\"vertical-align: inherit;\"><span style=\"vertical-align: inherit;\">John Cena revel\u00f3 recientemente que ama a McMahon<\/span><\/span><span style=\"vertical-align: inherit;\"><span style=\"vertical-align: inherit;\"> y aparentemente defendi\u00f3 a su amigo al se\u00f1alar que &#8220;todos cometemos errores&#8221;.\u00a0<\/span><\/span><\/p>\n<p><span style=\"vertical-align: inherit;\"><span style=\"vertical-align: inherit;\">McMahon volvi\u00f3 a ser el centro de atenci\u00f3n p\u00fablica recientemente, mientras luc\u00eda un nuevo bigote, durante una entrevista luego del anuncio de que <\/span><\/span><span style=\"vertical-align: inherit;\"><span style=\"vertical-align: inherit;\">WWE se fusionar\u00eda con Ultimate Fighting Championship (UFC) bajo Ari Emanuel&#8217;s Endeavour Group Holdings, Inc.<\/span><\/span><\/p>\n<\/div>\n","protected":false},"excerpt":{"rendered":"<p>Vince McMahon se &#8220;retir\u00f3&#8221; de la WWE el verano pasado en medio de acusaciones de conducta sexual inapropiada.<\/p>\n","protected":false},"author":1,"featured_media":126819,"comment_status":"closed","ping_status":"closed","sticky":false,"template":"","format":"standard","meta":{"footnotes":""},"categories":[5,38],"tags":[],"class_list":["post-204703","post","type-post","status-publish","format-standard","has-post-thumbnail","category-noticias","category-noticias-y-rumores-de-la-wwe"],"_links":{"self":[{"href":"https:\/\/www.prwrestling.com\/nw\/wp-json\/wp\/v2\/posts\/204703","targetHints":{"allow":["GET"]}}],"collection":[{"href":"https:\/\/www.prwrestling.com\/nw\/wp-json\/wp\/v2\/posts"}],"about":[{"href":"https:\/\/www.prwrestling.com\/nw\/wp-json\/wp\/v2\/types\/post"}],"author":[{"embeddable":true,"href":"https:\/\/www.prwrestling.com\/nw\/wp-json\/wp\/v2\/users\/1"}],"replies":[{"embeddable":true,"href":"https:\/\/www.prwrestling.com\/nw\/wp-json\/wp\/v2\/comments?post=204703"}],"version-history":[{"count":3,"href":"https:\/\/www.prwrestling.com\/nw\/wp-json\/wp\/v2\/posts\/204703\/revisions"}],"predecessor-version":[{"id":204712,"href":"https:\/\/www.prwrestling.com\/nw\/wp-json\/wp\/v2\/posts\/204703\/revisions\/204712"}],"wp:featuredmedia":[{"embeddable":true,"href":"https:\/\/www.prwrestling.com\/nw\/wp-json\/wp\/v2\/media\/126819"}],"wp:attachment":[{"href":"https:\/\/www.prwrestling.com\/nw\/wp-json\/wp\/v2\/media?parent=204703"}],"wp:term":[{"taxonomy":"category","embeddable":true,"href":"https:\/\/www.prwrestling.com\/nw\/wp-json\/wp\/v2\/categories?post=204703"},{"taxonomy":"post_tag","embeddable":true,"href":"https:\/\/www.prwrestling.com\/nw\/wp-json\/wp\/v2\/tags?post=204703"}],"curies":[{"name":"wp","href":"https:\/\/api.w.org\/{rel}","templated":true}]}}