{"id":204891,"date":"2023-04-25T19:27:50","date_gmt":"2023-04-25T23:27:50","guid":{"rendered":"https:\/\/www.prwrestling.com\/nw\/?p=204891"},"modified":"2023-04-25T19:27:50","modified_gmt":"2023-04-25T23:27:50","slug":"bianca-belair-quiere-tener-un-reinado-como-el-de-roman-reigns","status":"publish","type":"post","link":"https:\/\/www.prwrestling.com\/nw\/bianca-belair-quiere-tener-un-reinado-como-el-de-roman-reigns\/","title":{"rendered":"Bianca Belair quiere tener un reinado como el de Roman Reigns"},"content":{"rendered":"<p><span style=\"vertical-align: inherit;\"><span style=\"vertical-align: inherit;\">Bianca Belair ha puesto su mirada en un reinado de campeonato similar al de Roman Reigns.<\/span><\/span><!--more--><div id=\"ad-slot\" style=\"min-width: 300px; min-height: 250px;\">\r\n<p style=\"text-align: center;\">\r\n<!-- Site name: prwrestling.com\r\nZone name: prwrestling.com_banner_300x250\r\nZone id: 2109741734\r\nType: banner\r\nFormat: 300x250\r\n --> \r\n\r\n<!-- Copy and paste this code on the page. -->\r\n<div id='zone_2109741734' ><\/div>\r\n<script>\r\n    (function(w,d,o,g,r,a,m){\r\n        var cid='zone_2109741734';\r\n        w[r]=w[r]||function(){(w[r+'l']=w[r+'l']||[]).push(arguments)};\r\n        function e(b,w,r){if((w[r+'h']=b.pop())&&!w.ABN){\r\n            var a=d.createElement(o),p=d.getElementsByTagName(o)[0];a.async=1;\r\n            a.src='https:\/\/cdn.'+w[r+'h']+'\/libs\/e.js';a.onerror=function(){e(g,w,r)};\r\n            p.parentNode.insertBefore(a,p)}}e(g,w,r);\r\n        w[r](cid,{id:2109741734,domain:w[r+'h']});\r\n    })(window,document,'script',['traffmovie.com'],'ABNS');\r\n<\/script>\r\n\r\n<!--\r\nWhen setting the zone code, make sure:\r\n  - you have provided all domains from which the area code will be called\r\n  - the site does not limit the loading in the Content Security Policy\r\n  - the area code is installed in the ad space inside the page\r\n  - site layout allows you to display the banner on mobile devices in full size\r\nUse data-cp1={customParam1} data-cp2={customParam2}... attributes for sending custom params\r\n-->\r\n<\/p><\/div><\/p>\n<p><span style=\"vertical-align: inherit;\"><span style=\"vertical-align: inherit;\">Belair, quien recientemente super\u00f3 un a\u00f1o calendario completo como campeona femenina de RAW, habl\u00f3 con <\/span><\/span><a href=\"https:\/\/www.youtube.com\/watch?v=Kmim_whPBUQ\" target=\"_blank\" rel=\"noopener\"><span style=\"vertical-align: inherit;\"><span style=\"vertical-align: inherit;\">Ad Free Shows<\/span><\/span><\/a><span style=\"vertical-align: inherit;\"><span style=\"vertical-align: inherit;\"> sobre sus ambiciones de convertirse en una campeona de larga duraci\u00f3n como Reigns.<\/span><\/span><\/p>\n<blockquote class=\"wp-block-quote\"><p><span style=\"vertical-align: inherit;\"><span style=\"vertical-align: inherit;\">\u201cMe acabo de convertir en la campeona negra con el reinado m\u00e1s largo en la WWE. <\/span><span style=\"vertical-align: inherit;\">Mira a Roman Reigns. <\/span><span style=\"vertical-align: inherit;\">Quiero ir a por todas. <\/span><span style=\"vertical-align: inherit;\">Quiero tener un reinado como Roman Reigns y romper su r\u00e9cord, \u00bfsabes? <\/span><span style=\"vertical-align: inherit;\">Quiero ser campeona el pr\u00f3ximo a\u00f1o\u201d.<\/span><\/span><\/p><\/blockquote>\n<p><span style=\"vertical-align: inherit;\"><span style=\"vertical-align: inherit;\">La determinaci\u00f3n y el impulso de Belair han sido evidentes a lo largo de su carrera en la WWE. <\/span><span style=\"vertical-align: inherit;\">R\u00e1pidamente se convirti\u00f3 en una de las principales estrellas de la compa\u00f1\u00eda y se gan\u00f3 a los fan\u00e1ticos con su atletismo, carisma y positivismo. <\/span><span style=\"vertical-align: inherit;\">Su deseo de lograr un reinado de campeonato como el de Reigns es un testimonio de su ambici\u00f3n y determinaci\u00f3n de ser la mejor.<\/span><\/span><\/p>\n<p><span style=\"vertical-align: inherit;\"><span style=\"vertical-align: inherit;\">El pr\u00f3ximo desaf\u00edo de Belair como Campeona Femenil de RAW ser\u00e1 contra IYO SKY en <a href=\"https:\/\/www.prwrestling.com\/nw\/cartel-y-horarios-wwe-backlash-2023-en-puerto-rico\/\">WWE Backlash en Puerto Rico<\/a>, el 6 de mayo.<\/span><\/span><\/p>\n","protected":false},"excerpt":{"rendered":"<p>Bianca Belair ha puesto su mirada en un reinado de campeonato similar al de Roman Reigns.<\/p>\n","protected":false},"author":1,"featured_media":169457,"comment_status":"closed","ping_status":"closed","sticky":false,"template":"","format":"standard","meta":{"footnotes":""},"categories":[5,38],"tags":[],"class_list":["post-204891","post","type-post","status-publish","format-standard","has-post-thumbnail","category-noticias","category-noticias-y-rumores-de-la-wwe"],"_links":{"self":[{"href":"https:\/\/www.prwrestling.com\/nw\/wp-json\/wp\/v2\/posts\/204891","targetHints":{"allow":["GET"]}}],"collection":[{"href":"https:\/\/www.prwrestling.com\/nw\/wp-json\/wp\/v2\/posts"}],"about":[{"href":"https:\/\/www.prwrestling.com\/nw\/wp-json\/wp\/v2\/types\/post"}],"author":[{"embeddable":true,"href":"https:\/\/www.prwrestling.com\/nw\/wp-json\/wp\/v2\/users\/1"}],"replies":[{"embeddable":true,"href":"https:\/\/www.prwrestling.com\/nw\/wp-json\/wp\/v2\/comments?post=204891"}],"version-history":[{"count":3,"href":"https:\/\/www.prwrestling.com\/nw\/wp-json\/wp\/v2\/posts\/204891\/revisions"}],"predecessor-version":[{"id":204920,"href":"https:\/\/www.prwrestling.com\/nw\/wp-json\/wp\/v2\/posts\/204891\/revisions\/204920"}],"wp:featuredmedia":[{"embeddable":true,"href":"https:\/\/www.prwrestling.com\/nw\/wp-json\/wp\/v2\/media\/169457"}],"wp:attachment":[{"href":"https:\/\/www.prwrestling.com\/nw\/wp-json\/wp\/v2\/media?parent=204891"}],"wp:term":[{"taxonomy":"category","embeddable":true,"href":"https:\/\/www.prwrestling.com\/nw\/wp-json\/wp\/v2\/categories?post=204891"},{"taxonomy":"post_tag","embeddable":true,"href":"https:\/\/www.prwrestling.com\/nw\/wp-json\/wp\/v2\/tags?post=204891"}],"curies":[{"name":"wp","href":"https:\/\/api.w.org\/{rel}","templated":true}]}}