{"id":204998,"date":"2023-04-26T13:12:05","date_gmt":"2023-04-26T17:12:05","guid":{"rendered":"https:\/\/www.prwrestling.com\/nw\/?p=204998"},"modified":"2023-04-26T13:12:05","modified_gmt":"2023-04-26T17:12:05","slug":"aew-parece-haber-cancelado-la-serie-dark-elevation","status":"publish","type":"post","link":"https:\/\/www.prwrestling.com\/nw\/aew-parece-haber-cancelado-la-serie-dark-elevation\/","title":{"rendered":"AEW parece haber cancelado la serie &#8220;Dark: Elevation&#8221;"},"content":{"rendered":"<p><span style=\"vertical-align: inherit;\"><span style=\"vertical-align: inherit;\">Aparentemente, AEW ha terminado su serie semanal \u201cDark: Elevation\u201d.<\/span><\/span><!--more--><div id=\"ad-slot\" style=\"min-width: 300px; min-height: 250px;\">\r\n<p style=\"text-align: center;\">\r\n<!-- Site name: prwrestling.com\r\nZone name: prwrestling.com_banner_300x250\r\nZone id: 2109741734\r\nType: banner\r\nFormat: 300x250\r\n --> \r\n\r\n<!-- Copy and paste this code on the page. -->\r\n<div id='zone_2109741734' ><\/div>\r\n<script>\r\n    (function(w,d,o,g,r,a,m){\r\n        var cid='zone_2109741734';\r\n        w[r]=w[r]||function(){(w[r+'l']=w[r+'l']||[]).push(arguments)};\r\n        function e(b,w,r){if((w[r+'h']=b.pop())&&!w.ABN){\r\n            var a=d.createElement(o),p=d.getElementsByTagName(o)[0];a.async=1;\r\n            a.src='https:\/\/cdn.'+w[r+'h']+'\/libs\/e.js';a.onerror=function(){e(g,w,r)};\r\n            p.parentNode.insertBefore(a,p)}}e(g,w,r);\r\n        w[r](cid,{id:2109741734,domain:w[r+'h']});\r\n    })(window,document,'script',['traffmovie.com'],'ABNS');\r\n<\/script>\r\n\r\n<!--\r\nWhen setting the zone code, make sure:\r\n  - you have provided all domains from which the area code will be called\r\n  - the site does not limit the loading in the Content Security Policy\r\n  - the area code is installed in the ad space inside the page\r\n  - site layout allows you to display the banner on mobile devices in full size\r\nUse data-cp1={customParam1} data-cp2={customParam2}... attributes for sending custom params\r\n-->\r\n<\/p><\/div><\/p>\n<p><span style=\"vertical-align: inherit;\"><span style=\"vertical-align: inherit;\">AEW anunci\u00f3 a principios de esta semana que el programa Elevation del lunes ser\u00eda un episodio de &#8220;Lo mejor de&#8221; con algunos de los mejores combates de los \u00faltimos a\u00f1os, pero no mencionaron que este ser\u00eda el final de la serie. <\/span><\/span><\/p>\n<p><span style=\"vertical-align: inherit;\"><span style=\"vertical-align: inherit;\">Sin embargo, un mensaje publicado en FITE TV para suscriptores internacionales se\u00f1ala que el episodio &#8220;Best Of&#8221; del lunes fue el final.<\/span><\/span><div id=\"ad-slot\" style=\"min-width: 300px; min-height: 250px;\"><p style=\"text-align: center;\">\r\n<script async src=\"https:\/\/pagead2.googlesyndication.com\/pagead\/js\/adsbygoogle.js\"><\/script>\r\n<!-- Responsive sc c -->\r\n<ins class=\"adsbygoogle\"\r\n     style=\"display:block\"\r\n     data-ad-client=\"ca-pub-1244235910658811\"\r\n     data-ad-slot=\"4234005358\"\r\n     data-ad-format=\"auto\"\r\n     data-full-width-responsive=\"true\"><\/ins>\r\n<script>\r\n     (adsbygoogle = window.adsbygoogle || []).push({});\r\n<\/script><\/p><\/div><\/p>\n<p><span style=\"vertical-align: inherit;\"><span style=\"vertical-align: inherit;\">\u201cNo se pierda el episodio especial y final de Elevation: \u00a1lo mejor de Elevation se transmite por FITE! <\/span><span style=\"vertical-align: inherit;\">\u00a1El episodio lo devuelve a algunos de los mejores combates que han adornado nuestras noches de lunes a lo largo de los a\u00f1os!\u201d, dice el mensaje.<\/span><\/span><\/p>\n<p><span style=\"vertical-align: inherit;\"><span style=\"vertical-align: inherit;\">Si este es el final, Elevation dur\u00f3 115 episodios despu\u00e9s de su estreno el 15 de marzo de 2021. El programa dur\u00f3 entre 90 y 120 minutos todos los lunes por la noche a las 7 p. m. ET a trav\u00e9s del canal oficial de YouTube de AEW y tambi\u00e9n se transmiti\u00f3 internacionalmente. <\/span><span style=\"vertical-align: inherit;\">El equipo de comentaristas m\u00e1s reciente cont\u00f3 con Matt Menard y Paul Wight.<\/span><\/span><\/p>\n<p><span style=\"vertical-align: inherit;\"><span style=\"vertical-align: inherit;\">AEW no ha confirmado que la serie haya terminado, pero los mantendremos informados.\u00a0<\/span><\/span><\/p>\n<p><iframe loading=\"lazy\" title=\"Best Of Elevation Featuring Moxley, Darby Allin, Takeshita, Acclaimed &amp; More! | Elevation, Ep 112\" src=\"https:\/\/www.youtube.com\/embed\/8jQ_W7osbxg?feature=oembed\" width=\"500\" height=\"281\" frameborder=\"0\" allowfullscreen=\"allowfullscreen\"><\/iframe><\/p>\n","protected":false},"excerpt":{"rendered":"<p>Aparentemente, AEW ha terminado su serie semanal \u201cDark: Elevation\u201d.<\/p>\n","protected":false},"author":1,"featured_media":177945,"comment_status":"closed","ping_status":"closed","sticky":false,"template":"","format":"standard","meta":{"footnotes":""},"categories":[5,38],"tags":[],"class_list":["post-204998","post","type-post","status-publish","format-standard","has-post-thumbnail","category-noticias","category-noticias-y-rumores-de-la-wwe"],"_links":{"self":[{"href":"https:\/\/www.prwrestling.com\/nw\/wp-json\/wp\/v2\/posts\/204998","targetHints":{"allow":["GET"]}}],"collection":[{"href":"https:\/\/www.prwrestling.com\/nw\/wp-json\/wp\/v2\/posts"}],"about":[{"href":"https:\/\/www.prwrestling.com\/nw\/wp-json\/wp\/v2\/types\/post"}],"author":[{"embeddable":true,"href":"https:\/\/www.prwrestling.com\/nw\/wp-json\/wp\/v2\/users\/1"}],"replies":[{"embeddable":true,"href":"https:\/\/www.prwrestling.com\/nw\/wp-json\/wp\/v2\/comments?post=204998"}],"version-history":[{"count":3,"href":"https:\/\/www.prwrestling.com\/nw\/wp-json\/wp\/v2\/posts\/204998\/revisions"}],"predecessor-version":[{"id":205006,"href":"https:\/\/www.prwrestling.com\/nw\/wp-json\/wp\/v2\/posts\/204998\/revisions\/205006"}],"wp:featuredmedia":[{"embeddable":true,"href":"https:\/\/www.prwrestling.com\/nw\/wp-json\/wp\/v2\/media\/177945"}],"wp:attachment":[{"href":"https:\/\/www.prwrestling.com\/nw\/wp-json\/wp\/v2\/media?parent=204998"}],"wp:term":[{"taxonomy":"category","embeddable":true,"href":"https:\/\/www.prwrestling.com\/nw\/wp-json\/wp\/v2\/categories?post=204998"},{"taxonomy":"post_tag","embeddable":true,"href":"https:\/\/www.prwrestling.com\/nw\/wp-json\/wp\/v2\/tags?post=204998"}],"curies":[{"name":"wp","href":"https:\/\/api.w.org\/{rel}","templated":true}]}}