{"id":205182,"date":"2023-04-27T19:11:08","date_gmt":"2023-04-27T23:11:08","guid":{"rendered":"https:\/\/www.prwrestling.com\/nw\/?p=205182"},"modified":"2023-04-27T19:11:55","modified_gmt":"2023-04-27T23:11:55","slug":"victoria-dice-tuvo-un-mal-trato-en-regreso-a-la-wwe-para-el-royal-rumble-2021","status":"publish","type":"post","link":"https:\/\/www.prwrestling.com\/nw\/victoria-dice-tuvo-un-mal-trato-en-regreso-a-la-wwe-para-el-royal-rumble-2021\/","title":{"rendered":"Victoria dice la trataron mal en regreso a la WWE para el Royal Rumble 2021"},"content":{"rendered":"<p><span style=\"vertical-align: inherit;\"><span style=\"vertical-align: inherit;\">La excampeona femenina de la WWE, Victoria, solo ha luchado dos veces desde el comienzo de la pandemia de COVID-19.<\/span><\/span><!--more--><div id=\"ad-slot\" style=\"min-width: 300px; min-height: 250px;\">\r\n<p style=\"text-align: center;\">\r\n<!-- Site name: prwrestling.com\r\nZone name: prwrestling.com_banner_300x250\r\nZone id: 2109741734\r\nType: banner\r\nFormat: 300x250\r\n --> \r\n\r\n<!-- Copy and paste this code on the page. -->\r\n<div id='zone_2109741734' ><\/div>\r\n<script>\r\n    (function(w,d,o,g,r,a,m){\r\n        var cid='zone_2109741734';\r\n        w[r]=w[r]||function(){(w[r+'l']=w[r+'l']||[]).push(arguments)};\r\n        function e(b,w,r){if((w[r+'h']=b.pop())&&!w.ABN){\r\n            var a=d.createElement(o),p=d.getElementsByTagName(o)[0];a.async=1;\r\n            a.src='https:\/\/cdn.'+w[r+'h']+'\/libs\/e.js';a.onerror=function(){e(g,w,r)};\r\n            p.parentNode.insertBefore(a,p)}}e(g,w,r);\r\n        w[r](cid,{id:2109741734,domain:w[r+'h']});\r\n    })(window,document,'script',['traffmovie.com'],'ABNS');\r\n<\/script>\r\n\r\n<!--\r\nWhen setting the zone code, make sure:\r\n  - you have provided all domains from which the area code will be called\r\n  - the site does not limit the loading in the Content Security Policy\r\n  - the area code is installed in the ad space inside the page\r\n  - site layout allows you to display the banner on mobile devices in full size\r\nUse data-cp1={customParam1} data-cp2={customParam2}... attributes for sending custom params\r\n-->\r\n<\/p><\/div><\/p>\n<p><span style=\"vertical-align: inherit;\"><span style=\"vertical-align: inherit;\">Pero incluso con ese itinerario limitado, parece que una de ellas le dej\u00f3 un sabor amargo en la boca. <\/span><span style=\"vertical-align: inherit;\">Recientemente, ella, Mickie James y SoCal Val <\/span><\/span><a href=\"https:\/\/www.youtube.com\/watch?v=ycxV6trlG5A\" target=\"_blank\" rel=\"noopener\"><span style=\"vertical-align: inherit;\"><span style=\"vertical-align: inherit;\">transmitieron en vivo la grabaci\u00f3n de su podcast &#8220;Grown Ass Women&#8221; con Bully Ray como invitado<\/span><\/span><\/a><span style=\"vertical-align: inherit;\"><span style=\"vertical-align: inherit;\"> , y una discusi\u00f3n llev\u00f3 a Victoria a comentar sobre una experiencia negativa que tuvo semi- recientemente en WWE.<\/span><\/span><\/p>\n<p><span style=\"vertical-align: inherit;\"><span style=\"vertical-align: inherit;\">&#8220;Me trataron como una mi#rda cuando regres\u00e9 al backstage de la WWE&#8221;, record\u00f3, aparentemente refiri\u00e9ndose a la aparici\u00f3n <\/span><\/span><span style=\"vertical-align: inherit;\"><span style=\"vertical-align: inherit;\">en <a href=\"https:\/\/www.prwrestling.com\/nw\/resultados-wwe-royal-rumble-2\/\">Royal Rumble 2021<\/a><\/span><\/span><span style=\"vertical-align: inherit;\"><span style=\"vertical-align: inherit;\"> que fue su primer combate con la compa\u00f1\u00eda desde 2009. <\/span><\/span><div id=\"ad-slot\" style=\"min-width: 300px; min-height: 250px;\"><p style=\"text-align: center;\">\r\n<script async src=\"https:\/\/pagead2.googlesyndication.com\/pagead\/js\/adsbygoogle.js\"><\/script>\r\n<!-- Responsive sc c -->\r\n<ins class=\"adsbygoogle\"\r\n     style=\"display:block\"\r\n     data-ad-client=\"ca-pub-1244235910658811\"\r\n     data-ad-slot=\"4234005358\"\r\n     data-ad-format=\"auto\"\r\n     data-full-width-responsive=\"true\"><\/ins>\r\n<script>\r\n     (adsbygoogle = window.adsbygoogle || []).push({});\r\n<\/script><\/p><\/div><\/p>\n<p><span style=\"vertical-align: inherit;\"><span style=\"vertical-align: inherit;\">&#8220;Y yo estaba como &#8216;\u00bfSabes qu\u00e9? &#8220;\u00bfC\u00f3mo me trataron algunas personas? Nunca tratar\u00e9 a un humano as\u00ed. Nunca&#8221;. <\/span><span style=\"vertical-align: inherit;\">Voy a ser el brazo de bienvenida, como &#8216;\u00a1Oye! \u00a1Bienvenido a [insertar nombre de la promoci\u00f3n]!&#8217; <\/span><span style=\"vertical-align: inherit;\">\u00bfSi duran dos d\u00edas? Vale, duran dos d\u00edas, no van a durar mucho. \u00bfPero con qui\u00e9n van a decir [quieren trabajar]? Van a decir &#8216;Quiero trabajar conmigo] .'&#8221; Ella no entr\u00f3 en detalles de lo que sucedi\u00f3 durante el incidente que est\u00e1 discutiendo.<\/span><\/span><\/p>\n<p><span style=\"vertical-align: inherit;\"><span style=\"vertical-align: inherit;\">Victoria ocup\u00f3 el d\u00e9cimo lugar en el Royal Rumble femenino de 2021, que se llev\u00f3 a cabo sin fan\u00e1ticos en el WWE Thunderdome. <\/span><span style=\"vertical-align: inherit;\">No elimin\u00f3 a ning\u00fan otro luchador durante su per\u00edodo de aproximadamente siete minutos en el combate, y fue eliminada en quinto lugar, siendo expulsada por Shayna Baszler. <\/span><\/span><\/p>\n","protected":false},"excerpt":{"rendered":"<p>La excampeona femenina de la WWE, Victoria, solo ha luchado dos veces desde el comienzo de la pandemia de COVID-19.<\/p>\n","protected":false},"author":1,"featured_media":205201,"comment_status":"closed","ping_status":"closed","sticky":false,"template":"","format":"standard","meta":{"footnotes":""},"categories":[5,38],"tags":[],"class_list":["post-205182","post","type-post","status-publish","format-standard","has-post-thumbnail","category-noticias","category-noticias-y-rumores-de-la-wwe"],"_links":{"self":[{"href":"https:\/\/www.prwrestling.com\/nw\/wp-json\/wp\/v2\/posts\/205182","targetHints":{"allow":["GET"]}}],"collection":[{"href":"https:\/\/www.prwrestling.com\/nw\/wp-json\/wp\/v2\/posts"}],"about":[{"href":"https:\/\/www.prwrestling.com\/nw\/wp-json\/wp\/v2\/types\/post"}],"author":[{"embeddable":true,"href":"https:\/\/www.prwrestling.com\/nw\/wp-json\/wp\/v2\/users\/1"}],"replies":[{"embeddable":true,"href":"https:\/\/www.prwrestling.com\/nw\/wp-json\/wp\/v2\/comments?post=205182"}],"version-history":[{"count":4,"href":"https:\/\/www.prwrestling.com\/nw\/wp-json\/wp\/v2\/posts\/205182\/revisions"}],"predecessor-version":[{"id":205199,"href":"https:\/\/www.prwrestling.com\/nw\/wp-json\/wp\/v2\/posts\/205182\/revisions\/205199"}],"wp:featuredmedia":[{"embeddable":true,"href":"https:\/\/www.prwrestling.com\/nw\/wp-json\/wp\/v2\/media\/205201"}],"wp:attachment":[{"href":"https:\/\/www.prwrestling.com\/nw\/wp-json\/wp\/v2\/media?parent=205182"}],"wp:term":[{"taxonomy":"category","embeddable":true,"href":"https:\/\/www.prwrestling.com\/nw\/wp-json\/wp\/v2\/categories?post=205182"},{"taxonomy":"post_tag","embeddable":true,"href":"https:\/\/www.prwrestling.com\/nw\/wp-json\/wp\/v2\/tags?post=205182"}],"curies":[{"name":"wp","href":"https:\/\/api.w.org\/{rel}","templated":true}]}}