{"id":206,"date":"2014-04-06T03:39:24","date_gmt":"2014-04-06T03:39:24","guid":{"rendered":"http:\/\/prwrestling.com\/nw\/?p=206"},"modified":"2014-04-06T03:45:06","modified_gmt":"2014-04-06T03:45:06","slug":"resumen-exaltacion-de-colon-al-hall-of-fame","status":"publish","type":"post","link":"https:\/\/www.prwrestling.com\/nw\/resumen-exaltacion-de-colon-al-hall-of-fame\/","title":{"rendered":"RESUMEN EXALTACI\u00d3N DE COL\u00d3N AL HALL OF FAME"},"content":{"rendered":"<p><img loading=\"lazy\" decoding=\"async\" class=\"attachment-post-thumbnail alignleft\" alt=\"carlos3\" src=\"http:\/\/prwrestling.com\/nw\/wp-content\/uploads\/2014\/04\/carlos3-150x150.jpg\" width=\"150\" height=\"150\" \/>Carlos Col\u00f3n fue oficialmente exaltado en la noche del s\u00e1bado al Sal\u00f3n de la Fama de la WWE en Nueva Orleans. A continuaci\u00f3n las notas de lo sucedido.<!--more--><\/p>\n<p>Carlito, Eddie y Orlando Colon salen para presentar a Carlos Colon. Coros de Carlito por parte de los fans. Carlito dice estaba acostumbrado a luchar en lugares de bingo y gimnasios as\u00ed que es bueno estar aqu\u00ed. Despu\u00e9s dice que tras bastidores le dijeron que lo mantengan corto para que el show corriera, as\u00ed es que es como si nunca se hubiese ido de la WWE, lo que caus\u00f3 risas en los presentes.<\/p>\n<p>Eddie habla de la carrera de Carlos Colon, luego Orlando continu\u00f3 con la trayectoria. Eddie presenta al \u201cAcr\u00f3bata de Santa Isabel\u201d, Carlitos Colon.<\/p>\n<p>Carlos Colon sale acompa\u00f1ado de Eva Marie y Layla. Habla de sus comienzos en Canad\u00e1, en donde conoci\u00f3 a su esposa Nancy. Habla de sus hijos y familiares. Luego habla de sus oponentes principales y les da gracias: Abdullah the Butcher, Harley Race, Ric Fair, Tully Blanchard, Ducth Mantell, los Funks, Los Briscoes, los Samoas y otros. Dice que est\u00e1 orgulloso se unirse a otra persona de PR, Pedro Morales. Carlos dice SOY BORICUA y en espa\u00f1ol luego dice que le da gracias a Dios por las cosas bonitas, salud y una carrera llena de logros. Luego presenta a su madre. Despu\u00e9s saluda a sus hijos, hermano y amigos de Puerto Rico, despu\u00e9s acepta a nombre de PR los latinos este premio, espera que esto le abra las puertas a otros a que entren al Sal\u00f3n.<\/p>\n<p>Imagenes:<\/p>\n<p><a href=\"http:\/\/prwrestling.com\/nw\/wp-content\/uploads\/2014\/04\/colons.jpg\" target=\"_blank\" rel=\"noopener\"><img loading=\"lazy\" decoding=\"async\" class=\"alignnone  wp-image-209\" alt=\"colons\" src=\"http:\/\/prwrestling.com\/nw\/wp-content\/uploads\/2014\/04\/colons-300x184.jpg\" width=\"400\" height=\"250\" \/><\/a><\/p>\n<p><a href=\"http:\/\/prwrestling.com\/nw\/wp-content\/uploads\/2014\/04\/CARLOS2.jpg\" target=\"_blank\" rel=\"noopener\"><img loading=\"lazy\" decoding=\"async\" class=\"alignnone  wp-image-211\" alt=\"CARLOS2\" src=\"http:\/\/prwrestling.com\/nw\/wp-content\/uploads\/2014\/04\/CARLOS2-300x184.jpg\" width=\"400\" height=\"250\" \/><\/a><\/p>\n<p><a href=\"http:\/\/prwrestling.com\/nw\/wp-content\/uploads\/2014\/04\/carlos4.jpg\" target=\"_blank\" rel=\"noopener\"><img loading=\"lazy\" decoding=\"async\" class=\"alignnone  wp-image-212\" alt=\"carlos4\" src=\"http:\/\/prwrestling.com\/nw\/wp-content\/uploads\/2014\/04\/carlos4-300x184.jpg\" width=\"400\" height=\"250\" \/><\/a><\/p>\n","protected":false},"excerpt":{"rendered":"<p>Carlos Col\u00f3n fue oficialmente exaltado en la noche del s\u00e1bado al Sal\u00f3n de la Fama de la WWE en Nueva Orleans. A continuaci\u00f3n las notas de lo sucedido.<\/p>\n","protected":false},"author":1,"featured_media":207,"comment_status":"closed","ping_status":"open","sticky":false,"template":"","format":"standard","meta":{"footnotes":""},"categories":[5],"tags":[],"class_list":{"0":"post-206","1":"post","2":"type-post","3":"status-publish","4":"format-standard","5":"has-post-thumbnail","7":"category-noticias"},"_links":{"self":[{"href":"https:\/\/www.prwrestling.com\/nw\/wp-json\/wp\/v2\/posts\/206","targetHints":{"allow":["GET"]}}],"collection":[{"href":"https:\/\/www.prwrestling.com\/nw\/wp-json\/wp\/v2\/posts"}],"about":[{"href":"https:\/\/www.prwrestling.com\/nw\/wp-json\/wp\/v2\/types\/post"}],"author":[{"embeddable":true,"href":"https:\/\/www.prwrestling.com\/nw\/wp-json\/wp\/v2\/users\/1"}],"replies":[{"embeddable":true,"href":"https:\/\/www.prwrestling.com\/nw\/wp-json\/wp\/v2\/comments?post=206"}],"version-history":[{"count":5,"href":"https:\/\/www.prwrestling.com\/nw\/wp-json\/wp\/v2\/posts\/206\/revisions"}],"predecessor-version":[{"id":215,"href":"https:\/\/www.prwrestling.com\/nw\/wp-json\/wp\/v2\/posts\/206\/revisions\/215"}],"wp:featuredmedia":[{"embeddable":true,"href":"https:\/\/www.prwrestling.com\/nw\/wp-json\/wp\/v2\/media\/207"}],"wp:attachment":[{"href":"https:\/\/www.prwrestling.com\/nw\/wp-json\/wp\/v2\/media?parent=206"}],"wp:term":[{"taxonomy":"category","embeddable":true,"href":"https:\/\/www.prwrestling.com\/nw\/wp-json\/wp\/v2\/categories?post=206"},{"taxonomy":"post_tag","embeddable":true,"href":"https:\/\/www.prwrestling.com\/nw\/wp-json\/wp\/v2\/tags?post=206"}],"curies":[{"name":"wp","href":"https:\/\/api.w.org\/{rel}","templated":true}]}}