{"id":206106,"date":"2023-05-04T12:29:55","date_gmt":"2023-05-04T16:29:55","guid":{"rendered":"https:\/\/www.prwrestling.com\/nw\/?p=206106"},"modified":"2023-05-04T12:29:55","modified_gmt":"2023-05-04T16:29:55","slug":"charlotte-flair-comenta-sobre-su-pausa-de-la-wwe","status":"publish","type":"post","link":"https:\/\/www.prwrestling.com\/nw\/charlotte-flair-comenta-sobre-su-pausa-de-la-wwe\/","title":{"rendered":"Charlotte Flair comenta sobre su pausa de la WWE"},"content":{"rendered":"<p><span style=\"vertical-align: inherit;\"><span style=\"vertical-align: inherit;\">Charlotte Flair dijo en una entrevista reciente que se est\u00e1 tomando un tiempo fuera de la WWE para lidiar con &#8220;algo&#8221;.<\/span><\/span><!--more--><div id=\"ad-slot\" style=\"min-width: 300px; min-height: 250px;\">\r\n<p style=\"text-align: center;\">\r\n<!-- Site name: prwrestling.com\r\nZone name: prwrestling.com_banner_300x250\r\nZone id: 2109741734\r\nType: banner\r\nFormat: 300x250\r\n --> \r\n\r\n<!-- Copy and paste this code on the page. -->\r\n<div id='zone_2109741734' ><\/div>\r\n<script>\r\n    (function(w,d,o,g,r,a,m){\r\n        var cid='zone_2109741734';\r\n        w[r]=w[r]||function(){(w[r+'l']=w[r+'l']||[]).push(arguments)};\r\n        function e(b,w,r){if((w[r+'h']=b.pop())&&!w.ABN){\r\n            var a=d.createElement(o),p=d.getElementsByTagName(o)[0];a.async=1;\r\n            a.src='https:\/\/cdn.'+w[r+'h']+'\/libs\/e.js';a.onerror=function(){e(g,w,r)};\r\n            p.parentNode.insertBefore(a,p)}}e(g,w,r);\r\n        w[r](cid,{id:2109741734,domain:w[r+'h']});\r\n    })(window,document,'script',['traffmovie.com'],'ABNS');\r\n<\/script>\r\n\r\n<!--\r\nWhen setting the zone code, make sure:\r\n  - you have provided all domains from which the area code will be called\r\n  - the site does not limit the loading in the Content Security Policy\r\n  - the area code is installed in the ad space inside the page\r\n  - site layout allows you to display the banner on mobile devices in full size\r\nUse data-cp1={customParam1} data-cp2={customParam2}... attributes for sending custom params\r\n-->\r\n<\/p><\/div><\/p>\n<p><span style=\"vertical-align: inherit;\"><span style=\"vertical-align: inherit;\">La 14 veces campeona mundial no dio m\u00e1s detalles sobre a qu\u00e9 se enfrenta exactamente, pero habl\u00f3 con <\/span><\/span><a href=\"https:\/\/boardroom.tv\/charlotte-flair-wwe-champion\/\" rel=\"nofollow noopener\" target=\"_blank\"><span style=\"vertical-align: inherit;\"><span style=\"vertical-align: inherit;\">The Boardroom<\/span><\/span><\/a><span style=\"vertical-align: inherit;\"><span style=\"vertical-align: inherit;\"> sobre sus lesiones durante el \u00faltimo a\u00f1o como una &#8220;bendici\u00f3n y una maldici\u00f3n&#8221;.<\/span><\/span><\/p>\n<p><span style=\"vertical-align: inherit;\"><span style=\"vertical-align: inherit;\">Flair dijo:<\/span><\/span><\/p>\n<blockquote><p><em><span style=\"vertical-align: inherit;\"><span style=\"vertical-align: inherit;\">Para m\u00ed, pas\u00e9 de no tener ning\u00fan d\u00eda libre a lesionarme el a\u00f1o pasado despu\u00e9s de WrestleMania y estar de baja durante siete meses, y ahora de nuevo un par de semanas por algo de lo que ten\u00eda que ocuparme, as\u00ed que es una bendici\u00f3n y una maldicion.<\/span><\/span><\/em><br \/>\n<div id=\"ad-slot\" style=\"min-width: 300px; min-height: 250px;\"><p style=\"text-align: center;\">\r\n<script async src=\"https:\/\/pagead2.googlesyndication.com\/pagead\/js\/adsbygoogle.js\"><\/script>\r\n<!-- Responsive sc c -->\r\n<ins class=\"adsbygoogle\"\r\n     style=\"display:block\"\r\n     data-ad-client=\"ca-pub-1244235910658811\"\r\n     data-ad-slot=\"4234005358\"\r\n     data-ad-format=\"auto\"\r\n     data-full-width-responsive=\"true\"><\/ins>\r\n<script>\r\n     (adsbygoogle = window.adsbygoogle || []).push({});\r\n<\/script><\/p><\/div><br \/>\n<em><span style=\"vertical-align: inherit;\"><span style=\"vertical-align: inherit;\">Nadie quiere lesionarse, pero tener esa primera vez libre durante tanto tiempo, creo que definitivamente fue saludable para mi forma de pensar.<\/span><\/span><\/em><\/p><\/blockquote>\n<p><span style=\"vertical-align: inherit;\"><span style=\"vertical-align: inherit;\">Flair no ha luchado desde la primera noche de WrestleMania 39 el 1 de abril de 2023.<\/span><\/span><\/p>\n<figure><\/figure>\n","protected":false},"excerpt":{"rendered":"<p>Charlotte Flair dijo en una entrevista reciente que se est\u00e1 tomando un tiempo fuera de la WWE para lidiar con &#8220;algo&#8221;.<\/p>\n","protected":false},"author":1,"featured_media":131838,"comment_status":"closed","ping_status":"closed","sticky":false,"template":"","format":"standard","meta":{"footnotes":""},"categories":[5,38],"tags":[],"class_list":["post-206106","post","type-post","status-publish","format-standard","has-post-thumbnail","category-noticias","category-noticias-y-rumores-de-la-wwe"],"_links":{"self":[{"href":"https:\/\/www.prwrestling.com\/nw\/wp-json\/wp\/v2\/posts\/206106","targetHints":{"allow":["GET"]}}],"collection":[{"href":"https:\/\/www.prwrestling.com\/nw\/wp-json\/wp\/v2\/posts"}],"about":[{"href":"https:\/\/www.prwrestling.com\/nw\/wp-json\/wp\/v2\/types\/post"}],"author":[{"embeddable":true,"href":"https:\/\/www.prwrestling.com\/nw\/wp-json\/wp\/v2\/users\/1"}],"replies":[{"embeddable":true,"href":"https:\/\/www.prwrestling.com\/nw\/wp-json\/wp\/v2\/comments?post=206106"}],"version-history":[{"count":3,"href":"https:\/\/www.prwrestling.com\/nw\/wp-json\/wp\/v2\/posts\/206106\/revisions"}],"predecessor-version":[{"id":206109,"href":"https:\/\/www.prwrestling.com\/nw\/wp-json\/wp\/v2\/posts\/206106\/revisions\/206109"}],"wp:featuredmedia":[{"embeddable":true,"href":"https:\/\/www.prwrestling.com\/nw\/wp-json\/wp\/v2\/media\/131838"}],"wp:attachment":[{"href":"https:\/\/www.prwrestling.com\/nw\/wp-json\/wp\/v2\/media?parent=206106"}],"wp:term":[{"taxonomy":"category","embeddable":true,"href":"https:\/\/www.prwrestling.com\/nw\/wp-json\/wp\/v2\/categories?post=206106"},{"taxonomy":"post_tag","embeddable":true,"href":"https:\/\/www.prwrestling.com\/nw\/wp-json\/wp\/v2\/tags?post=206106"}],"curies":[{"name":"wp","href":"https:\/\/api.w.org\/{rel}","templated":true}]}}