{"id":206254,"date":"2023-05-05T12:21:55","date_gmt":"2023-05-05T16:21:55","guid":{"rendered":"https:\/\/www.prwrestling.com\/nw\/?p=206254"},"modified":"2023-05-05T12:51:09","modified_gmt":"2023-05-05T16:51:09","slug":"resumen-conferencia-de-prensa-wwe-backlash-en-san-juan-puerto-rico","status":"publish","type":"post","link":"https:\/\/www.prwrestling.com\/nw\/resumen-conferencia-de-prensa-wwe-backlash-en-san-juan-puerto-rico\/","title":{"rendered":"Resumen conferencia de prensa WWE Backlash en San Juan, Puerto Rico"},"content":{"rendered":"<p>WWE celebr\u00f3 la conferencia de prensa de Backlash en la tarde de hoy en las afueras del Coliseo de Puerto Rico.<!--more--><div id=\"ad-slot\" style=\"min-width: 300px; min-height: 250px;\">\r\n<p style=\"text-align: center;\">\r\n<script async src=\"https:\/\/pagead2.googlesyndication.com\/pagead\/js\/adsbygoogle.js\"><\/script>\r\n<!-- 300x250 sc a -->\r\n<ins class=\"adsbygoogle\"\r\n     style=\"display:inline-block;width:300px;height:250px\"\r\n     data-ad-client=\"ca-pub-1244235910658811\"\r\n     data-ad-slot=\"8592682546\"><\/ins>\r\n<script>\r\n     (adsbygoogle = window.adsbygoogle || []).push({});\r\n<\/script><\/center>\r\n<\/p><\/div><br \/>\nUna buena y euf\u00f3rica multitud de fans estuvieron presentes en la actividad.<\/p>\n<p><strong>El primer turno fue de Zelina Vega \/ Rey Mysterio y Rhea Ripley \/ Dominick.<\/strong><\/p>\n<p>Odio nuclear hacia Dominick, con coros de \u201cmamab*cho\u201d, cual Rey tambi\u00e9n se lo dijo. Dominick adem\u00e1s le dijo a los presentes \u201cCallense cabr#ones\u201d.<\/p>\n<p>Adem\u00e1s hubo fuertes coros de \u201cmami\u201d hacia Ripley. Luego de intercambiar palabras se pararon de frente una a la otra.<\/p>\n<blockquote class=\"twitter-tweet\">\n<p dir=\"ltr\" lang=\"en\">.<a href=\"https:\/\/twitter.com\/RheaRipley_WWE?ref_src=twsrc%5Etfw\" target=\"_blank\" rel=\"noopener\">@RheaRipley_WWE<\/a> did not hold back on <a href=\"https:\/\/twitter.com\/ZelinaVegaWWE?ref_src=twsrc%5Etfw\" target=\"_blank\" rel=\"noopener\">@ZelinaVegaWWE<\/a> &#x1f633;<\/p>\n<p>It&#8217;s gonna be a fun one for the <a href=\"https:\/\/twitter.com\/hashtag\/SmackDown?src=hash&amp;ref_src=twsrc%5Etfw\" target=\"_blank\" rel=\"noopener\">#SmackDown<\/a> Women&#8217;s Championship tomorrow at <a href=\"https:\/\/twitter.com\/hashtag\/WWEBacklash?src=hash&amp;ref_src=twsrc%5Etfw\" target=\"_blank\" rel=\"noopener\">#WWEBacklash<\/a>! <a href=\"https:\/\/t.co\/Bnb9i66A4G\">pic.twitter.com\/Bnb9i66A4G<\/a><\/p>\n<p>\u2014 WWE (@WWE) <a href=\"https:\/\/twitter.com\/WWE\/status\/1654520149913812993?ref_src=twsrc%5Etfw\" target=\"_blank\" rel=\"noopener\">May 5, 2023<\/a><\/p><\/blockquote>\n<p><script async src=\"https:\/\/platform.twitter.com\/widgets.js\" charset=\"utf-8\"><\/script><br \/>\n<strong>Presentan a Triple H.<\/strong><br \/>\n<div id=\"ad-slot\" style=\"min-width: 300px; min-height: 250px;\"><p style=\"text-align: center;\">\r\n<script async src=\"https:\/\/pagead2.googlesyndication.com\/pagead\/js\/adsbygoogle.js\"><\/script>\r\n<!-- Responsive sc c -->\r\n<ins class=\"adsbygoogle\"\r\n     style=\"display:block\"\r\n     data-ad-client=\"ca-pub-1244235910658811\"\r\n     data-ad-slot=\"4234005358\"\r\n     data-ad-format=\"auto\"\r\n     data-full-width-responsive=\"true\"><\/ins>\r\n<script>\r\n     (adsbygoogle = window.adsbygoogle || []).push({});\r\n<\/script><\/p><\/div><br \/>\nCoros de \u201cThank you Hunter\u201d. Este recuerda que en el ultimo PLA de WWE \u00e9l fue quien sali\u00f3 como campe\u00f3n. Luego presenta a Cody Rhodes.<\/p>\n<p><strong>Cody<\/strong> sale ante fuertes coros de \u201cCody, Cody\u201d, y por supuesto corearon su tema de entrada. Cody dice que hablar\u00e1 mucho de Lesnar hoy en Smackdown.<\/p>\n<p>Luego presenta a personas del gobierno de PR que ayudaron a traer el evento. Les entregaron un campeonato conmemorativo a cada uno de ellos.<\/p>\n<blockquote class=\"twitter-tweet\">\n<p dir=\"ltr\" lang=\"en\">.<a href=\"https:\/\/twitter.com\/CodyRhodes?ref_src=twsrc%5Etfw\" target=\"_blank\" rel=\"noopener\">@CodyRhodes<\/a> has arrived to the <a href=\"https:\/\/twitter.com\/hashtag\/WWEBacklash?src=hash&amp;ref_src=twsrc%5Etfw\" target=\"_blank\" rel=\"noopener\">#WWEBacklash<\/a> Press Conference! <a href=\"https:\/\/t.co\/0yB5Rs7gcz\">pic.twitter.com\/0yB5Rs7gcz<\/a><\/p>\n<p>\u2014 WWE (@WWE) <a href=\"https:\/\/twitter.com\/WWE\/status\/1654521045695582209?ref_src=twsrc%5Etfw\" target=\"_blank\" rel=\"noopener\">May 5, 2023<\/a><\/p><\/blockquote>\n<p><script async src=\"https:\/\/platform.twitter.com\/widgets.js\" charset=\"utf-8\"><\/script><br \/>\nHunter luego anuncia que este lunes en Raw comienza un torneo por el campeonato Mundial nuevo. El ganador ser\u00e1 coronado en Night of Champions.<\/p>\n<p><strong>Presentan a Bad Bunny<\/strong>, quien sale ante coros de \u201cBenito\u201d. Bunny dijo que no pudo ir a New Years Revolution porque era muy peque\u00f1o, pero estara rompiendole la cara al \u201ccabr#n\u201d de Damien Priest en Backlash.<\/p>\n<p><strong>Sale Damien Priest<\/strong>. Abucheos a Damian. Este empieza a hablar en ingles y los fans le gritan \u201cespa\u00f1ol\u201d. \u201cMa\u00f1ana recibir\u00e1s tu castigo\u201d.<\/p>\n<p>\u201cEstamos en Puerto Rico, cabr#n\u201d, le dijo Bunny. \u201cTe respeto como luchador, pero como persona eres un lambebich#\u201d.<\/p>\n<p>Ambos se paran de frente y Damian lo empuja al piso. Bunny luego le pega bofetada y Triple H aguanta a Priest. Bunny saluda a los fans para asi terminar la conferencia.<\/p>\n<blockquote class=\"twitter-tweet\">\n<p dir=\"ltr\" lang=\"en\">&#x1f631;&#x1f631;&#x1f631;<\/p>\n<p>Things just got physical between <a href=\"https:\/\/twitter.com\/ArcherOfInfamy?ref_src=twsrc%5Etfw\" target=\"_blank\" rel=\"noopener\">@ArcherOfInfamy<\/a> and <a href=\"https:\/\/twitter.com\/sanbenito?ref_src=twsrc%5Etfw\" target=\"_blank\" rel=\"noopener\">@sanbenito<\/a>!!!<a href=\"https:\/\/twitter.com\/hashtag\/WWEBacklash?src=hash&amp;ref_src=twsrc%5Etfw\" target=\"_blank\" rel=\"noopener\">#WWEBacklash<\/a> <a href=\"https:\/\/t.co\/OO17R7Edl6\">pic.twitter.com\/OO17R7Edl6<\/a><\/p>\n<p>\u2014 WWE (@WWE) <a href=\"https:\/\/twitter.com\/WWE\/status\/1654524814701240325?ref_src=twsrc%5Etfw\" target=\"_blank\" rel=\"noopener\">May 5, 2023<\/a><\/p><\/blockquote>\n<p><script async src=\"https:\/\/platform.twitter.com\/widgets.js\" charset=\"utf-8\"><\/script><\/p>\n","protected":false},"excerpt":{"rendered":"<p>WWE celebr\u00f3 la conferencia de prensa de Backlash en la tarde de hoy en las afueras del Coliseo de Puerto Rico.<\/p>\n","protected":false},"author":1,"featured_media":206259,"comment_status":"closed","ping_status":"closed","sticky":false,"template":"","format":"standard","meta":{"footnotes":""},"categories":[5,38],"tags":[],"class_list":{"0":"post-206254","1":"post","2":"type-post","3":"status-publish","4":"format-standard","5":"has-post-thumbnail","7":"category-noticias","8":"category-noticias-y-rumores-de-la-wwe"},"_links":{"self":[{"href":"https:\/\/www.prwrestling.com\/nw\/wp-json\/wp\/v2\/posts\/206254","targetHints":{"allow":["GET"]}}],"collection":[{"href":"https:\/\/www.prwrestling.com\/nw\/wp-json\/wp\/v2\/posts"}],"about":[{"href":"https:\/\/www.prwrestling.com\/nw\/wp-json\/wp\/v2\/types\/post"}],"author":[{"embeddable":true,"href":"https:\/\/www.prwrestling.com\/nw\/wp-json\/wp\/v2\/users\/1"}],"replies":[{"embeddable":true,"href":"https:\/\/www.prwrestling.com\/nw\/wp-json\/wp\/v2\/comments?post=206254"}],"version-history":[{"count":6,"href":"https:\/\/www.prwrestling.com\/nw\/wp-json\/wp\/v2\/posts\/206254\/revisions"}],"predecessor-version":[{"id":206266,"href":"https:\/\/www.prwrestling.com\/nw\/wp-json\/wp\/v2\/posts\/206254\/revisions\/206266"}],"wp:featuredmedia":[{"embeddable":true,"href":"https:\/\/www.prwrestling.com\/nw\/wp-json\/wp\/v2\/media\/206259"}],"wp:attachment":[{"href":"https:\/\/www.prwrestling.com\/nw\/wp-json\/wp\/v2\/media?parent=206254"}],"wp:term":[{"taxonomy":"category","embeddable":true,"href":"https:\/\/www.prwrestling.com\/nw\/wp-json\/wp\/v2\/categories?post=206254"},{"taxonomy":"post_tag","embeddable":true,"href":"https:\/\/www.prwrestling.com\/nw\/wp-json\/wp\/v2\/tags?post=206254"}],"curies":[{"name":"wp","href":"https:\/\/api.w.org\/{rel}","templated":true}]}}