{"id":206371,"date":"2023-05-13T08:58:35","date_gmt":"2023-05-13T12:58:35","guid":{"rendered":"https:\/\/www.prwrestling.com\/nw\/?p=206371"},"modified":"2023-05-13T08:58:35","modified_gmt":"2023-05-13T12:58:35","slug":"noticias-tras-bastidores-sobre-omos-tras-lucha-en-wwe-backlash","status":"publish","type":"post","link":"https:\/\/www.prwrestling.com\/nw\/noticias-tras-bastidores-sobre-omos-tras-lucha-en-wwe-backlash\/","title":{"rendered":"Noticias tras bastidores sobre Omos tras lucha en WWE Backlash"},"content":{"rendered":"<p>El reciente evento en vivo de WWE Backlash vio a Seth Rollins derrotar a Omos en su primer combate, que termin\u00f3 superando muchas expectativas.<!--more--><div id=\"ad-slot\" style=\"min-width: 300px; min-height: 250px;\">\r\n<p style=\"text-align: center;\">\r\n<!-- Site name: prwrestling.com\r\nZone name: prwrestling.com_banner_300x250\r\nZone id: 2109741734\r\nType: banner\r\nFormat: 300x250\r\n --> \r\n\r\n<!-- Copy and paste this code on the page. -->\r\n<div id='zone_2109741734' ><\/div>\r\n<script>\r\n    (function(w,d,o,g,r,a,m){\r\n        var cid='zone_2109741734';\r\n        w[r]=w[r]||function(){(w[r+'l']=w[r+'l']||[]).push(arguments)};\r\n        function e(b,w,r){if((w[r+'h']=b.pop())&&!w.ABN){\r\n            var a=d.createElement(o),p=d.getElementsByTagName(o)[0];a.async=1;\r\n            a.src='https:\/\/cdn.'+w[r+'h']+'\/libs\/e.js';a.onerror=function(){e(g,w,r)};\r\n            p.parentNode.insertBefore(a,p)}}e(g,w,r);\r\n        w[r](cid,{id:2109741734,domain:w[r+'h']});\r\n    })(window,document,'script',['traffmovie.com'],'ABNS');\r\n<\/script>\r\n\r\n<!--\r\nWhen setting the zone code, make sure:\r\n  - you have provided all domains from which the area code will be called\r\n  - the site does not limit the loading in the Content Security Policy\r\n  - the area code is installed in the ad space inside the page\r\n  - site layout allows you to display the banner on mobile devices in full size\r\nUse data-cp1={customParam1} data-cp2={customParam2}... attributes for sending custom params\r\n-->\r\n<\/p><\/div><br \/>\nUn nuevo informe de PWInsider se\u00f1ala que hubo mucha felicidad interna con Omos y c\u00f3mo se desempe\u00f1\u00f3 en la lucha contra Rollins.<\/p>\n<p>Hab\u00eda una sensaci\u00f3n dentro de la WWE de que este era uno de los mejores combates que Omos hab\u00eda tenido.<br \/>\n<div id=\"ad-slot\" style=\"min-width: 300px; min-height: 250px;\"><p style=\"text-align: center;\">\r\n<script async src=\"https:\/\/pagead2.googlesyndication.com\/pagead\/js\/adsbygoogle.js\"><\/script>\r\n<!-- Responsive sc c -->\r\n<ins class=\"adsbygoogle\"\r\n     style=\"display:block\"\r\n     data-ad-client=\"ca-pub-1244235910658811\"\r\n     data-ad-slot=\"4234005358\"\r\n     data-ad-format=\"auto\"\r\n     data-full-width-responsive=\"true\"><\/ins>\r\n<script>\r\n     (adsbygoogle = window.adsbygoogle || []).push({});\r\n<\/script><\/p><\/div><br \/>\nOmos no apareci\u00f3 en RAW de esta semana para un seguimiento de Backlash. Sin embargo, se espera que reciba m\u00e1s impulso despu\u00e9s de salir del Draft de la WWE como agente libre, junto con MVP.<\/p>\n<p>Para aquellos que se lo perdieron, a continuaci\u00f3n hay im\u00e1genes de Omos vs. Rollins en Backlash:<br \/>\n<iframe loading=\"lazy\" width=\"500\" height=\"282\" src=\"https:\/\/www.youtube.com\/embed\/gsz_MPogHmw\" title=\"Seth &quot;Freakin&quot; Rollins vs. Omos: WWE Backlash 2023 highlights\" frameborder=\"0\" allow=\"accelerometer; autoplay; clipboard-write; encrypted-media; gyroscope; picture-in-picture; web-share\" allowfullscreen><\/iframe><\/p>\n","protected":false},"excerpt":{"rendered":"<p>El reciente evento en vivo de WWE Backlash vio a Seth Rollins derrotar a Omos en su primer combate, que termin\u00f3 superando muchas expectativas.<\/p>\n","protected":false},"author":1,"featured_media":179215,"comment_status":"closed","ping_status":"closed","sticky":false,"template":"","format":"standard","meta":{"footnotes":""},"categories":[5,38],"tags":[],"class_list":["post-206371","post","type-post","status-publish","format-standard","has-post-thumbnail","category-noticias","category-noticias-y-rumores-de-la-wwe"],"_links":{"self":[{"href":"https:\/\/www.prwrestling.com\/nw\/wp-json\/wp\/v2\/posts\/206371","targetHints":{"allow":["GET"]}}],"collection":[{"href":"https:\/\/www.prwrestling.com\/nw\/wp-json\/wp\/v2\/posts"}],"about":[{"href":"https:\/\/www.prwrestling.com\/nw\/wp-json\/wp\/v2\/types\/post"}],"author":[{"embeddable":true,"href":"https:\/\/www.prwrestling.com\/nw\/wp-json\/wp\/v2\/users\/1"}],"replies":[{"embeddable":true,"href":"https:\/\/www.prwrestling.com\/nw\/wp-json\/wp\/v2\/comments?post=206371"}],"version-history":[{"count":1,"href":"https:\/\/www.prwrestling.com\/nw\/wp-json\/wp\/v2\/posts\/206371\/revisions"}],"predecessor-version":[{"id":206372,"href":"https:\/\/www.prwrestling.com\/nw\/wp-json\/wp\/v2\/posts\/206371\/revisions\/206372"}],"wp:featuredmedia":[{"embeddable":true,"href":"https:\/\/www.prwrestling.com\/nw\/wp-json\/wp\/v2\/media\/179215"}],"wp:attachment":[{"href":"https:\/\/www.prwrestling.com\/nw\/wp-json\/wp\/v2\/media?parent=206371"}],"wp:term":[{"taxonomy":"category","embeddable":true,"href":"https:\/\/www.prwrestling.com\/nw\/wp-json\/wp\/v2\/categories?post=206371"},{"taxonomy":"post_tag","embeddable":true,"href":"https:\/\/www.prwrestling.com\/nw\/wp-json\/wp\/v2\/tags?post=206371"}],"curies":[{"name":"wp","href":"https:\/\/api.w.org\/{rel}","templated":true}]}}