{"id":207293,"date":"2023-05-21T14:53:54","date_gmt":"2023-05-21T18:53:54","guid":{"rendered":"https:\/\/www.prwrestling.com\/nw\/?p=207293"},"modified":"2023-05-21T14:57:59","modified_gmt":"2023-05-21T18:57:59","slug":"dakota-kai-se-lesiono-en-la-misma-lucha-que-liv-morgan","status":"publish","type":"post","link":"https:\/\/www.prwrestling.com\/nw\/dakota-kai-se-lesiono-en-la-misma-lucha-que-liv-morgan\/","title":{"rendered":"Dakota Kai se lesion\u00f3 en la misma lucha que Liv Morgan"},"content":{"rendered":"<p dir=\"ltr\"><span style=\"vertical-align: inherit;\"><span style=\"vertical-align: inherit;\">El virus de las lesiones parece estar afectando a la divisi\u00f3n femenina de la WWE. <\/span><\/span><\/p>\n<p><!--more--><div id=\"ad-slot\" style=\"min-width: 300px; min-height: 250px;\">\r\n<p style=\"text-align: center;\">\r\n<!-- Site name: prwrestling.com\r\nZone name: prwrestling.com_banner_300x250\r\nZone id: 2109741734\r\nType: banner\r\nFormat: 300x250\r\n --> \r\n\r\n<!-- Copy and paste this code on the page. -->\r\n<div id='zone_2109741734' ><\/div>\r\n<script>\r\n    (function(w,d,o,g,r,a,m){\r\n        var cid='zone_2109741734';\r\n        w[r]=w[r]||function(){(w[r+'l']=w[r+'l']||[]).push(arguments)};\r\n        function e(b,w,r){if((w[r+'h']=b.pop())&&!w.ABN){\r\n            var a=d.createElement(o),p=d.getElementsByTagName(o)[0];a.async=1;\r\n            a.src='https:\/\/cdn.'+w[r+'h']+'\/libs\/e.js';a.onerror=function(){e(g,w,r)};\r\n            p.parentNode.insertBefore(a,p)}}e(g,w,r);\r\n        w[r](cid,{id:2109741734,domain:w[r+'h']});\r\n    })(window,document,'script',['traffmovie.com'],'ABNS');\r\n<\/script>\r\n\r\n<!--\r\nWhen setting the zone code, make sure:\r\n  - you have provided all domains from which the area code will be called\r\n  - the site does not limit the loading in the Content Security Policy\r\n  - the area code is installed in the ad space inside the page\r\n  - site layout allows you to display the banner on mobile devices in full size\r\nUse data-cp1={customParam1} data-cp2={customParam2}... attributes for sending custom params\r\n-->\r\n<\/p><\/div><\/p>\n<p dir=\"ltr\"><span style=\"vertical-align: inherit;\"><span style=\"vertical-align: inherit;\">Tras la noticia de una <\/span><\/span><span style=\"vertical-align: inherit;\"><span style=\"vertical-align: inherit;\">lesi\u00f3n sufrida por Liv Morgan<\/span><\/span><span style=\"vertical-align: inherit;\"><span style=\"vertical-align: inherit;\"> , <\/span><\/span><a href=\"https:\/\/www.patreon.com\/posts\/select-portions-83297521\" target=\"_blank\" rel=\"noopener\"><span style=\"vertical-align: inherit;\"><span style=\"vertical-align: inherit;\">Fightful Select<\/span><\/span><\/a><span style=\"vertical-align: inherit;\"><span style=\"vertical-align: inherit;\"> ha confirmado que Dakota Kai tambi\u00e9n ha sido puesta en el estante. <\/span><\/span><\/p>\n<p dir=\"ltr\"><span style=\"vertical-align: inherit;\"><span style=\"vertical-align: inherit;\">Morgan y Kai compitieron por \u00faltima vez en la <\/span><\/span><span style=\"vertical-align: inherit;\"><span style=\"vertical-align: inherit;\">edici\u00f3n del 12 de mayo de &#8220;SmackDown&#8221;<\/span><\/span><span style=\"vertical-align: inherit;\"><span style=\"vertical-align: inherit;\"> cuando Morgan y Raquel Rodr\u00edguez defendieron los Campeonatos de Parejas Femeninos de la WWE contra Kai y Bayley. <\/span><\/span><\/p>\n<div id=\"ad-slot\" style=\"min-width: 300px; min-height: 250px;\"><p style=\"text-align: center;\">\r\n<script async src=\"https:\/\/pagead2.googlesyndication.com\/pagead\/js\/adsbygoogle.js\"><\/script>\r\n<!-- Responsive sc c -->\r\n<ins class=\"adsbygoogle\"\r\n     style=\"display:block\"\r\n     data-ad-client=\"ca-pub-1244235910658811\"\r\n     data-ad-slot=\"4234005358\"\r\n     data-ad-format=\"auto\"\r\n     data-full-width-responsive=\"true\"><\/ins>\r\n<script>\r\n     (adsbygoogle = window.adsbygoogle || []).push({});\r\n<\/script><\/p><\/div>\n<p dir=\"ltr\"><span style=\"vertical-align: inherit;\"><span style=\"vertical-align: inherit;\">Esa lucha ahora se conocer que result\u00f3 con dos bajas, ya que tanto Morgan como Kai sufrieron lesiones durante sus presentaciones.<\/span><\/span><\/p>\n<p><span style=\"vertical-align: inherit;\"><span style=\"vertical-align: inherit;\">Una semana despu\u00e9s de su combate, Rodr\u00edguez anunci\u00f3 que ella y Morgan se vieron\u00a0 <\/span><\/span><span style=\"vertical-align: inherit;\"><span style=\"vertical-align: inherit;\">obligadas a dejar vacantes los Campeonatos. <\/span><\/span><span style=\"vertical-align: inherit;\"><span style=\"vertical-align: inherit;\">\u00a0Bayley e IYO SKY luego interrumpieron el segmento para mencionar que Kai hab\u00eda sufrido una &#8220;lesi\u00f3n mucho m\u00e1s devastadora y desgarradora&#8221;, lo que de ser cierto indica que Kai hab\u00eda sufrido m\u00e1s da\u00f1o que Morgan. <\/span><\/span><\/p>\n<p><span style=\"vertical-align: inherit;\"><span style=\"vertical-align: inherit;\">Se desconocen los detalles exactos de sus lesiones, pero Fightful informa que el alcance de la lesi\u00f3n de Kai en efecto parece ser peor que el de Morgan.\u00a0<\/span><\/span><\/p>\n","protected":false},"excerpt":{"rendered":"<p>El virus de las lesiones parece estar afectando a la divisi\u00f3n femenina de la WWE.<\/p>\n","protected":false},"author":1,"featured_media":207299,"comment_status":"closed","ping_status":"closed","sticky":false,"template":"","format":"standard","meta":{"footnotes":""},"categories":[5,38],"tags":[],"class_list":["post-207293","post","type-post","status-publish","format-standard","has-post-thumbnail","category-noticias","category-noticias-y-rumores-de-la-wwe"],"_links":{"self":[{"href":"https:\/\/www.prwrestling.com\/nw\/wp-json\/wp\/v2\/posts\/207293","targetHints":{"allow":["GET"]}}],"collection":[{"href":"https:\/\/www.prwrestling.com\/nw\/wp-json\/wp\/v2\/posts"}],"about":[{"href":"https:\/\/www.prwrestling.com\/nw\/wp-json\/wp\/v2\/types\/post"}],"author":[{"embeddable":true,"href":"https:\/\/www.prwrestling.com\/nw\/wp-json\/wp\/v2\/users\/1"}],"replies":[{"embeddable":true,"href":"https:\/\/www.prwrestling.com\/nw\/wp-json\/wp\/v2\/comments?post=207293"}],"version-history":[{"count":3,"href":"https:\/\/www.prwrestling.com\/nw\/wp-json\/wp\/v2\/posts\/207293\/revisions"}],"predecessor-version":[{"id":207298,"href":"https:\/\/www.prwrestling.com\/nw\/wp-json\/wp\/v2\/posts\/207293\/revisions\/207298"}],"wp:featuredmedia":[{"embeddable":true,"href":"https:\/\/www.prwrestling.com\/nw\/wp-json\/wp\/v2\/media\/207299"}],"wp:attachment":[{"href":"https:\/\/www.prwrestling.com\/nw\/wp-json\/wp\/v2\/media?parent=207293"}],"wp:term":[{"taxonomy":"category","embeddable":true,"href":"https:\/\/www.prwrestling.com\/nw\/wp-json\/wp\/v2\/categories?post=207293"},{"taxonomy":"post_tag","embeddable":true,"href":"https:\/\/www.prwrestling.com\/nw\/wp-json\/wp\/v2\/tags?post=207293"}],"curies":[{"name":"wp","href":"https:\/\/api.w.org\/{rel}","templated":true}]}}