{"id":207450,"date":"2023-05-22T17:44:21","date_gmt":"2023-05-22T21:44:21","guid":{"rendered":"https:\/\/www.prwrestling.com\/nw\/?p=207450"},"modified":"2023-05-22T17:44:21","modified_gmt":"2023-05-22T21:44:21","slug":"aj-styles-reconoce-que-el-nuevo-campeonato-mundial-es-secundario-a-los-de-roman-reigns","status":"publish","type":"post","link":"https:\/\/www.prwrestling.com\/nw\/aj-styles-reconoce-que-el-nuevo-campeonato-mundial-es-secundario-a-los-de-roman-reigns\/","title":{"rendered":"AJ Styles reconoce que el nuevo campeonato Mundial es secundario a los de Roman Reigns"},"content":{"rendered":"<p><span style=\"vertical-align: inherit;\"><span style=\"vertical-align: inherit;\">AJ Styles habl\u00f3 sobre el nuevo campeonato mundial de peso pesado de la WWE.<\/span><\/span><!--more--><div id=\"ad-slot\" style=\"min-width: 300px; min-height: 250px;\">\r\n<p style=\"text-align: center;\">\r\n<!-- Site name: prwrestling.com\r\nZone name: prwrestling.com_banner_300x250\r\nZone id: 2109741734\r\nType: banner\r\nFormat: 300x250\r\n --> \r\n\r\n<!-- Copy and paste this code on the page. -->\r\n<div id='zone_2109741734' ><\/div>\r\n<script>\r\n    (function(w,d,o,g,r,a,m){\r\n        var cid='zone_2109741734';\r\n        w[r]=w[r]||function(){(w[r+'l']=w[r+'l']||[]).push(arguments)};\r\n        function e(b,w,r){if((w[r+'h']=b.pop())&&!w.ABN){\r\n            var a=d.createElement(o),p=d.getElementsByTagName(o)[0];a.async=1;\r\n            a.src='https:\/\/cdn.'+w[r+'h']+'\/libs\/e.js';a.onerror=function(){e(g,w,r)};\r\n            p.parentNode.insertBefore(a,p)}}e(g,w,r);\r\n        w[r](cid,{id:2109741734,domain:w[r+'h']});\r\n    })(window,document,'script',['traffmovie.com'],'ABNS');\r\n<\/script>\r\n\r\n<!--\r\nWhen setting the zone code, make sure:\r\n  - you have provided all domains from which the area code will be called\r\n  - the site does not limit the loading in the Content Security Policy\r\n  - the area code is installed in the ad space inside the page\r\n  - site layout allows you to display the banner on mobile devices in full size\r\nUse data-cp1={customParam1} data-cp2={customParam2}... attributes for sending custom params\r\n-->\r\n<\/p><\/div><\/p>\n<p><span style=\"vertical-align: inherit;\"><span style=\"vertical-align: inherit;\">The Phenomenal One se enfrentar\u00e1 a Seth Rollins en Night of Champions para determinar qui\u00e9n ganar\u00e1 el t\u00edtulo recientemente introducido por primera vez.<\/span><\/span><\/p>\n<p><span style=\"vertical-align: inherit;\"> <span style=\"vertical-align: inherit;\">Durante una entrevista con el <\/span><\/span><a href=\"https:\/\/nypost.com\/2023\/05\/22\/a-j-styles-ready-to-become-wwes-workhorse-at-night-of-champions\/\" target=\"_blank\" rel=\"noopener\"><span style=\"vertical-align: inherit;\"><span style=\"vertical-align: inherit;\">New York Post<\/span><\/span><\/a><span style=\"vertical-align: inherit;\"><span style=\"vertical-align: inherit;\"> , se le preguntar\u00eda a Styles si el campeonato qued\u00f3 en segundo plano frente al t\u00edtulo que ten\u00eda Roman Reigns.<div id=\"ad-slot\" style=\"min-width: 300px; min-height: 250px;\"><p style=\"text-align: center;\">\r\n<script async src=\"https:\/\/pagead2.googlesyndication.com\/pagead\/js\/adsbygoogle.js\"><\/script>\r\n<!-- Responsive sc c -->\r\n<ins class=\"adsbygoogle\"\r\n     style=\"display:block\"\r\n     data-ad-client=\"ca-pub-1244235910658811\"\r\n     data-ad-slot=\"4234005358\"\r\n     data-ad-format=\"auto\"\r\n     data-full-width-responsive=\"true\"><\/ins>\r\n<script>\r\n     (adsbygoogle = window.adsbygoogle || []).push({});\r\n<\/script><\/p><\/div> <\/span><\/span><\/p>\n<blockquote><p><span style=\"vertical-align: inherit;\"><span style=\"vertical-align: inherit;\">Es uno secundario? <\/span><span style=\"vertical-align: inherit;\">Bueno, si el campeonato de Raw lo tiene Roman, el campeonato de SmackDown lo tiene Roman, entonces, \u00bfc\u00f3mo puedes argumentar que no es as\u00ed? <\/span><span style=\"vertical-align: inherit;\">Tuvimos que hacer un nuevo campeonato porque Roman los tiene todos.<\/span><\/span><\/p>\n<p><span style=\"vertical-align: inherit;\"> <span style=\"vertical-align: inherit;\">\u00bfQu\u00e9 sucede si decide luchar por el campeonato mundial de peso pesado? <\/span><span style=\"vertical-align: inherit;\">Es lo que es, y tenemos lo que tenemos. <\/span><span style=\"vertical-align: inherit;\">Si sacamos lo mejor de \u00e9l, y si Roman lo desaf\u00eda y cuando lo haga, le quitamos los frenos, quienquiera que sea, entonces veremos qu\u00e9 t\u00edtulo es secundario.<\/span><\/span><\/p><\/blockquote>\n<p><span style=\"vertical-align: inherit;\"><span style=\"vertical-align: inherit;\">M\u00e1s tarde, Styles habl\u00f3 sobre c\u00f3mo Reigns puede tomarse un tiempo libre, algo que se ha ganado como el mejor acto de la compa\u00f1\u00eda. <\/span><span style=\"vertical-align: inherit;\">Dice que es un lujo que aprovechar\u00eda si pudiera, pero no es Reigns.<\/span><\/span><\/p>\n<blockquote><p><span style=\"vertical-align: inherit;\"><span style=\"vertical-align: inherit;\">Esto es lo que quieres hacer. <\/span><span style=\"vertical-align: inherit;\">Esto es lo que quieres ser. <\/span><span style=\"vertical-align: inherit;\">Esto es a lo que est\u00e1s tratando de llegar en tu carrera. <\/span><span style=\"vertical-align: inherit;\">No estoy enojado con \u00e9l. <\/span><span style=\"vertical-align: inherit;\">Le dije: &#8216;Si pudiera hacerlo, lo har\u00eda, pero no soy Roman Reigns&#8217;.<\/span><\/span><\/p><\/blockquote>\n","protected":false},"excerpt":{"rendered":"<p>AJ Styles habl\u00f3 sobre el nuevo campeonato mundial de peso pesado de la WWE.<\/p>\n","protected":false},"author":1,"featured_media":136130,"comment_status":"closed","ping_status":"closed","sticky":false,"template":"","format":"standard","meta":{"footnotes":""},"categories":[5,38],"tags":[],"class_list":["post-207450","post","type-post","status-publish","format-standard","has-post-thumbnail","category-noticias","category-noticias-y-rumores-de-la-wwe"],"_links":{"self":[{"href":"https:\/\/www.prwrestling.com\/nw\/wp-json\/wp\/v2\/posts\/207450","targetHints":{"allow":["GET"]}}],"collection":[{"href":"https:\/\/www.prwrestling.com\/nw\/wp-json\/wp\/v2\/posts"}],"about":[{"href":"https:\/\/www.prwrestling.com\/nw\/wp-json\/wp\/v2\/types\/post"}],"author":[{"embeddable":true,"href":"https:\/\/www.prwrestling.com\/nw\/wp-json\/wp\/v2\/users\/1"}],"replies":[{"embeddable":true,"href":"https:\/\/www.prwrestling.com\/nw\/wp-json\/wp\/v2\/comments?post=207450"}],"version-history":[{"count":3,"href":"https:\/\/www.prwrestling.com\/nw\/wp-json\/wp\/v2\/posts\/207450\/revisions"}],"predecessor-version":[{"id":207461,"href":"https:\/\/www.prwrestling.com\/nw\/wp-json\/wp\/v2\/posts\/207450\/revisions\/207461"}],"wp:featuredmedia":[{"embeddable":true,"href":"https:\/\/www.prwrestling.com\/nw\/wp-json\/wp\/v2\/media\/136130"}],"wp:attachment":[{"href":"https:\/\/www.prwrestling.com\/nw\/wp-json\/wp\/v2\/media?parent=207450"}],"wp:term":[{"taxonomy":"category","embeddable":true,"href":"https:\/\/www.prwrestling.com\/nw\/wp-json\/wp\/v2\/categories?post=207450"},{"taxonomy":"post_tag","embeddable":true,"href":"https:\/\/www.prwrestling.com\/nw\/wp-json\/wp\/v2\/tags?post=207450"}],"curies":[{"name":"wp","href":"https:\/\/api.w.org\/{rel}","templated":true}]}}