{"id":207559,"date":"2023-05-23T18:47:46","date_gmt":"2023-05-23T22:47:46","guid":{"rendered":"https:\/\/www.prwrestling.com\/nw\/?p=207559"},"modified":"2023-05-23T18:47:46","modified_gmt":"2023-05-23T22:47:46","slug":"wwe-esta-dispuesto-a-anadir-una-tercera-hora-a-smackdown","status":"publish","type":"post","link":"https:\/\/www.prwrestling.com\/nw\/wwe-esta-dispuesto-a-anadir-una-tercera-hora-a-smackdown\/","title":{"rendered":"WWE est\u00e1 dispuesto a a\u00f1adir una tercera hora a SmackDown"},"content":{"rendered":"<div>\n<div>\n<p><span style=\"vertical-align: inherit;\"><span style=\"vertical-align: inherit;\">El CEO de WWE, Nick Khan dijo durante una charla del martes que la compa\u00f1\u00eda &#8220;no anticipa&#8221; que Raw cambiar\u00e1 su formato semanal de tres horas y tambi\u00e9n dijo que podr\u00eda cambiar los lunes si es necesario.<\/span><\/span><!--more--><div id=\"ad-slot\" style=\"min-width: 300px; min-height: 250px;\">\r\n<p style=\"text-align: center;\">\r\n<!-- Site name: prwrestling.com\r\nZone name: prwrestling.com_banner_300x250\r\nZone id: 2109741734\r\nType: banner\r\nFormat: 300x250\r\n --> \r\n\r\n<!-- Copy and paste this code on the page. -->\r\n<div id='zone_2109741734' ><\/div>\r\n<script>\r\n    (function(w,d,o,g,r,a,m){\r\n        var cid='zone_2109741734';\r\n        w[r]=w[r]||function(){(w[r+'l']=w[r+'l']||[]).push(arguments)};\r\n        function e(b,w,r){if((w[r+'h']=b.pop())&&!w.ABN){\r\n            var a=d.createElement(o),p=d.getElementsByTagName(o)[0];a.async=1;\r\n            a.src='https:\/\/cdn.'+w[r+'h']+'\/libs\/e.js';a.onerror=function(){e(g,w,r)};\r\n            p.parentNode.insertBefore(a,p)}}e(g,w,r);\r\n        w[r](cid,{id:2109741734,domain:w[r+'h']});\r\n    })(window,document,'script',['traffmovie.com'],'ABNS');\r\n<\/script>\r\n\r\n<!--\r\nWhen setting the zone code, make sure:\r\n  - you have provided all domains from which the area code will be called\r\n  - the site does not limit the loading in the Content Security Policy\r\n  - the area code is installed in the ad space inside the page\r\n  - site layout allows you to display the banner on mobile devices in full size\r\nUse data-cp1={customParam1} data-cp2={customParam2}... attributes for sending custom params\r\n-->\r\n<\/p><\/div><\/p>\n<p><span style=\"vertical-align: inherit;\"><span style=\"vertical-align: inherit;\">Tambi\u00e9n dijo que expandir SmackDown es una opci\u00f3n. \u201cTodav\u00eda estamos abiertos a una tercera [hora de SmackDown\u201d, dijo Khan.<\/span><\/span><\/p>\n<p><span style=\"vertical-align: inherit;\"><span style=\"vertical-align: inherit;\">Khan fue invitado a la <\/span><\/span><a href=\"https:\/\/jpmorgan.metameetings.net\/events\/tmc23\/sessions\/46574-world-wrestling-entertainment\/webcast\" rel=\"nofollow noopener\" target=\"_blank\"><span style=\"vertical-align: inherit;\"><span style=\"vertical-align: inherit;\">Conferencia Global de Tecnolog\u00eda, Medios y Comunicaciones de JP Morgan<\/span><\/span><\/a><span style=\"vertical-align: inherit;\"><span style=\"vertical-align: inherit;\"> .<\/span><\/span><div id=\"ad-slot\" style=\"min-width: 300px; min-height: 250px;\"><p style=\"text-align: center;\">\r\n<script async src=\"https:\/\/pagead2.googlesyndication.com\/pagead\/js\/adsbygoogle.js\"><\/script>\r\n<!-- Responsive sc c -->\r\n<ins class=\"adsbygoogle\"\r\n     style=\"display:block\"\r\n     data-ad-client=\"ca-pub-1244235910658811\"\r\n     data-ad-slot=\"4234005358\"\r\n     data-ad-format=\"auto\"\r\n     data-full-width-responsive=\"true\"><\/ins>\r\n<script>\r\n     (adsbygoogle = window.adsbygoogle || []).push({});\r\n<\/script><\/p><\/div><\/p>\n<p><span style=\"vertical-align: inherit;\"><span style=\"vertical-align: inherit;\">Durante su charla, mencion\u00f3 nuevamente que la hora de las 10 p. m. para Raw est\u00e1 bajo consideraci\u00f3n para algunos ajustes que atraer\u00edan a una audiencia m\u00e1s adulta.<\/span><\/span><\/p>\n<p><span style=\"vertical-align: inherit;\"><span style=\"vertical-align: inherit;\">Confirm\u00f3 que todav\u00eda est\u00e1n en la ventana de negociaci\u00f3n exclusiva con NBCUniversal sobre los derechos de renovaci\u00f3n para Raw, mientras que ahora est\u00e1n fuera de esa ventana con Fox. <\/span><span style=\"vertical-align: inherit;\">Esas ventanas comenzaron durante el fin de semana de WrestleMania 39 a principios de abril.<\/span><\/span><\/p>\n<p><span style=\"vertical-align: inherit;\"><span style=\"vertical-align: inherit;\">Se desconoce qu\u00e9 otras entidades han mostrado inter\u00e9s a partir de ahora. <\/span><span style=\"vertical-align: inherit;\">Khan se ha mantenido optimista sobre el inter\u00e9s de los derechos de televisi\u00f3n para ambas propiedades de las entidades de transmisi\u00f3n y transmisi\u00f3n.<\/span><\/span><\/p>\n<p><span style=\"vertical-align: inherit;\"><span style=\"vertical-align: inherit;\">No dio ninguna indicaci\u00f3n el martes sobre cu\u00e1ndo se podr\u00eda hacer un trato con cualquier parte interesada. <\/span><span style=\"vertical-align: inherit;\">No hay prisa por hacerlo, ya que quieren hacer lo mejor para maximizar el valor para WWE.<\/span><\/span><\/p>\n<p><span style=\"vertical-align: inherit;\"><span style=\"vertical-align: inherit;\">Khan dijo que siente que NXT podr\u00eda ser su propia tercera marca con m\u00e1s cruces de Raw y SmackDown y ser m\u00e1s que una marca en desarrollo.<\/span><\/span><\/p>\n<p><span style=\"vertical-align: inherit;\"><span style=\"vertical-align: inherit;\">Tambi\u00e9n dijo que podr\u00eda llegar m\u00e1s contenido con &#8220;un programa adicional&#8221; en otra noche de la semana: &#8220;Una vez que todos (los derechos de televisi\u00f3n) est\u00e9n ubicados, buscaremos otras noches de la semana para desarrollar contenido nuevo tambi\u00e9n. <\/span><span style=\"vertical-align: inherit;\">Parte de ese contenido nuevo podr\u00eda tener una tem\u00e1tica m\u00e1s adulta para satisfacer a la audiencia que lo est\u00e1 buscando.<\/span><\/span><\/p>\n<\/div>\n<\/div>\n","protected":false},"excerpt":{"rendered":"<p>El CEO de WWE, Nick Khan dijo durante una charla del martes que la compa\u00f1\u00eda &#8220;no anticipa&#8221; que Raw cambiar\u00e1 su formato semanal de tres horas y tambi\u00e9n dijo que podr\u00eda cambiar los lunes si es necesario.<\/p>\n","protected":false},"author":1,"featured_media":180351,"comment_status":"closed","ping_status":"closed","sticky":false,"template":"","format":"standard","meta":{"footnotes":""},"categories":[5,38],"tags":[],"class_list":["post-207559","post","type-post","status-publish","format-standard","has-post-thumbnail","category-noticias","category-noticias-y-rumores-de-la-wwe"],"_links":{"self":[{"href":"https:\/\/www.prwrestling.com\/nw\/wp-json\/wp\/v2\/posts\/207559","targetHints":{"allow":["GET"]}}],"collection":[{"href":"https:\/\/www.prwrestling.com\/nw\/wp-json\/wp\/v2\/posts"}],"about":[{"href":"https:\/\/www.prwrestling.com\/nw\/wp-json\/wp\/v2\/types\/post"}],"author":[{"embeddable":true,"href":"https:\/\/www.prwrestling.com\/nw\/wp-json\/wp\/v2\/users\/1"}],"replies":[{"embeddable":true,"href":"https:\/\/www.prwrestling.com\/nw\/wp-json\/wp\/v2\/comments?post=207559"}],"version-history":[{"count":3,"href":"https:\/\/www.prwrestling.com\/nw\/wp-json\/wp\/v2\/posts\/207559\/revisions"}],"predecessor-version":[{"id":207604,"href":"https:\/\/www.prwrestling.com\/nw\/wp-json\/wp\/v2\/posts\/207559\/revisions\/207604"}],"wp:featuredmedia":[{"embeddable":true,"href":"https:\/\/www.prwrestling.com\/nw\/wp-json\/wp\/v2\/media\/180351"}],"wp:attachment":[{"href":"https:\/\/www.prwrestling.com\/nw\/wp-json\/wp\/v2\/media?parent=207559"}],"wp:term":[{"taxonomy":"category","embeddable":true,"href":"https:\/\/www.prwrestling.com\/nw\/wp-json\/wp\/v2\/categories?post=207559"},{"taxonomy":"post_tag","embeddable":true,"href":"https:\/\/www.prwrestling.com\/nw\/wp-json\/wp\/v2\/tags?post=207559"}],"curies":[{"name":"wp","href":"https:\/\/api.w.org\/{rel}","templated":true}]}}