{"id":207885,"date":"2023-05-25T19:09:23","date_gmt":"2023-05-25T23:09:23","guid":{"rendered":"https:\/\/www.prwrestling.com\/nw\/?p=207885"},"modified":"2023-11-30T19:18:18","modified_gmt":"2023-12-01T00:18:18","slug":"tony-khan-dice-sabu-no-sera-un-talento-regular-de-aew","status":"publish","type":"post","link":"https:\/\/www.prwrestling.com\/nw\/tony-khan-dice-sabu-no-sera-un-talento-regular-de-aew\/","title":{"rendered":"Tony Khan dice Sabu no ser\u00e1 un talento regular de AEW"},"content":{"rendered":"<p><span style=\"vertical-align: inherit;\"><span style=\"vertical-align: inherit;\">El &#8220;AEW Dynamite&#8221; de esta semana <\/span><\/span><span style=\"vertical-align: inherit;\"><span style=\"vertical-align: inherit;\">present\u00f3 el impactante debut de Sabu<\/span><\/span><span style=\"vertical-align: inherit;\"><span style=\"vertical-align: inherit;\"> , quien se parar\u00e1 en la esquina de Adam Cole durante el combate no autorizado de Cole contra Chris Jericho.<\/span><\/span><!--more--><div id=\"ad-slot\" style=\"min-width: 300px; min-height: 250px;\">\r\n<p style=\"text-align: center;\">\r\n<!-- Site name: prwrestling.com\r\nZone name: prwrestling.com_banner_300x250\r\nZone id: 2109741734\r\nType: banner\r\nFormat: 300x250\r\n --> \r\n\r\n<!-- Copy and paste this code on the page. -->\r\n<div id='zone_2109741734' ><\/div>\r\n<script>\r\n    (function(w,d,o,g,r,a,m){\r\n        var cid='zone_2109741734';\r\n        w[r]=w[r]||function(){(w[r+'l']=w[r+'l']||[]).push(arguments)};\r\n        function e(b,w,r){if((w[r+'h']=b.pop())&&!w.ABN){\r\n            var a=d.createElement(o),p=d.getElementsByTagName(o)[0];a.async=1;\r\n            a.src='https:\/\/cdn.'+w[r+'h']+'\/libs\/e.js';a.onerror=function(){e(g,w,r)};\r\n            p.parentNode.insertBefore(a,p)}}e(g,w,r);\r\n        w[r](cid,{id:2109741734,domain:w[r+'h']});\r\n    })(window,document,'script',['traffmovie.com'],'ABNS');\r\n<\/script>\r\n\r\n<!--\r\nWhen setting the zone code, make sure:\r\n  - you have provided all domains from which the area code will be called\r\n  - the site does not limit the loading in the Content Security Policy\r\n  - the area code is installed in the ad space inside the page\r\n  - site layout allows you to display the banner on mobile devices in full size\r\nUse data-cp1={customParam1} data-cp2={customParam2}... attributes for sending custom params\r\n-->\r\n<\/p><\/div><\/p>\n<p>Se le pregunt\u00f3 a Tony Khan si Sabu permanecer\u00e1 como parte del roster de la empresa.<\/p>\n<div class=\"columns-holder \">\n<p><span style=\"vertical-align: inherit;\"><span style=\"vertical-align: inherit;\">&#8220;Creo que probablemente ser\u00e1 una aparici\u00f3n \u00fanica&#8221;, dijo Tony Khan en una llamada reciente a los medios. <\/span><span style=\"vertical-align: inherit;\">&#8220;Muchos fan\u00e1ticos estaban emocionados de ver a Sabu. No creo que sea alguien que suba regularmente al ring para competir, pero en las circunstancias adecuadas podr\u00eda regresar y hacer otras apariciones especiales, creo que en general fue\u00a0 recibida positivamente&#8221;. <\/span><\/span><\/p>\n<p><span style=\"vertical-align: inherit;\"><span style=\"vertical-align: inherit;\">Cole sac\u00f3 a Sabu al final de la firma del contrato entre \u00e9l y Jericho. <\/span><span style=\"vertical-align: inherit;\">Jericho reprendi\u00f3 a Cole por tener solo a Roderick Strong apoy\u00e1ndolo, mientras que Jericho ten\u00eda a toda la Sociedad de Apreciaci\u00f3n de Jericho, lo que llev\u00f3 a que la leyenda de ECW irrumpiera en el ring y los atacara.<\/span><\/span><\/p>\n<\/div>\n","protected":false},"excerpt":{"rendered":"<p>El &#8220;AEW Dynamite&#8221; de esta semana present\u00f3 el impactante debut de Sabu , quien se parar\u00e1 en la esquina de Adam Cole durante el combate no autorizado de Cole contra Chris Jericho.<\/p>\n","protected":false},"author":1,"featured_media":207907,"comment_status":"closed","ping_status":"closed","sticky":false,"template":"","format":"standard","meta":{"footnotes":""},"categories":[5,1],"tags":[4419],"class_list":["post-207885","post","type-post","status-publish","format-standard","has-post-thumbnail","category-noticias","category-all-elite-wrestling","tag-tony-khan"],"_links":{"self":[{"href":"https:\/\/www.prwrestling.com\/nw\/wp-json\/wp\/v2\/posts\/207885","targetHints":{"allow":["GET"]}}],"collection":[{"href":"https:\/\/www.prwrestling.com\/nw\/wp-json\/wp\/v2\/posts"}],"about":[{"href":"https:\/\/www.prwrestling.com\/nw\/wp-json\/wp\/v2\/types\/post"}],"author":[{"embeddable":true,"href":"https:\/\/www.prwrestling.com\/nw\/wp-json\/wp\/v2\/users\/1"}],"replies":[{"embeddable":true,"href":"https:\/\/www.prwrestling.com\/nw\/wp-json\/wp\/v2\/comments?post=207885"}],"version-history":[{"count":3,"href":"https:\/\/www.prwrestling.com\/nw\/wp-json\/wp\/v2\/posts\/207885\/revisions"}],"predecessor-version":[{"id":207908,"href":"https:\/\/www.prwrestling.com\/nw\/wp-json\/wp\/v2\/posts\/207885\/revisions\/207908"}],"wp:featuredmedia":[{"embeddable":true,"href":"https:\/\/www.prwrestling.com\/nw\/wp-json\/wp\/v2\/media\/207907"}],"wp:attachment":[{"href":"https:\/\/www.prwrestling.com\/nw\/wp-json\/wp\/v2\/media?parent=207885"}],"wp:term":[{"taxonomy":"category","embeddable":true,"href":"https:\/\/www.prwrestling.com\/nw\/wp-json\/wp\/v2\/categories?post=207885"},{"taxonomy":"post_tag","embeddable":true,"href":"https:\/\/www.prwrestling.com\/nw\/wp-json\/wp\/v2\/tags?post=207885"}],"curies":[{"name":"wp","href":"https:\/\/api.w.org\/{rel}","templated":true}]}}