{"id":208248,"date":"2023-05-28T09:07:27","date_gmt":"2023-05-28T13:07:27","guid":{"rendered":"https:\/\/www.prwrestling.com\/nw\/?p=208248"},"modified":"2023-05-28T09:08:37","modified_gmt":"2023-05-28T13:08:37","slug":"vistazo-a-posibles-nuevos-combates-tras-la-implosion-del-bloodline-en-wwe-night-of-champions","status":"publish","type":"post","link":"https:\/\/www.prwrestling.com\/nw\/vistazo-a-posibles-nuevos-combates-tras-la-implosion-del-bloodline-en-wwe-night-of-champions\/","title":{"rendered":"Vistazo a posibles nuevos combates tras la implosi\u00f3n del Bloodline en WWE Night of Champions"},"content":{"rendered":"<p><span style=\"vertical-align: inherit;\"><span style=\"vertical-align: inherit;\">La saga Bloodline alcanz\u00f3 un nuevo punto en <a href=\"https:\/\/www.prwrestling.com\/nw\/resultados-wwe-night-of-champions-2023-explota-el-bllodline-nuevo-campeon-mundial\/\">WWE Night of Champions<\/a>.<\/span><\/span><!--more--><div id=\"ad-slot\" style=\"min-width: 300px; min-height: 250px;\">\r\n<p style=\"text-align: center;\">\r\n<!-- Site name: prwrestling.com\r\nZone name: prwrestling.com_banner_300x250\r\nZone id: 2109741734\r\nType: banner\r\nFormat: 300x250\r\n --> \r\n\r\n<!-- Copy and paste this code on the page. -->\r\n<div id='zone_2109741734' ><\/div>\r\n<script>\r\n    (function(w,d,o,g,r,a,m){\r\n        var cid='zone_2109741734';\r\n        w[r]=w[r]||function(){(w[r+'l']=w[r+'l']||[]).push(arguments)};\r\n        function e(b,w,r){if((w[r+'h']=b.pop())&&!w.ABN){\r\n            var a=d.createElement(o),p=d.getElementsByTagName(o)[0];a.async=1;\r\n            a.src='https:\/\/cdn.'+w[r+'h']+'\/libs\/e.js';a.onerror=function(){e(g,w,r)};\r\n            p.parentNode.insertBefore(a,p)}}e(g,w,r);\r\n        w[r](cid,{id:2109741734,domain:w[r+'h']});\r\n    })(window,document,'script',['traffmovie.com'],'ABNS');\r\n<\/script>\r\n\r\n<!--\r\nWhen setting the zone code, make sure:\r\n  - you have provided all domains from which the area code will be called\r\n  - the site does not limit the loading in the Content Security Policy\r\n  - the area code is installed in the ad space inside the page\r\n  - site layout allows you to display the banner on mobile devices in full size\r\nUse data-cp1={customParam1} data-cp2={customParam2}... attributes for sending custom params\r\n-->\r\n<\/p><\/div><\/p>\n<p><span style=\"vertical-align: inherit;\"><span style=\"vertical-align: inherit;\">Bryan Alvarez y Dave Meltzer discutieron la \u00faltima novedad en la historia en el <a href=\"http:\/\/WrestlingObserver.com\" target=\"_blank\" rel=\"noopener\">Wrestling Observer Radio<\/a> del domingo y sus futuras direcciones. <\/span><\/span><\/p>\n<p><span style=\"vertical-align: inherit;\"><span style=\"vertical-align: inherit;\">El final de Night of Champions vio a Jimmy Uso atacando a Roman Reigns despu\u00e9s de que un Reigns molesto empujara en la cara a su hermano Jey. <\/span><span style=\"vertical-align: inherit;\">Aunque Jey parec\u00eda at\u00f3nito por lo que hizo Jimmy, finalmente se fue sin elegir un bando.<\/span><\/span><div id=\"ad-slot\" style=\"min-width: 300px; min-height: 250px;\"><p style=\"text-align: center;\">\r\n<script async src=\"https:\/\/pagead2.googlesyndication.com\/pagead\/js\/adsbygoogle.js\"><\/script>\r\n<!-- Responsive sc c -->\r\n<ins class=\"adsbygoogle\"\r\n     style=\"display:block\"\r\n     data-ad-client=\"ca-pub-1244235910658811\"\r\n     data-ad-slot=\"4234005358\"\r\n     data-ad-format=\"auto\"\r\n     data-full-width-responsive=\"true\"><\/ins>\r\n<script>\r\n     (adsbygoogle = window.adsbygoogle || []).push({});\r\n<\/script><\/p><\/div><\/p>\n<p><span style=\"vertical-align: inherit;\"><span style=\"vertical-align: inherit;\">\u201cJey no dijo de qu\u00e9 lado est\u00e1\u201d, dijo Meltzer. <\/span><span style=\"vertical-align: inherit;\">\u201cJimmy y Roman se separaron. <\/span><span style=\"vertical-align: inherit;\">Jey est\u00e1 en el medio, y ah\u00ed es donde parece estar todo&#8230; parece que primero (las luchas que veremos) son Roman vs Jimmy, luego Jey tiene que tomar una decisi\u00f3n&#8221;.<\/span><\/span><\/p>\n<p><span style=\"vertical-align: inherit;\"><span style=\"vertical-align: inherit;\">Lo sucedido establece un nuevo combate para Roman Reigns, y podr\u00eda ser el comienzo de muchos combates nuevos a medida que Bloodline contin\u00faa implosionando.<\/span><\/span><\/p>\n<p><span style=\"vertical-align: inherit;\"><span style=\"vertical-align: inherit;\">\u201cDejamos fuera a Cody por un tiempo, Roman claramente ir\u00e1 (a luchar) contra Jimmy, luego Roman y Sikoa contra Ambos Usos, luego podr\u00edas volver a Roman contra Cody \u2026 tienen historias de un a\u00f1o, dijo \u00c1lvarez. Meltzer a\u00f1adi\u00f3 que el destino final sigue luciendo ser Roman vs Sikoa.<\/span><\/span><\/p>\n<p><span style=\"vertical-align: inherit;\"><span style=\"vertical-align: inherit;\">Meltzer sugiri\u00f3 adem\u00e1s que Reigns deber\u00eda haber sido la persona planchada en Night of Champions, y Bryan explic\u00f3 que, dado que Reigns dijo que iba a ganar los t\u00edtulos en parejas, deber\u00eda haber sido \u00e9l quien &#8220;fallara&#8221;, siendo planchado por Sami Zayn. De esta manera tambi\u00e9n se pod\u00eda potencialmente posicionar otra lucha ante Zayn, aunque sea en la TV.<\/span><\/span><\/p>\n<p><iframe src=\"https:\/\/www.youtube.com\/embed\/ZSeorMMyHK4?enablejsapi=1&amp;version=3&amp;playerapiid=ytplayer\" frameborder=\"0\" scrolling=\"no\" sandbox=\"allow-scripts allow-same-origin allow-popups allow-popups-to-escape-sandbox\" allowfullscreen=\"allowfullscreen\"><\/iframe><\/p>\n","protected":false},"excerpt":{"rendered":"<p>La saga Bloodline alcanz\u00f3 un nuevo punto en WWE Night of Champions.<\/p>\n","protected":false},"author":1,"featured_media":208254,"comment_status":"closed","ping_status":"closed","sticky":false,"template":"","format":"standard","meta":{"footnotes":""},"categories":[5,38],"tags":[9,7479],"class_list":["post-208248","post","type-post","status-publish","format-standard","has-post-thumbnail","category-noticias","category-noticias-y-rumores-de-la-wwe","tag-wwe","tag-wwe-night-of-champions"],"_links":{"self":[{"href":"https:\/\/www.prwrestling.com\/nw\/wp-json\/wp\/v2\/posts\/208248","targetHints":{"allow":["GET"]}}],"collection":[{"href":"https:\/\/www.prwrestling.com\/nw\/wp-json\/wp\/v2\/posts"}],"about":[{"href":"https:\/\/www.prwrestling.com\/nw\/wp-json\/wp\/v2\/types\/post"}],"author":[{"embeddable":true,"href":"https:\/\/www.prwrestling.com\/nw\/wp-json\/wp\/v2\/users\/1"}],"replies":[{"embeddable":true,"href":"https:\/\/www.prwrestling.com\/nw\/wp-json\/wp\/v2\/comments?post=208248"}],"version-history":[{"count":5,"href":"https:\/\/www.prwrestling.com\/nw\/wp-json\/wp\/v2\/posts\/208248\/revisions"}],"predecessor-version":[{"id":208256,"href":"https:\/\/www.prwrestling.com\/nw\/wp-json\/wp\/v2\/posts\/208248\/revisions\/208256"}],"wp:featuredmedia":[{"embeddable":true,"href":"https:\/\/www.prwrestling.com\/nw\/wp-json\/wp\/v2\/media\/208254"}],"wp:attachment":[{"href":"https:\/\/www.prwrestling.com\/nw\/wp-json\/wp\/v2\/media?parent=208248"}],"wp:term":[{"taxonomy":"category","embeddable":true,"href":"https:\/\/www.prwrestling.com\/nw\/wp-json\/wp\/v2\/categories?post=208248"},{"taxonomy":"post_tag","embeddable":true,"href":"https:\/\/www.prwrestling.com\/nw\/wp-json\/wp\/v2\/tags?post=208248"}],"curies":[{"name":"wp","href":"https:\/\/api.w.org\/{rel}","templated":true}]}}