{"id":209536,"date":"2023-06-06T07:35:35","date_gmt":"2023-06-06T11:35:35","guid":{"rendered":"https:\/\/www.prwrestling.com\/nw\/?p=209536"},"modified":"2023-10-19T14:09:51","modified_gmt":"2023-10-19T18:09:51","slug":"detalles-sobre-lo-que-hizo-vince-mcmahon-tras-bastidores-ayer-en-wwe-raw","status":"publish","type":"post","link":"https:\/\/www.prwrestling.com\/nw\/detalles-sobre-lo-que-hizo-vince-mcmahon-tras-bastidores-ayer-en-wwe-raw\/","title":{"rendered":"Detalles sobre lo que hizo Vince McMahon tras bastidores ayer en WWE Raw"},"content":{"rendered":"<p><span style=\"vertical-align: inherit;\"><span style=\"vertical-align: inherit;\">De cara a &#8221; <\/span><\/span><a href=\"https:\/\/www.prwrestling.com\/nw\/reporte-wwe-raw-6-5-rollins-defiende-ante-priest\/\"><span style=\"vertical-align: inherit;\"><span style=\"vertical-align: inherit;\">WWE Raw<\/span><\/span><\/a><span style=\"vertical-align: inherit;\"><span style=\"vertical-align: inherit;\"> &#8221; el lunes por la noche desde Hartford, Connecticut, <\/span><\/span><span style=\"vertical-align: inherit;\"><span style=\"vertical-align: inherit;\">se supo que Vince McMahon estaba detr\u00e1s del escenario<\/span><\/span><span style=\"vertical-align: inherit;\"><span style=\"vertical-align: inherit;\">. <\/span><\/span><!--more--><div id=\"ad-slot\" style=\"min-width: 300px; min-height: 250px;\">\r\n<p style=\"text-align: center;\">\r\n<script async src=\"https:\/\/pagead2.googlesyndication.com\/pagead\/js\/adsbygoogle.js\"><\/script>\r\n<!-- 300x250 sc a -->\r\n<ins class=\"adsbygoogle\"\r\n     style=\"display:inline-block;width:300px;height:250px\"\r\n     data-ad-client=\"ca-pub-1244235910658811\"\r\n     data-ad-slot=\"8592682546\"><\/ins>\r\n<script>\r\n     (adsbygoogle = window.adsbygoogle || []).push({});\r\n<\/script><\/center>\r\n<\/p><\/div><\/p>\n<p><span style=\"vertical-align: inherit;\"><span style=\"vertical-align: inherit;\">Ahora,\u00a0 <\/span><\/span><a href=\"https:\/\/www.patreon.com\/fightful\" target=\"_blank\" rel=\"noopener\"><span style=\"vertical-align: inherit;\"><span style=\"vertical-align: inherit;\">Fightful Select<\/span><\/span><\/a><span style=\"vertical-align: inherit;\"><span style=\"vertical-align: inherit;\"> ha confirmado m\u00e1s detalles sobre su participaci\u00f3n. <\/span><span style=\"vertical-align: inherit;\">Para empezar, los murmullos sobre su presencia aparentemente hab\u00edan cobrado fuerza el lunes por la tarde y a las 6:00 p. m., hora del este, varias personas notaron que se estaba preparando una habitaci\u00f3n para alguien. <\/span><span style=\"vertical-align: inherit;\">Da la casualidad de que ese alguien era el propio presidente ejecutivo.<\/span><\/span><\/p>\n<p><span style=\"vertical-align: inherit;\"><span style=\"vertical-align: inherit;\">Hartford est\u00e1 aproximadamente a solo 80 millas de la sede de la WWE en Stamford, Connecticut, por lo que no es de extra\u00f1ar que McMahon estuviera all\u00ed.<\/span><\/span><div id=\"ad-slot\" style=\"min-width: 300px; min-height: 250px;\"><p style=\"text-align: center;\">\r\n<script async src=\"https:\/\/pagead2.googlesyndication.com\/pagead\/js\/adsbygoogle.js\"><\/script>\r\n<!-- Responsive sc c -->\r\n<ins class=\"adsbygoogle\"\r\n     style=\"display:block\"\r\n     data-ad-client=\"ca-pub-1244235910658811\"\r\n     data-ad-slot=\"4234005358\"\r\n     data-ad-format=\"auto\"\r\n     data-full-width-responsive=\"true\"><\/ins>\r\n<script>\r\n     (adsbygoogle = window.adsbygoogle || []).push({});\r\n<\/script><\/p><\/div><\/p>\n<p><span style=\"vertical-align: inherit;\"> <span style=\"vertical-align: inherit;\">Adem\u00e1s, la expectativa es que no estar\u00e1 tras bastidores con frecuencia en el futuro, sino que continuar\u00e1 solicitando cambios de forma remota, <\/span><\/span><span style=\"vertical-align: inherit;\"><span style=\"vertical-align: inherit;\">como lo ha estado haciendo desde abril<\/span><\/span><span style=\"vertical-align: inherit;\"><span style=\"vertical-align: inherit;\"> . <\/span><\/span><\/p>\n<p><span style=\"vertical-align: inherit;\"><span style=\"vertical-align: inherit;\">McMahon estaba en &#8220;Posici\u00f3n de Gorila&#8221; (antes del \u00e1rea donde salen los talentos al ring) el lunes por la noche, tal como lo estuvo durante el fin de semana de WrestleMania, pero se comenta que la operaci\u00f3n de Raw no fue nada parecida al caos que sucedi\u00f3 el infame lunes posterior a Mania en\u00a0 <\/span><\/span><span style=\"vertical-align: inherit;\"><span style=\"vertical-align: inherit;\">abril<\/span><\/span><span style=\"vertical-align: inherit;\"><span style=\"vertical-align: inherit;\"> 4, que se dec\u00eda que hab\u00eda hundido la moral.<\/span><\/span><\/p>\n<p><span style=\"vertical-align: inherit;\"><span style=\"vertical-align: inherit;\">Sin embargo, Fightful not\u00f3 que McMahon contin\u00faa solicitando cambios, lo que lleva a que se eliminen por completo algunos res\u00famenes tard\u00edos o segmentos.\u00a0<\/span><\/span><\/p>\n","protected":false},"excerpt":{"rendered":"<p>De cara a &#8221; WWE Raw &#8221; el lunes por la noche desde Hartford, Connecticut, se supo que Vince McMahon estaba detr\u00e1s del escenario.<\/p>\n","protected":false},"author":1,"featured_media":209565,"comment_status":"closed","ping_status":"closed","sticky":false,"template":"","format":"standard","meta":{"footnotes":""},"categories":[5,38],"tags":[1359],"class_list":{"0":"post-209536","1":"post","2":"type-post","3":"status-publish","4":"format-standard","5":"has-post-thumbnail","7":"category-noticias","8":"category-noticias-y-rumores-de-la-wwe","9":"tag-vince-mcmahon"},"_links":{"self":[{"href":"https:\/\/www.prwrestling.com\/nw\/wp-json\/wp\/v2\/posts\/209536","targetHints":{"allow":["GET"]}}],"collection":[{"href":"https:\/\/www.prwrestling.com\/nw\/wp-json\/wp\/v2\/posts"}],"about":[{"href":"https:\/\/www.prwrestling.com\/nw\/wp-json\/wp\/v2\/types\/post"}],"author":[{"embeddable":true,"href":"https:\/\/www.prwrestling.com\/nw\/wp-json\/wp\/v2\/users\/1"}],"replies":[{"embeddable":true,"href":"https:\/\/www.prwrestling.com\/nw\/wp-json\/wp\/v2\/comments?post=209536"}],"version-history":[{"count":4,"href":"https:\/\/www.prwrestling.com\/nw\/wp-json\/wp\/v2\/posts\/209536\/revisions"}],"predecessor-version":[{"id":209567,"href":"https:\/\/www.prwrestling.com\/nw\/wp-json\/wp\/v2\/posts\/209536\/revisions\/209567"}],"wp:featuredmedia":[{"embeddable":true,"href":"https:\/\/www.prwrestling.com\/nw\/wp-json\/wp\/v2\/media\/209565"}],"wp:attachment":[{"href":"https:\/\/www.prwrestling.com\/nw\/wp-json\/wp\/v2\/media?parent=209536"}],"wp:term":[{"taxonomy":"category","embeddable":true,"href":"https:\/\/www.prwrestling.com\/nw\/wp-json\/wp\/v2\/categories?post=209536"},{"taxonomy":"post_tag","embeddable":true,"href":"https:\/\/www.prwrestling.com\/nw\/wp-json\/wp\/v2\/tags?post=209536"}],"curies":[{"name":"wp","href":"https:\/\/api.w.org\/{rel}","templated":true}]}}