{"id":211392,"date":"2023-06-18T21:36:07","date_gmt":"2023-06-19T01:36:07","guid":{"rendered":"https:\/\/www.prwrestling.com\/nw\/?p=211392"},"modified":"2023-06-18T21:38:33","modified_gmt":"2023-06-19T01:38:33","slug":"charlotte-flair-comenta-sobre-el-regreso-de-andrade-el-idolo-en-aew-collision","status":"publish","type":"post","link":"https:\/\/www.prwrestling.com\/nw\/charlotte-flair-comenta-sobre-el-regreso-de-andrade-el-idolo-en-aew-collision\/","title":{"rendered":"Charlotte Flair comenta sobre el regreso de Andrade El Idolo en AEW Collision"},"content":{"rendered":"<p><span style=\"vertical-align: inherit;\"><span style=\"vertical-align: inherit;\">Despu\u00e9s de m\u00e1s de nueve meses fuera de la acci\u00f3n, Andrade El \u00cddolo hizo su regreso oficial al ring en el episodio de estreno del s\u00e1bado de <\/span><\/span><span style=\"vertical-align: inherit;\"><span style=\"vertical-align: inherit;\">&#8220;<a href=\"https:\/\/www.prwrestling.com\/nw\/reporte-aew-collision-6-17-regresa-cm-punk\/\">AEW Collision<\/a>&#8220;. <\/span><\/span><!--more--><div id=\"ad-slot\" style=\"min-width: 300px; min-height: 250px;\">\r\n<p style=\"text-align: center;\">\r\n<!-- Site name: prwrestling.com\r\nZone name: prwrestling.com_banner_300x250\r\nZone id: 2109741734\r\nType: banner\r\nFormat: 300x250\r\n --> \r\n\r\n<!-- Copy and paste this code on the page. -->\r\n<div id='zone_2109741734' ><\/div>\r\n<script>\r\n    (function(w,d,o,g,r,a,m){\r\n        var cid='zone_2109741734';\r\n        w[r]=w[r]||function(){(w[r+'l']=w[r+'l']||[]).push(arguments)};\r\n        function e(b,w,r){if((w[r+'h']=b.pop())&&!w.ABN){\r\n            var a=d.createElement(o),p=d.getElementsByTagName(o)[0];a.async=1;\r\n            a.src='https:\/\/cdn.'+w[r+'h']+'\/libs\/e.js';a.onerror=function(){e(g,w,r)};\r\n            p.parentNode.insertBefore(a,p)}}e(g,w,r);\r\n        w[r](cid,{id:2109741734,domain:w[r+'h']});\r\n    })(window,document,'script',['traffmovie.com'],'ABNS');\r\n<\/script>\r\n\r\n<!--\r\nWhen setting the zone code, make sure:\r\n  - you have provided all domains from which the area code will be called\r\n  - the site does not limit the loading in the Content Security Policy\r\n  - the area code is installed in the ad space inside the page\r\n  - site layout allows you to display the banner on mobile devices in full size\r\nUse data-cp1={customParam1} data-cp2={customParam2}... attributes for sending custom params\r\n-->\r\n<\/p><\/div><\/p>\n<p><span style=\"vertical-align: inherit;\"><span style=\"vertical-align: inherit;\">All\u00ed, El \u00cddolo choc\u00f3 con Buddy Matthews en su primer enfrentamiento televisado. <\/span><span style=\"vertical-align: inherit;\">El Idolo y Matthews ofrecieron una actuaci\u00f3n muy re\u00f1ida, pero al final, fue <\/span><\/span><span style=\"vertical-align: inherit;\"><span style=\"vertical-align: inherit;\">El Idolo quien sali\u00f3 victorioso,<\/span><\/span><span style=\"vertical-align: inherit;\"><span style=\"vertical-align: inherit;\"> aplicando la Figura Ocho para obligar a Matthews a rendirse.<\/span><\/span><\/p>\n<div class=\"columns-holder \">\n<p dir=\"ltr\"><span style=\"vertical-align: inherit;\"><span style=\"vertical-align: inherit;\">Despu\u00e9s de su victoria, la esposa de la vida real de El Idolo, Charlotte Flair, le dio un aplauso virtual.<div id=\"ad-slot\" style=\"min-width: 300px; min-height: 250px;\"><p style=\"text-align: center;\">\r\n<script async src=\"https:\/\/pagead2.googlesyndication.com\/pagead\/js\/adsbygoogle.js\"><\/script>\r\n<!-- Responsive sc c -->\r\n<ins class=\"adsbygoogle\"\r\n     style=\"display:block\"\r\n     data-ad-client=\"ca-pub-1244235910658811\"\r\n     data-ad-slot=\"4234005358\"\r\n     data-ad-format=\"auto\"\r\n     data-full-width-responsive=\"true\"><\/ins>\r\n<script>\r\n     (adsbygoogle = window.adsbygoogle || []).push({});\r\n<\/script><\/p><\/div> <\/span><\/span><\/p>\n<p dir=\"ltr\"><span style=\"vertical-align: inherit;\"><span style=\"vertical-align: inherit;\">&#8220;PAPI. Uno de los mejores del mundo. Eso es lo que pasa cuando llegas a BRILLAR @AndradeElIdolo #AEWCollision #TheRealLatinoMan&#8221;, <\/span><\/span><a href=\"https:\/\/twitter.com\/MsCharlotteWWE\/status\/1670235964931989505?s=20\" target=\"_blank\" rel=\"noopener\"><span style=\"vertical-align: inherit;\"><span style=\"vertical-align: inherit;\">tuite\u00f3 Flair.<\/span><\/span><\/a><\/p>\n<p><span style=\"vertical-align: inherit;\"><span style=\"vertical-align: inherit;\">Como muchos fan\u00e1ticos notaron r\u00e1pidamente, el uso de la Figura Ocho por parte de El Idolo fue un aparente homenaje a Flair, quien dise\u00f1\u00f3 el movimiento como uno de su arsenal. <\/span><span style=\"vertical-align: inherit;\">El \u00cddolo luego confirm\u00f3 que efectivamente era un tributo a Flair y le agradeci\u00f3 todo el apoyo que le ha brindado.<\/span><\/span><\/p>\n<\/div>\n<blockquote class=\"twitter-tweet\">\n<p dir=\"ltr\" lang=\"en\">PAPI.<br \/>\nOne of the best in the world. That\u2019s what happens when you get to SHINE &#x2b50;&#xfe0f; <a href=\"https:\/\/twitter.com\/AndradeElIdolo?ref_src=twsrc%5Etfw\" target=\"_blank\" rel=\"noopener\">@AndradeElIdolo<\/a> <a href=\"https:\/\/twitter.com\/hashtag\/AEWCollision?src=hash&amp;ref_src=twsrc%5Etfw\" target=\"_blank\" rel=\"noopener\">#AEWCollision<\/a> &#x1f44f; <a href=\"https:\/\/twitter.com\/hashtag\/TheRealLatinoMan?src=hash&amp;ref_src=twsrc%5Etfw\" target=\"_blank\" rel=\"noopener\">#TheRealLatinoMan<\/a> &#x1f525;&#x1f525;&#x1f525;<\/p>\n<p>\u2014 Charlotte Flair (@MsCharlotteWWE) <a href=\"https:\/\/twitter.com\/MsCharlotteWWE\/status\/1670235964931989505?ref_src=twsrc%5Etfw\" target=\"_blank\" rel=\"noopener\">June 18, 2023<\/a><\/p><\/blockquote>\n<p><script async src=\"https:\/\/platform.twitter.com\/widgets.js\" charset=\"utf-8\"><\/script><\/p>\n","protected":false},"excerpt":{"rendered":"<p>Despu\u00e9s de m\u00e1s de nueve meses fuera de la acci\u00f3n, Andrade El \u00cddolo hizo su regreso oficial al ring en el episodio de estreno del s\u00e1bado de &#8220;AEW Collision&#8220;.<\/p>\n","protected":false},"author":1,"featured_media":211433,"comment_status":"closed","ping_status":"closed","sticky":false,"template":"","format":"standard","meta":{"footnotes":""},"categories":[5,38],"tags":[],"class_list":["post-211392","post","type-post","status-publish","format-standard","has-post-thumbnail","category-noticias","category-noticias-y-rumores-de-la-wwe"],"_links":{"self":[{"href":"https:\/\/www.prwrestling.com\/nw\/wp-json\/wp\/v2\/posts\/211392","targetHints":{"allow":["GET"]}}],"collection":[{"href":"https:\/\/www.prwrestling.com\/nw\/wp-json\/wp\/v2\/posts"}],"about":[{"href":"https:\/\/www.prwrestling.com\/nw\/wp-json\/wp\/v2\/types\/post"}],"author":[{"embeddable":true,"href":"https:\/\/www.prwrestling.com\/nw\/wp-json\/wp\/v2\/users\/1"}],"replies":[{"embeddable":true,"href":"https:\/\/www.prwrestling.com\/nw\/wp-json\/wp\/v2\/comments?post=211392"}],"version-history":[{"count":4,"href":"https:\/\/www.prwrestling.com\/nw\/wp-json\/wp\/v2\/posts\/211392\/revisions"}],"predecessor-version":[{"id":211429,"href":"https:\/\/www.prwrestling.com\/nw\/wp-json\/wp\/v2\/posts\/211392\/revisions\/211429"}],"wp:featuredmedia":[{"embeddable":true,"href":"https:\/\/www.prwrestling.com\/nw\/wp-json\/wp\/v2\/media\/211433"}],"wp:attachment":[{"href":"https:\/\/www.prwrestling.com\/nw\/wp-json\/wp\/v2\/media?parent=211392"}],"wp:term":[{"taxonomy":"category","embeddable":true,"href":"https:\/\/www.prwrestling.com\/nw\/wp-json\/wp\/v2\/categories?post=211392"},{"taxonomy":"post_tag","embeddable":true,"href":"https:\/\/www.prwrestling.com\/nw\/wp-json\/wp\/v2\/tags?post=211392"}],"curies":[{"name":"wp","href":"https:\/\/api.w.org\/{rel}","templated":true}]}}