{"id":211712,"date":"2023-06-20T18:51:24","date_gmt":"2023-06-20T22:51:24","guid":{"rendered":"https:\/\/www.prwrestling.com\/nw\/?p=211712"},"modified":"2023-06-20T18:51:24","modified_gmt":"2023-06-20T22:51:24","slug":"sonya-deville-revela-problemas-emocionales-tras-intento-de-secuestro","status":"publish","type":"post","link":"https:\/\/www.prwrestling.com\/nw\/sonya-deville-revela-problemas-emocionales-tras-intento-de-secuestro\/","title":{"rendered":"Sonya Deville revela problemas emocionales tras intento de secuestro"},"content":{"rendered":"<p><span style=\"vertical-align: inherit;\"><span style=\"vertical-align: inherit;\">Para aquellos que no lo recuerdan, un hombre llamado Philip Thomas II irrumpi\u00f3 en la casa de Sonya Deville en agosto de 2020 e intent\u00f3 secuestrarla despu\u00e9s de a\u00f1os de acosarla en Internet.<\/span><\/span><!--more--><div id=\"ad-slot\" style=\"min-width: 300px; min-height: 250px;\">\r\n<p style=\"text-align: center;\">\r\n<!-- Site name: prwrestling.com\r\nZone name: prwrestling.com_banner_300x250\r\nZone id: 2109741734\r\nType: banner\r\nFormat: 300x250\r\n --> \r\n\r\n<!-- Copy and paste this code on the page. -->\r\n<div id='zone_2109741734' ><\/div>\r\n<script>\r\n    (function(w,d,o,g,r,a,m){\r\n        var cid='zone_2109741734';\r\n        w[r]=w[r]||function(){(w[r+'l']=w[r+'l']||[]).push(arguments)};\r\n        function e(b,w,r){if((w[r+'h']=b.pop())&&!w.ABN){\r\n            var a=d.createElement(o),p=d.getElementsByTagName(o)[0];a.async=1;\r\n            a.src='https:\/\/cdn.'+w[r+'h']+'\/libs\/e.js';a.onerror=function(){e(g,w,r)};\r\n            p.parentNode.insertBefore(a,p)}}e(g,w,r);\r\n        w[r](cid,{id:2109741734,domain:w[r+'h']});\r\n    })(window,document,'script',['traffmovie.com'],'ABNS');\r\n<\/script>\r\n\r\n<!--\r\nWhen setting the zone code, make sure:\r\n  - you have provided all domains from which the area code will be called\r\n  - the site does not limit the loading in the Content Security Policy\r\n  - the area code is installed in the ad space inside the page\r\n  - site layout allows you to display the banner on mobile devices in full size\r\nUse data-cp1={customParam1} data-cp2={customParam2}... attributes for sending custom params\r\n-->\r\n<\/p><\/div><\/p>\n<p><span style=\"vertical-align: inherit;\"><span style=\"vertical-align: inherit;\">Thomas fue arrestado y acusado de acecho agravado, robo a mano armada, intento de secuestro a mano armada y conducta delictiva. <\/span><span style=\"vertical-align: inherit;\">Tambi\u00e9n se present\u00f3 una orden de protecci\u00f3n para mantenerlo alejado de Deville. La jueza<\/span><\/span><span style=\"vertical-align: inherit;\"><span style=\"vertical-align: inherit;\">\u00a0\u00a0<\/span><\/span><span style=\"vertical-align: inherit;\"><span style=\"vertical-align: inherit;\">Barbara Twine-Thomas dict\u00f3 una sentencia de 15 a\u00f1os a Philip Thomas II y este se encuentra tras las rejas<\/span><\/span><span style=\"vertical-align: inherit;\"><span style=\"vertical-align: inherit;\">. <\/span><\/span><\/p>\n<p><span style=\"vertical-align: inherit;\"><span style=\"vertical-align: inherit;\">Mientras hablaba con\u00a0 <\/span><\/span><a href=\"https:\/\/www.youtube.com\/watch?v=0-sGYWdnXGU\" target=\"_blank\" rel=\"noopener\"><span style=\"vertical-align: inherit;\"><span style=\"vertical-align: inherit;\">Maria Menounos<\/span><\/span><\/a><span style=\"vertical-align: inherit;\"><span style=\"vertical-align: inherit;\"> , Sonya Deville declar\u00f3 que estaba viviendo en un modo de lucha o huida y coment\u00f3 sobre sus problemas emocionales despu\u00e9s del intento de secuestro.<div id=\"ad-slot\" style=\"min-width: 300px; min-height: 250px;\"><p style=\"text-align: center;\">\r\n<script async src=\"https:\/\/pagead2.googlesyndication.com\/pagead\/js\/adsbygoogle.js\"><\/script>\r\n<!-- Responsive sc c -->\r\n<ins class=\"adsbygoogle\"\r\n     style=\"display:block\"\r\n     data-ad-client=\"ca-pub-1244235910658811\"\r\n     data-ad-slot=\"4234005358\"\r\n     data-ad-format=\"auto\"\r\n     data-full-width-responsive=\"true\"><\/ins>\r\n<script>\r\n     (adsbygoogle = window.adsbygoogle || []).push({});\r\n<\/script><\/p><\/div><\/span><\/span><\/p>\n<blockquote class=\"wp-block-quote\"><p><span style=\"vertical-align: inherit;\"><span style=\"vertical-align: inherit;\">Primero, por supuesto, es pelear o huir, y est\u00e1s en la situaci\u00f3n, y lidias con la situaci\u00f3n, y esa noche despu\u00e9s del incidente, pens\u00e9 que iba a volver a la casa y dormir all\u00ed porque era terca y estaba en estado de shock, y yo no sab\u00eda lo que estaba pasando. <\/span><span style=\"vertical-align: inherit;\">No sab\u00eda izquierda de derecha en ese momento. <\/span><\/span><\/p>\n<p><span style=\"vertical-align: inherit;\"><span style=\"vertical-align: inherit;\">Luego, el sol se pone, y estoy temblando incontrolablemente, y estoy en una habitaci\u00f3n de hotel con un alias porque estoy tan paranoica que, aunque lo arresten, de alguna manera me encontrar\u00e1 y tengo la puerta bloqueda. <\/span><\/span><\/p>\n<p><span style=\"vertical-align: inherit;\"><span style=\"vertical-align: inherit;\">H<\/span><\/span><span style=\"vertical-align: inherit;\"><span style=\"vertical-align: inherit;\">ice que Mandy deslizara el tocador frente a la puerta en el piso quince de este edificio, y la paranoia comenz\u00f3 a aparecer. Es pelear o huir, y luego es conmoci\u00f3n, y entr\u00e9 en un piloto autom\u00e1tico de, <\/span><span style=\"vertical-align: inherit;\">&#8216;\u00bfQue hay que hacer? <\/span><span style=\"vertical-align: inherit;\">\u00bfQu\u00e9 tenemos que hacer?&#8217; <\/span><span style=\"vertical-align: inherit;\">Primero hago, y luego siento. <\/span><span style=\"vertical-align: inherit;\">Haces lo que hay que hacer y luego lo\u00a0 sientes m\u00e1s tarde, as\u00ed que no sent\u00ed el efecto total de lo que hab\u00eda sucedido durante meses. <\/span><span style=\"vertical-align: inherit;\">Estaba en plena pelea o huida, viv\u00ed en modo pelea o huida durante meses, tal vez a\u00f1os.<\/span><\/span><\/p><\/blockquote>\n<p>&nbsp;<\/p>\n","protected":false},"excerpt":{"rendered":"<p>Para aquellos que no lo recuerdan, un hombre llamado Philip Thomas II irrumpi\u00f3 en la casa de Sonya Deville en agosto de 2020 e intent\u00f3 secuestrarla despu\u00e9s de a\u00f1os de acosarla en Internet.<\/p>\n","protected":false},"author":1,"featured_media":114727,"comment_status":"closed","ping_status":"closed","sticky":false,"template":"","format":"standard","meta":{"footnotes":""},"categories":[5,38],"tags":[],"class_list":["post-211712","post","type-post","status-publish","format-standard","has-post-thumbnail","category-noticias","category-noticias-y-rumores-de-la-wwe"],"_links":{"self":[{"href":"https:\/\/www.prwrestling.com\/nw\/wp-json\/wp\/v2\/posts\/211712","targetHints":{"allow":["GET"]}}],"collection":[{"href":"https:\/\/www.prwrestling.com\/nw\/wp-json\/wp\/v2\/posts"}],"about":[{"href":"https:\/\/www.prwrestling.com\/nw\/wp-json\/wp\/v2\/types\/post"}],"author":[{"embeddable":true,"href":"https:\/\/www.prwrestling.com\/nw\/wp-json\/wp\/v2\/users\/1"}],"replies":[{"embeddable":true,"href":"https:\/\/www.prwrestling.com\/nw\/wp-json\/wp\/v2\/comments?post=211712"}],"version-history":[{"count":3,"href":"https:\/\/www.prwrestling.com\/nw\/wp-json\/wp\/v2\/posts\/211712\/revisions"}],"predecessor-version":[{"id":211721,"href":"https:\/\/www.prwrestling.com\/nw\/wp-json\/wp\/v2\/posts\/211712\/revisions\/211721"}],"wp:featuredmedia":[{"embeddable":true,"href":"https:\/\/www.prwrestling.com\/nw\/wp-json\/wp\/v2\/media\/114727"}],"wp:attachment":[{"href":"https:\/\/www.prwrestling.com\/nw\/wp-json\/wp\/v2\/media?parent=211712"}],"wp:term":[{"taxonomy":"category","embeddable":true,"href":"https:\/\/www.prwrestling.com\/nw\/wp-json\/wp\/v2\/categories?post=211712"},{"taxonomy":"post_tag","embeddable":true,"href":"https:\/\/www.prwrestling.com\/nw\/wp-json\/wp\/v2\/tags?post=211712"}],"curies":[{"name":"wp","href":"https:\/\/api.w.org\/{rel}","templated":true}]}}