{"id":212357,"date":"2023-06-24T21:00:14","date_gmt":"2023-06-25T01:00:14","guid":{"rendered":"https:\/\/www.prwrestling.com\/nw\/?p=212357"},"modified":"2023-06-24T21:12:16","modified_gmt":"2023-06-25T01:12:16","slug":"ricky-banderas-aparece-en-show-iwa-en-fajardo","status":"publish","type":"post","link":"https:\/\/www.prwrestling.com\/nw\/ricky-banderas-aparece-en-show-iwa-en-fajardo\/","title":{"rendered":"Ricky Banderas presente en show IWA en Fajardo"},"content":{"rendered":"<p>Ricky Banderas estuvo presente en la noche del s\u00e1bado en el show de la IWA en Fajardo.<!--more--><div id=\"ad-slot\" style=\"min-width: 300px; min-height: 250px;\">\r\n<p style=\"text-align: center;\">\r\n<!-- Site name: prwrestling.com\r\nZone name: prwrestling.com_banner_300x250\r\nZone id: 2109741734\r\nType: banner\r\nFormat: 300x250\r\n --> \r\n\r\n<!-- Copy and paste this code on the page. -->\r\n<div id='zone_2109741734' ><\/div>\r\n<script>\r\n    (function(w,d,o,g,r,a,m){\r\n        var cid='zone_2109741734';\r\n        w[r]=w[r]||function(){(w[r+'l']=w[r+'l']||[]).push(arguments)};\r\n        function e(b,w,r){if((w[r+'h']=b.pop())&&!w.ABN){\r\n            var a=d.createElement(o),p=d.getElementsByTagName(o)[0];a.async=1;\r\n            a.src='https:\/\/cdn.'+w[r+'h']+'\/libs\/e.js';a.onerror=function(){e(g,w,r)};\r\n            p.parentNode.insertBefore(a,p)}}e(g,w,r);\r\n        w[r](cid,{id:2109741734,domain:w[r+'h']});\r\n    })(window,document,'script',['traffmovie.com'],'ABNS');\r\n<\/script>\r\n\r\n<!--\r\nWhen setting the zone code, make sure:\r\n  - you have provided all domains from which the area code will be called\r\n  - the site does not limit the loading in the Content Security Policy\r\n  - the area code is installed in the ad space inside the page\r\n  - site layout allows you to display the banner on mobile devices in full size\r\nUse data-cp1={customParam1} data-cp2={customParam2}... attributes for sending custom params\r\n-->\r\n<\/p><\/div><br \/>\nEl luchador, quien estaba pautado a ver acci\u00f3n en la misma noche para WWC en el show de Aniversario, hab\u00eda dicho que no estar\u00eda en el show debido a una lesi\u00f3n en la mu\u00f1eca.<\/p>\n<p>Luego se anunci\u00f3 que estar\u00eda en la esquina de Slash Venom en su combate ante Xavant, pero horas despu\u00e9s se anunci\u00f3 que no viajar\u00eda a Puerto Rico supuestamente debido a su lastimadura.<div id=\"ad-slot\" style=\"min-width: 300px; min-height: 250px;\"><p style=\"text-align: center;\">\r\n<script async src=\"https:\/\/pagead2.googlesyndication.com\/pagead\/js\/adsbygoogle.js\"><\/script>\r\n<!-- Responsive sc c -->\r\n<ins class=\"adsbygoogle\"\r\n     style=\"display:block\"\r\n     data-ad-client=\"ca-pub-1244235910658811\"\r\n     data-ad-slot=\"4234005358\"\r\n     data-ad-format=\"auto\"\r\n     data-full-width-responsive=\"true\"><\/ins>\r\n<script>\r\n     (adsbygoogle = window.adsbygoogle || []).push({});\r\n<\/script><\/p><\/div><\/p>\n<p>Durante la tarde del s\u00e1bado se comenz\u00f3 a rumorar que Banderas estaba en la Isla y hubo indirectas de que podr\u00eda estar en el show de la IWA, que fue lo que termin\u00f3 sucediendo.<\/p>\n<p><iframe loading=\"lazy\" style=\"border: none; overflow: hidden;\" src=\"https:\/\/www.facebook.com\/plugins\/post.php?href=https%3A%2F%2Fwww.facebook.com%2FIWAPRTV%2Fposts%2Fpfbid02qqD7dMTr84DfmcUybqSPeZ8P6jFWaUDuPFL76Vu437graZwSazqzwdgJPaVCAmMvl&amp;show_text=true&amp;width=500\" width=\"500\" height=\"679\" frameborder=\"0\" scrolling=\"no\" allowfullscreen=\"allowfullscreen\"><\/iframe><\/p>\n","protected":false},"excerpt":{"rendered":"<p>Ricky Banderas estuvo presente en la noche del s\u00e1bado en el show de la IWA en Fajardo.<\/p>\n","protected":false},"author":1,"featured_media":7515,"comment_status":"closed","ping_status":"closed","sticky":false,"template":"","format":"standard","meta":{"footnotes":""},"categories":[7409,5],"tags":[7465],"class_list":["post-212357","post","type-post","status-publish","format-standard","has-post-thumbnail","category-lucha-libre-de-puerto-rico","category-noticias","tag-iwa-international-wrestling-association"],"_links":{"self":[{"href":"https:\/\/www.prwrestling.com\/nw\/wp-json\/wp\/v2\/posts\/212357","targetHints":{"allow":["GET"]}}],"collection":[{"href":"https:\/\/www.prwrestling.com\/nw\/wp-json\/wp\/v2\/posts"}],"about":[{"href":"https:\/\/www.prwrestling.com\/nw\/wp-json\/wp\/v2\/types\/post"}],"author":[{"embeddable":true,"href":"https:\/\/www.prwrestling.com\/nw\/wp-json\/wp\/v2\/users\/1"}],"replies":[{"embeddable":true,"href":"https:\/\/www.prwrestling.com\/nw\/wp-json\/wp\/v2\/comments?post=212357"}],"version-history":[{"count":5,"href":"https:\/\/www.prwrestling.com\/nw\/wp-json\/wp\/v2\/posts\/212357\/revisions"}],"predecessor-version":[{"id":212364,"href":"https:\/\/www.prwrestling.com\/nw\/wp-json\/wp\/v2\/posts\/212357\/revisions\/212364"}],"wp:featuredmedia":[{"embeddable":true,"href":"https:\/\/www.prwrestling.com\/nw\/wp-json\/wp\/v2\/media\/7515"}],"wp:attachment":[{"href":"https:\/\/www.prwrestling.com\/nw\/wp-json\/wp\/v2\/media?parent=212357"}],"wp:term":[{"taxonomy":"category","embeddable":true,"href":"https:\/\/www.prwrestling.com\/nw\/wp-json\/wp\/v2\/categories?post=212357"},{"taxonomy":"post_tag","embeddable":true,"href":"https:\/\/www.prwrestling.com\/nw\/wp-json\/wp\/v2\/tags?post=212357"}],"curies":[{"name":"wp","href":"https:\/\/api.w.org\/{rel}","templated":true}]}}