{"id":213152,"date":"2023-07-02T11:16:48","date_gmt":"2023-07-02T15:16:48","guid":{"rendered":"https:\/\/www.prwrestling.com\/nw\/?p=213152"},"modified":"2023-07-02T21:46:43","modified_gmt":"2023-07-03T01:46:43","slug":"el-boxeador-juanma-lopez-y-gallo-the-producer-estaran-en-wwc-summer-madness-cartelera-completa","status":"publish","type":"post","link":"https:\/\/www.prwrestling.com\/nw\/el-boxeador-juanma-lopez-y-gallo-the-producer-estaran-en-wwc-summer-madness-cartelera-completa\/","title":{"rendered":"El Boxeador Juanma Lopez y Gallo The Producer estar\u00e1n en WWC Summer Madness; Cartelera completa"},"content":{"rendered":"<p>Tras lo sucedido en el <a href=\"https:\/\/www.prwrestling.com\/nw\/resultados-wwc-aniversario-50\/\">Aniversario 50 <\/a>de la empresa, WWC celebrar\u00e1 su pr\u00f3ximo gran evento, Summer Madness, el s\u00e1bado 22 de julio, a las 8 PM, en la Cancha Jos\u00e9 &#8216;Pep\u00edn&#8217; Cestero de Bayam\u00f3n.<!--more--><div id=\"ad-slot\" style=\"min-width: 300px; min-height: 250px;\">\r\n<p style=\"text-align: center;\">\r\n<script async src=\"https:\/\/pagead2.googlesyndication.com\/pagead\/js\/adsbygoogle.js\"><\/script>\r\n<!-- 300x250 sc a -->\r\n<ins class=\"adsbygoogle\"\r\n     style=\"display:inline-block;width:300px;height:250px\"\r\n     data-ad-client=\"ca-pub-1244235910658811\"\r\n     data-ad-slot=\"8592682546\"><\/ins>\r\n<script>\r\n     (adsbygoogle = window.adsbygoogle || []).push({});\r\n<\/script><\/center>\r\n<\/p><\/div><\/p>\n<p><a href=\"https:\/\/www.facebook.com\/WWC1973\" target=\"_blank\" rel=\"noopener\">El Consejo<\/a> dio a conocer este fin de semana el cartel para el show, cual incluye el regreso de Gallo The Producer, en esta ocasi\u00f3n en la esquina de Xavant, quien reta a Gilbert por el reci\u00e9n reactivado campeonato del Caribe.<\/p>\n<p>El boxeador Juanma Lopez ser\u00e1 el \u00e1rbitro especial de la lucha, haciendo su debut dentro del mundo de la lucha libre tras haber tenido un cara a cara breve en Aniversario con Xavant.<div id=\"ad-slot\" style=\"min-width: 300px; min-height: 250px;\"><p style=\"text-align: center;\">\r\n<script async src=\"https:\/\/pagead2.googlesyndication.com\/pagead\/js\/adsbygoogle.js\"><\/script>\r\n<!-- Responsive sc c -->\r\n<ins class=\"adsbygoogle\"\r\n     style=\"display:block\"\r\n     data-ad-client=\"ca-pub-1244235910658811\"\r\n     data-ad-slot=\"4234005358\"\r\n     data-ad-format=\"auto\"\r\n     data-full-width-responsive=\"true\"><\/ins>\r\n<script>\r\n     (adsbygoogle = window.adsbygoogle || []).push({});\r\n<\/script><\/p><\/div><\/p>\n<p>El campe\u00f3n Universal Intelecto 5 Estrellas no ser\u00e1 parte del evento debido a que tiene compromisos previos, seg\u00fan declar\u00f3 dentro de Super Estrellas WWC domingo.<\/p>\n<p><strong>Cartelera WWC Summer Madness<\/strong><\/p>\n<p>Por el campeonato del Caribe<br \/>\nGilbert (con Juanma Lopez) vs Xavant (con Gallo the Producer)<\/p>\n<p>Lucha de Ri\u00f1a: Ray Gonzalez vs Eddie Colon<\/p>\n<p>Hugo Savinovich vs El Profe<\/p>\n<p>Lucha de Reglas Extremas: Slash Venom vs Nihan<\/p>\n<p>Lightning y Chicano vs La Revoluci\u00f3n<\/p>\n<p>Por el campeonato de PR<br \/>\nMike Nice vs Black Pain<\/p>\n<p>Por el campeonato de la TV<br \/>\nPulli estar\u00e1 esposado al Sr. Anthony<br \/>\nJC Jexx vs El Informante<\/p>\n<p>Por el campeonato Jr completo<br \/>\nBrandon the Skater vs Jovan<\/p>\n<p>Los Inmortales vs La Seguridad<\/p>\n<p>Amazona y Yaide vs Vanilla Vargas y Stephanie<\/p>\n","protected":false},"excerpt":{"rendered":"<p>Tras lo sucedido en el Aniversario 50 de la empresa, WWC celebrar\u00e1 su pr\u00f3ximo gran evento, Summer Madness, el s\u00e1bado 22 de julio, a las 8 PM, en la Cancha Jos\u00e9 &#8216;Pep\u00edn&#8217; Cestero de Bayam\u00f3n.<\/p>\n","protected":false},"author":1,"featured_media":213155,"comment_status":"closed","ping_status":"closed","sticky":false,"template":"","format":"standard","meta":{"footnotes":""},"categories":[7409,5],"tags":[34],"class_list":{"0":"post-213152","1":"post","2":"type-post","3":"status-publish","4":"format-standard","5":"has-post-thumbnail","7":"category-lucha-libre-de-puerto-rico","8":"category-noticias","9":"tag-wwc"},"_links":{"self":[{"href":"https:\/\/www.prwrestling.com\/nw\/wp-json\/wp\/v2\/posts\/213152","targetHints":{"allow":["GET"]}}],"collection":[{"href":"https:\/\/www.prwrestling.com\/nw\/wp-json\/wp\/v2\/posts"}],"about":[{"href":"https:\/\/www.prwrestling.com\/nw\/wp-json\/wp\/v2\/types\/post"}],"author":[{"embeddable":true,"href":"https:\/\/www.prwrestling.com\/nw\/wp-json\/wp\/v2\/users\/1"}],"replies":[{"embeddable":true,"href":"https:\/\/www.prwrestling.com\/nw\/wp-json\/wp\/v2\/comments?post=213152"}],"version-history":[{"count":4,"href":"https:\/\/www.prwrestling.com\/nw\/wp-json\/wp\/v2\/posts\/213152\/revisions"}],"predecessor-version":[{"id":213199,"href":"https:\/\/www.prwrestling.com\/nw\/wp-json\/wp\/v2\/posts\/213152\/revisions\/213199"}],"wp:featuredmedia":[{"embeddable":true,"href":"https:\/\/www.prwrestling.com\/nw\/wp-json\/wp\/v2\/media\/213155"}],"wp:attachment":[{"href":"https:\/\/www.prwrestling.com\/nw\/wp-json\/wp\/v2\/media?parent=213152"}],"wp:term":[{"taxonomy":"category","embeddable":true,"href":"https:\/\/www.prwrestling.com\/nw\/wp-json\/wp\/v2\/categories?post=213152"},{"taxonomy":"post_tag","embeddable":true,"href":"https:\/\/www.prwrestling.com\/nw\/wp-json\/wp\/v2\/tags?post=213152"}],"curies":[{"name":"wp","href":"https:\/\/api.w.org\/{rel}","templated":true}]}}