{"id":213680,"date":"2023-07-06T12:16:41","date_gmt":"2023-07-06T16:16:41","guid":{"rendered":"https:\/\/www.prwrestling.com\/nw\/?p=213680"},"modified":"2023-10-09T09:43:43","modified_gmt":"2023-10-09T13:43:43","slug":"john-cena-revela-el-bajo-salario-de-su-primer-contrato-con-wwe","status":"publish","type":"post","link":"https:\/\/www.prwrestling.com\/nw\/john-cena-revela-el-bajo-salario-de-su-primer-contrato-con-wwe\/","title":{"rendered":"John Cena revela el bajo salario de su primer contrato con WWE"},"content":{"rendered":"<p><span style=\"vertical-align: inherit;\"><span style=\"vertical-align: inherit;\">John Cena es 16 veces campe\u00f3n mundial y carg\u00f3 a la WWE a lo largo de la era PG. <\/span><\/span><!--more--><div id=\"ad-slot\" style=\"min-width: 300px; min-height: 250px;\">\r\n<p style=\"text-align: center;\">\r\n<!-- Site name: prwrestling.com\r\nZone name: prwrestling.com_banner_300x250\r\nZone id: 2109741734\r\nType: banner\r\nFormat: 300x250\r\n --> \r\n\r\n<!-- Copy and paste this code on the page. -->\r\n<div id='zone_2109741734' ><\/div>\r\n<script>\r\n    (function(w,d,o,g,r,a,m){\r\n        var cid='zone_2109741734';\r\n        w[r]=w[r]||function(){(w[r+'l']=w[r+'l']||[]).push(arguments)};\r\n        function e(b,w,r){if((w[r+'h']=b.pop())&&!w.ABN){\r\n            var a=d.createElement(o),p=d.getElementsByTagName(o)[0];a.async=1;\r\n            a.src='https:\/\/cdn.'+w[r+'h']+'\/libs\/e.js';a.onerror=function(){e(g,w,r)};\r\n            p.parentNode.insertBefore(a,p)}}e(g,w,r);\r\n        w[r](cid,{id:2109741734,domain:w[r+'h']});\r\n    })(window,document,'script',['traffmovie.com'],'ABNS');\r\n<\/script>\r\n\r\n<!--\r\nWhen setting the zone code, make sure:\r\n  - you have provided all domains from which the area code will be called\r\n  - the site does not limit the loading in the Content Security Policy\r\n  - the area code is installed in the ad space inside the page\r\n  - site layout allows you to display the banner on mobile devices in full size\r\nUse data-cp1={customParam1} data-cp2={customParam2}... attributes for sending custom params\r\n-->\r\n<\/p><\/div><\/p>\n<p><span style=\"vertical-align: inherit;\"><span style=\"vertical-align: inherit;\">Desde 2017, John Cena se convirti\u00f3 en un trabajador de medio tiempo en la WWE y ha aparecido espor\u00e1dicamente debido a su apretada agenda en Hollywood. <\/span><span style=\"vertical-align: inherit;\">Dicho esto, parece que John Cena revel\u00f3 el primer contrato sorprendentemente bajo que obtuvo con WWE.<\/span><\/span><\/p>\n<p><span style=\"vertical-align: inherit;\"><span style=\"vertical-align: inherit;\">Cuando John Cena debut\u00f3 en el roster principal en 2002, no era m\u00e1s que un<em> babyface<\/em> a que no ten\u00eda perspectivas de futuro. <\/span><span style=\"vertical-align: inherit;\">De hecho, Cena casi fue despedido durante su primer a\u00f1o en la empresa de Vince McMahon.<div id=\"ad-slot\" style=\"min-width: 300px; min-height: 250px;\"><p style=\"text-align: center;\">\r\n<script async src=\"https:\/\/pagead2.googlesyndication.com\/pagead\/js\/adsbygoogle.js\"><\/script>\r\n<!-- Responsive sc c -->\r\n<ins class=\"adsbygoogle\"\r\n     style=\"display:block\"\r\n     data-ad-client=\"ca-pub-1244235910658811\"\r\n     data-ad-slot=\"4234005358\"\r\n     data-ad-format=\"auto\"\r\n     data-full-width-responsive=\"true\"><\/ins>\r\n<script>\r\n     (adsbygoogle = window.adsbygoogle || []).push({});\r\n<\/script><\/p><\/div><\/span><\/span><\/p>\n<p><span style=\"vertical-align: inherit;\"><span style=\"vertical-align: inherit;\">Mientras hablaba con\u00a0 <\/span><\/span><a href=\"https:\/\/www.peacocktv.com\/watch\/playback\/vod\/GMO_00000000216779_02_HDSDR\/1ee55af5-04f6-30be-beb3-5410d1abd0b1\" target=\"_blank\" rel=\"noopener\"><span style=\"vertical-align: inherit;\"><span style=\"vertical-align: inherit;\">Kevin Hart en Hart To Heart<\/span><\/span><\/a><span style=\"vertical-align: inherit;\"><span style=\"vertical-align: inherit;\"> , John Cena habl\u00f3 sobre firmar con WWE en el 2000. Cena revel\u00f3 que sol\u00eda ganar s\u00f3lo $12,000 al a\u00f1o por su primer contrato con la compa\u00f1\u00eda.<\/span><\/span><\/p>\n<blockquote class=\"wp-block-quote\"><p><span style=\"vertical-align: inherit;\"><span style=\"vertical-align: inherit;\">\u201cMi primer contrato con WWE fue de $12,000 al a\u00f1o. <\/span><span style=\"vertical-align: inherit;\">Renunci\u00e9 a mi trabajo el d\u00eda que me firmaron. <\/span><span style=\"vertical-align: inherit;\">Creo que mi renta era de $1,000 al mes. <\/span><span style=\"vertical-align: inherit;\">As\u00ed que todo mi dinero ahora es el alquiler. <\/span><span style=\"vertical-align: inherit;\">Cuando le dije a mi mam\u00e1, ella dijo: &#8216;Espero que est\u00e9s bien&#8217;. <\/span><\/span><\/p>\n<p><span style=\"vertical-align: inherit;\"><span style=\"vertical-align: inherit;\">A mi pap\u00e1, podr\u00eda haberle dicho cualquier otro puesto y \u00e9l habr\u00eda dicho: &#8216;S\u00ed, lo que sea&#8217;, pero le dije que consegu\u00ed un trabajo en la WWE. <\/span><span style=\"vertical-align: inherit;\">&#8216;Ay, hijo m\u00edo. <\/span><span style=\"vertical-align: inherit;\">Esto es irreal. <\/span><span style=\"vertical-align: inherit;\">Es genial. <\/span><span style=\"vertical-align: inherit;\">No puedo creerlo. <\/span><span style=\"vertical-align: inherit;\">A\u00fan as\u00ed, hasta el d\u00eda de hoy, est\u00e1 extremadamente orgulloso\u201d.<\/span><\/span><\/p><\/blockquote>\n<p><span style=\"vertical-align: inherit;\"><span style=\"vertical-align: inherit;\">John Cena tambi\u00e9n regres\u00f3 durante el evento <a href=\"https:\/\/www.prwrestling.com\/nw\/resultados-wwe-money-in-the-bank-priest-y-sky-ganan-los-maletines-aparece-cena-usos-vs-reigns-y-sikoa\/\">WWE Money In The Bank<\/a>. <\/span><span style=\"vertical-align: inherit;\">Tendremos que esperar y ver cu\u00e1ndo el luchador regresar\u00e1 a la televisi\u00f3n de la WWE una vez m\u00e1s.<\/span><\/span><\/p>\n","protected":false},"excerpt":{"rendered":"<p>John Cena es 16 veces campe\u00f3n mundial y carg\u00f3 a la WWE a lo largo de la era PG.<\/p>\n","protected":false},"author":1,"featured_media":213688,"comment_status":"closed","ping_status":"closed","sticky":false,"template":"","format":"standard","meta":{"footnotes":""},"categories":[5,38],"tags":[1504],"class_list":["post-213680","post","type-post","status-publish","format-standard","has-post-thumbnail","category-noticias","category-noticias-y-rumores-de-la-wwe","tag-john-cena"],"_links":{"self":[{"href":"https:\/\/www.prwrestling.com\/nw\/wp-json\/wp\/v2\/posts\/213680","targetHints":{"allow":["GET"]}}],"collection":[{"href":"https:\/\/www.prwrestling.com\/nw\/wp-json\/wp\/v2\/posts"}],"about":[{"href":"https:\/\/www.prwrestling.com\/nw\/wp-json\/wp\/v2\/types\/post"}],"author":[{"embeddable":true,"href":"https:\/\/www.prwrestling.com\/nw\/wp-json\/wp\/v2\/users\/1"}],"replies":[{"embeddable":true,"href":"https:\/\/www.prwrestling.com\/nw\/wp-json\/wp\/v2\/comments?post=213680"}],"version-history":[{"count":3,"href":"https:\/\/www.prwrestling.com\/nw\/wp-json\/wp\/v2\/posts\/213680\/revisions"}],"predecessor-version":[{"id":213689,"href":"https:\/\/www.prwrestling.com\/nw\/wp-json\/wp\/v2\/posts\/213680\/revisions\/213689"}],"wp:featuredmedia":[{"embeddable":true,"href":"https:\/\/www.prwrestling.com\/nw\/wp-json\/wp\/v2\/media\/213688"}],"wp:attachment":[{"href":"https:\/\/www.prwrestling.com\/nw\/wp-json\/wp\/v2\/media?parent=213680"}],"wp:term":[{"taxonomy":"category","embeddable":true,"href":"https:\/\/www.prwrestling.com\/nw\/wp-json\/wp\/v2\/categories?post=213680"},{"taxonomy":"post_tag","embeddable":true,"href":"https:\/\/www.prwrestling.com\/nw\/wp-json\/wp\/v2\/tags?post=213680"}],"curies":[{"name":"wp","href":"https:\/\/api.w.org\/{rel}","templated":true}]}}