{"id":214404,"date":"2023-07-11T19:11:51","date_gmt":"2023-07-11T23:11:51","guid":{"rendered":"https:\/\/www.prwrestling.com\/nw\/?p=214404"},"modified":"2023-07-11T19:11:51","modified_gmt":"2023-07-11T23:11:51","slug":"donde-ha-estado-carlito-rumores-ante-esperada-llegada-a-la-wwe","status":"publish","type":"post","link":"https:\/\/www.prwrestling.com\/nw\/donde-ha-estado-carlito-rumores-ante-esperada-llegada-a-la-wwe\/","title":{"rendered":"\u00bfD\u00f3nde ha estado Carlito? rumores ante esperada llegada a la WWE"},"content":{"rendered":"<p><span style=\"vertical-align: inherit;\"><span style=\"vertical-align: inherit;\">Carlito regres\u00f3 a la WWE por una noche en <a href=\"https:\/\/www.prwrestling.com\/nw\/resultados-wwe-backlash-carlito-y-savio-vega-ayudan-a-bad-bunny-en-victoria-cody-vs-lesnar\/\">Backlash<\/a>, y eso fue un momento inolvidable para los fan\u00e1ticos en Puerto Rico. <\/span><\/span><!--more--><div id=\"ad-slot\" style=\"min-width: 300px; min-height: 250px;\">\r\n<p style=\"text-align: center;\">\r\n<script async src=\"https:\/\/pagead2.googlesyndication.com\/pagead\/js\/adsbygoogle.js\"><\/script>\r\n<!-- 300x250 sc a -->\r\n<ins class=\"adsbygoogle\"\r\n     style=\"display:inline-block;width:300px;height:250px\"\r\n     data-ad-client=\"ca-pub-1244235910658811\"\r\n     data-ad-slot=\"8592682546\"><\/ins>\r\n<script>\r\n     (adsbygoogle = window.adsbygoogle || []).push({});\r\n<\/script><\/center>\r\n<\/p><\/div><\/p>\n<p><span style=\"vertical-align: inherit;\"><span style=\"vertical-align: inherit;\">Ahora, parece que WWE tiene algunos planes para su regreso.<\/span><\/span><\/p>\n<p><span style=\"vertical-align: inherit;\"><span style=\"vertical-align: inherit;\"><a href=\"http:\/\/pwinsider.com\" target=\"_blank\" rel=\"noopener\">PWInsider<\/a> ha publicado un nuevo informe que arroja luz sobre el estado actual de Carlito con WWE. <\/span><span style=\"vertical-align: inherit;\">Inicialmente se esperaba que regresara la semana pasada, pero el luchador adem\u00e1s de no aparecer ante las c\u00e1maras, estuvo notablemente ausente en el \u00e1rea backstage durante SmackDown.<div id=\"ad-slot\" style=\"min-width: 300px; min-height: 250px;\"><p style=\"text-align: center;\">\r\n<script async src=\"https:\/\/pagead2.googlesyndication.com\/pagead\/js\/adsbygoogle.js\"><\/script>\r\n<!-- Responsive sc c -->\r\n<ins class=\"adsbygoogle\"\r\n     style=\"display:block\"\r\n     data-ad-client=\"ca-pub-1244235910658811\"\r\n     data-ad-slot=\"4234005358\"\r\n     data-ad-format=\"auto\"\r\n     data-full-width-responsive=\"true\"><\/ins>\r\n<script>\r\n     (adsbygoogle = window.adsbygoogle || []).push({});\r\n<\/script><\/p><\/div> <\/span><\/span><\/p>\n<p><span style=\"vertical-align: inherit;\"><span style=\"vertical-align: inherit;\">Sin embargo, las fuentes revelan que Carlito hab\u00eda viajado a la misma regi\u00f3n que WWE se encontraba durante el fin de semana y fue visto en Pittsburgh el domingo, donde se encuentra principalmente el equipo m\u00e9dico de WWE.<\/span><\/span><\/p>\n<p><span style=\"vertical-align: inherit;\"><span style=\"vertical-align: inherit;\">Seg\u00fan los informes, la decisi\u00f3n de excluir el regreso de Carlito en el mismo episodio de SmackDown estuvo influenciada por la historia prominente de The Bloodline, que habr\u00eda eclipsado su regreso.<\/span><\/span><\/p>\n<p>El Bloodline ocup\u00f3 en total casi 60 minutos del programa del pasado viernes, en combinaci\u00f3n del segmento de apertura, segmentos en el transcurso del show, y el segmento final.<\/p>\n<p><span style=\"vertical-align: inherit;\"> <span style=\"vertical-align: inherit;\">En un esfuerzo por mantener un episodio enfocado, presentar a Carlito junto con los integrantes de LWO (que es lo que se espera) habr\u00eda diluido el impacto de ambas historias.<\/span><\/span><\/p>\n<p>La LWO apareci\u00f3 brevemente en Smackdown viendo a Jey Uso ser atendido por el personal m\u00e9dico tras ser atacado por Roman Reigns.<\/p>\n","protected":false},"excerpt":{"rendered":"<p>Carlito regres\u00f3 a la WWE por una noche en Backlash, y eso fue un momento inolvidable para los fan\u00e1ticos en Puerto Rico.<\/p>\n","protected":false},"author":1,"featured_media":214409,"comment_status":"closed","ping_status":"closed","sticky":false,"template":"","format":"standard","meta":{"footnotes":""},"categories":[5,38],"tags":[],"class_list":{"0":"post-214404","1":"post","2":"type-post","3":"status-publish","4":"format-standard","5":"has-post-thumbnail","7":"category-noticias","8":"category-noticias-y-rumores-de-la-wwe"},"_links":{"self":[{"href":"https:\/\/www.prwrestling.com\/nw\/wp-json\/wp\/v2\/posts\/214404","targetHints":{"allow":["GET"]}}],"collection":[{"href":"https:\/\/www.prwrestling.com\/nw\/wp-json\/wp\/v2\/posts"}],"about":[{"href":"https:\/\/www.prwrestling.com\/nw\/wp-json\/wp\/v2\/types\/post"}],"author":[{"embeddable":true,"href":"https:\/\/www.prwrestling.com\/nw\/wp-json\/wp\/v2\/users\/1"}],"replies":[{"embeddable":true,"href":"https:\/\/www.prwrestling.com\/nw\/wp-json\/wp\/v2\/comments?post=214404"}],"version-history":[{"count":4,"href":"https:\/\/www.prwrestling.com\/nw\/wp-json\/wp\/v2\/posts\/214404\/revisions"}],"predecessor-version":[{"id":214412,"href":"https:\/\/www.prwrestling.com\/nw\/wp-json\/wp\/v2\/posts\/214404\/revisions\/214412"}],"wp:featuredmedia":[{"embeddable":true,"href":"https:\/\/www.prwrestling.com\/nw\/wp-json\/wp\/v2\/media\/214409"}],"wp:attachment":[{"href":"https:\/\/www.prwrestling.com\/nw\/wp-json\/wp\/v2\/media?parent=214404"}],"wp:term":[{"taxonomy":"category","embeddable":true,"href":"https:\/\/www.prwrestling.com\/nw\/wp-json\/wp\/v2\/categories?post=214404"},{"taxonomy":"post_tag","embeddable":true,"href":"https:\/\/www.prwrestling.com\/nw\/wp-json\/wp\/v2\/tags?post=214404"}],"curies":[{"name":"wp","href":"https:\/\/api.w.org\/{rel}","templated":true}]}}