{"id":214954,"date":"2023-07-16T17:28:56","date_gmt":"2023-07-16T21:28:56","guid":{"rendered":"https:\/\/www.prwrestling.com\/nw\/?p=214954"},"modified":"2023-07-16T17:28:56","modified_gmt":"2023-07-16T21:28:56","slug":"sgt-slaughter-frustrado-por-no-haber-sido-invitado-al-hof-de-undertaker","status":"publish","type":"post","link":"https:\/\/www.prwrestling.com\/nw\/sgt-slaughter-frustrado-por-no-haber-sido-invitado-al-hof-de-undertaker\/","title":{"rendered":"Sgt. Slaughter &#8220;frustrado&#8221; por no haber sido invitado al HOF de Undertaker"},"content":{"rendered":"<div>\n<div class=\"columns-holder \">\n<p dir=\"ltr\"><span style=\"vertical-align: inherit;\"><span style=\"vertical-align: inherit;\">En las d\u00e9cadas de 1980 y 1990, Sgt. Slaughter <\/span><span style=\"vertical-align: inherit;\">fue un miembro fundamental de la WWF, tanto en la pantalla como detr\u00e1s de escena buscando nuevos talentos.<\/span><\/span><\/p>\n<p><!--more--><div id=\"ad-slot\" style=\"min-width: 300px; min-height: 250px;\">\r\n<p style=\"text-align: center;\">\r\n<script async src=\"https:\/\/pagead2.googlesyndication.com\/pagead\/js\/adsbygoogle.js\"><\/script>\r\n<!-- 300x250 sc a -->\r\n<ins class=\"adsbygoogle\"\r\n     style=\"display:inline-block;width:300px;height:250px\"\r\n     data-ad-client=\"ca-pub-1244235910658811\"\r\n     data-ad-slot=\"8592682546\"><\/ins>\r\n<script>\r\n     (adsbygoogle = window.adsbygoogle || []).push({});\r\n<\/script><\/center>\r\n<\/p><\/div><\/p>\n<p dir=\"ltr\"><span style=\"vertical-align: inherit;\"><span style=\"vertical-align: inherit;\">\u00a0<\/span><span style=\"vertical-align: inherit;\">El ex campe\u00f3n de la WWF habl\u00f3 con <\/span><\/span><a href=\"https:\/\/youtu.be\/3CcG-CxZOdQ\" target=\"_blank\" rel=\"noopener\"><span style=\"vertical-align: inherit;\"><span style=\"vertical-align: inherit;\">Sportskeeda<\/span><\/span><\/a> <span style=\"vertical-align: inherit;\"><span style=\"vertical-align: inherit;\">sobre su influencia creativa en la d\u00e9cada de 1990 y por qu\u00e9 su ausencia en <\/span><\/span><span style=\"vertical-align: inherit;\"><span style=\"vertical-align: inherit;\">la inducci\u00f3n al Sal\u00f3n de la Fama de The Undertaker en 2022<\/span><\/span><span style=\"vertical-align: inherit;\"><span style=\"vertical-align: inherit;\"> lo frustra.<\/span><\/span><\/p>\n<p dir=\"ltr\"><span style=\"vertical-align: inherit;\"><span style=\"vertical-align: inherit;\">&#8220;Encontr\u00e9 a Mark Calaway en una caja de cintas&#8221;, explic\u00f3 Slaughter, &#8220;Como mucha gente sabe, me dol\u00eda la espalda. Ten\u00eda que ir a trabajar a la oficina&#8230; Ten\u00eda todas estas cintas, cajas, sobres y fotos. y cartas de aspirantes a luchadores y gerentes y ayudantes de c\u00e1mara y locutores&#8221;.<div id=\"ad-slot\" style=\"min-width: 300px; min-height: 250px;\"><p style=\"text-align: center;\">\r\n<script async src=\"https:\/\/pagead2.googlesyndication.com\/pagead\/js\/adsbygoogle.js\"><\/script>\r\n<!-- Responsive sc c -->\r\n<ins class=\"adsbygoogle\"\r\n     style=\"display:block\"\r\n     data-ad-client=\"ca-pub-1244235910658811\"\r\n     data-ad-slot=\"4234005358\"\r\n     data-ad-format=\"auto\"\r\n     data-full-width-responsive=\"true\"><\/ins>\r\n<script>\r\n     (adsbygoogle = window.adsbygoogle || []).push({});\r\n<\/script><\/p><\/div><\/span><\/span><\/p>\n<p dir=\"ltr\"><span style=\"vertical-align: inherit;\"><span style=\"vertical-align: inherit;\">Slaughter continu\u00f3, recordando que le propuso traer a The Undertaker a la WWE a Vince McMahon. <\/span><span style=\"vertical-align: inherit;\">&#8220;Le dije a Vince: &#8216;Tienes que ver a este tipo'&#8221;, se\u00f1al\u00f3 Slaughter, &#8220;[Vince] dijo: &#8216;Bueno, nunca he o\u00eddo hablar de \u00e9l, as\u00ed que tr\u00e1elo'&#8221;.<\/span><\/span><\/p>\n<p dir=\"ltr\"><span style=\"vertical-align: inherit;\"><span style=\"vertical-align: inherit;\">A partir de ah\u00ed, <\/span><\/span><span style=\"vertical-align: inherit;\"><span style=\"vertical-align: inherit;\">Mark Calaway se convirti\u00f3 en una de las mayores estrellas de la historia de la lucha libre, celebrando 30 a\u00f1os de dominio dentro de la WWE antes de su retiro<\/span><\/span><span style=\"vertical-align: inherit;\"><span style=\"vertical-align: inherit;\"> . <\/span><span style=\"vertical-align: inherit;\">Para Slaughter, sin embargo, el hecho de que obtenga poco cr\u00e9dito por encontrar a Calaway y suger\u00edrselo a Vince lo molesta. <\/span><\/span><\/p>\n<p dir=\"ltr\"><span style=\"vertical-align: inherit;\"><span style=\"vertical-align: inherit;\">&#8220;\u00bfAdivina a qui\u00e9n no invitaron a su Sal\u00f3n de la Fama? Yo, Sgt. Slaughter, el tipo que lo encontr\u00f3&#8221;, se lament\u00f3 el miembro del Sal\u00f3n de la Fama de la WWE de 2004, &#8220;\u00bfTe imaginas no ser invitado? Deber\u00eda haber estado en la primera fila&#8221;&#8221;<\/span><\/span><\/p>\n<p dir=\"ltr\"><span style=\"vertical-align: inherit;\"><span style=\"vertical-align: inherit;\">Slaughter concluy\u00f3 que, si bien se le debe agradecer inmensamente por darle The Undertaker al mundo de la lucha libre, en \u00faltima instancia, se sinti\u00f3 una falta de respeto por no haber sido invitado a la ceremonia de 2022. <\/span><span style=\"vertical-align: inherit;\">&#8220;Eso fue una bofetada en la cara&#8221;, finaliz\u00f3 Slaughter, &#8220;Realmente no lo entiendo&#8221;.<\/span><\/span><\/p>\n<\/div>\n<\/div>\n","protected":false},"excerpt":{"rendered":"<p>En las d\u00e9cadas de 1980 y 1990, Sgt. Slaughter fue un miembro fundamental de la WWF, tanto en la pantalla como detr\u00e1s de escena buscando nuevos talentos.<\/p>\n","protected":false},"author":1,"featured_media":214969,"comment_status":"closed","ping_status":"closed","sticky":false,"template":"","format":"standard","meta":{"footnotes":""},"categories":[5,38],"tags":[],"class_list":{"0":"post-214954","1":"post","2":"type-post","3":"status-publish","4":"format-standard","5":"has-post-thumbnail","7":"category-noticias","8":"category-noticias-y-rumores-de-la-wwe"},"_links":{"self":[{"href":"https:\/\/www.prwrestling.com\/nw\/wp-json\/wp\/v2\/posts\/214954","targetHints":{"allow":["GET"]}}],"collection":[{"href":"https:\/\/www.prwrestling.com\/nw\/wp-json\/wp\/v2\/posts"}],"about":[{"href":"https:\/\/www.prwrestling.com\/nw\/wp-json\/wp\/v2\/types\/post"}],"author":[{"embeddable":true,"href":"https:\/\/www.prwrestling.com\/nw\/wp-json\/wp\/v2\/users\/1"}],"replies":[{"embeddable":true,"href":"https:\/\/www.prwrestling.com\/nw\/wp-json\/wp\/v2\/comments?post=214954"}],"version-history":[{"count":3,"href":"https:\/\/www.prwrestling.com\/nw\/wp-json\/wp\/v2\/posts\/214954\/revisions"}],"predecessor-version":[{"id":214967,"href":"https:\/\/www.prwrestling.com\/nw\/wp-json\/wp\/v2\/posts\/214954\/revisions\/214967"}],"wp:featuredmedia":[{"embeddable":true,"href":"https:\/\/www.prwrestling.com\/nw\/wp-json\/wp\/v2\/media\/214969"}],"wp:attachment":[{"href":"https:\/\/www.prwrestling.com\/nw\/wp-json\/wp\/v2\/media?parent=214954"}],"wp:term":[{"taxonomy":"category","embeddable":true,"href":"https:\/\/www.prwrestling.com\/nw\/wp-json\/wp\/v2\/categories?post=214954"},{"taxonomy":"post_tag","embeddable":true,"href":"https:\/\/www.prwrestling.com\/nw\/wp-json\/wp\/v2\/tags?post=214954"}],"curies":[{"name":"wp","href":"https:\/\/api.w.org\/{rel}","templated":true}]}}