{"id":215442,"date":"2023-07-20T23:14:54","date_gmt":"2023-07-21T03:14:54","guid":{"rendered":"https:\/\/www.prwrestling.com\/nw\/?p=215442"},"modified":"2023-07-20T23:17:52","modified_gmt":"2023-07-21T03:17:52","slug":"cartelera-wwc-summer-madness-2023-para-este-sabado-hugo-savinovich-chocara-ante-el-profe","status":"publish","type":"post","link":"https:\/\/www.prwrestling.com\/nw\/cartelera-wwc-summer-madness-2023-para-este-sabado-hugo-savinovich-chocara-ante-el-profe\/","title":{"rendered":"Cartelera WWC Summer Madness 2023 para este s\u00e1bado &#8211; Hugo Savinovich chocar\u00e1 ante El Profe"},"content":{"rendered":"<p><a href=\"https:\/\/www.facebook.com\/WWC1973\" target=\"_blank\" rel=\"noopener\">WWC<\/a> celebra este s\u00e1bado 22 de julio Summer Madness en el Coliseo Jos\u00e9 &#8220;Pep\u00edn&#8221;Cestero de Bayam\u00f3n, Puerto Rico a las 8:00PM.<!--more--><div id=\"ad-slot\" style=\"min-width: 300px; min-height: 250px;\">\r\n<p style=\"text-align: center;\">\r\n<script async src=\"https:\/\/pagead2.googlesyndication.com\/pagead\/js\/adsbygoogle.js\"><\/script>\r\n<!-- 300x250 sc a -->\r\n<ins class=\"adsbygoogle\"\r\n     style=\"display:inline-block;width:300px;height:250px\"\r\n     data-ad-client=\"ca-pub-1244235910658811\"\r\n     data-ad-slot=\"8592682546\"><\/ins>\r\n<script>\r\n     (adsbygoogle = window.adsbygoogle || []).push({});\r\n<\/script><\/center>\r\n<\/p><\/div><\/p>\n<p>En la lucha estelar, Hugo Savinovich, de 64 a\u00f1os de edad, estar\u00e1 chocando ante El Profe, de 68 a\u00f1os. Este encuentro originalmente estaba pautado a celebrarse en el mes de enero dentro del evento DemonMania, cual termin\u00f3 siendo cancelado debido a asuntos de salud de Savinovich.<\/p>\n<p>El campe\u00f3n Universal Intelecto 5 Estrellas no ser\u00e1 parte del evento debido a que ten\u00eda otros compromisos fuera de la Isla. Por ende, el campeonato principal del Consejo no ser\u00e1 defendido esa noche.<div id=\"ad-slot\" style=\"min-width: 300px; min-height: 250px;\"><p style=\"text-align: center;\">\r\n<script async src=\"https:\/\/pagead2.googlesyndication.com\/pagead\/js\/adsbygoogle.js\"><\/script>\r\n<!-- Responsive sc c -->\r\n<ins class=\"adsbygoogle\"\r\n     style=\"display:block\"\r\n     data-ad-client=\"ca-pub-1244235910658811\"\r\n     data-ad-slot=\"4234005358\"\r\n     data-ad-format=\"auto\"\r\n     data-full-width-responsive=\"true\"><\/ins>\r\n<script>\r\n     (adsbygoogle = window.adsbygoogle || []).push({});\r\n<\/script><\/p><\/div><\/p>\n<p><strong>A continuaci\u00f3n el cartel anunciado:<\/strong><\/p>\n<p>La Batalla Final<br \/>\nHugo Savinovich vs\u00a0 El Profe<\/p>\n<p>Por el Campeonato del Caribe y con Juanma L\u00f3pez de \u00e1rbitro especial<br \/>\n\u201cThe Precious One\u201d Gilbert vs Xavant, acompa\u00f1ado por Gallo The Producer<\/p>\n<p>Ray Gonz\u00e1lez vs Eddie Col\u00f3n<\/p>\n<p>Lucha de Reglas Extremas<br \/>\nSlash Venom vs\u00a0 Nihan<\/p>\n<p>Por el campeonato de Puerto Rico<br \/>\n\u201cShowman\u201d Mike Nice vs Black Pain<\/p>\n<p>Lightning y Chicano vs La Revoluci\u00f3n<\/p>\n<p>Amazona y Yaide vs Vanilla Vargas y Stephany Amalbert.<\/p>\n<p>Por el campeonato de la TV<br \/>\nCon Pulli esposado al Sr. Anthony<br \/>\nJC. Jexx vs El Informante<\/p>\n<p>Por el campeonato Junior Completo<br \/>\nBrandon \u201cThe Skater\u201d contra Jovan<\/p>\n<p>Los Inmortales vs La Seguridad del Nuevo Orden<\/p>\n<div>Los boletos estar\u00e1n a la venta en <a href=\"http:\/\/ticketera.com\/\" target=\"_blank\" rel=\"noopener noreferrer nofollow\">ticketera.com<\/a>.<\/div>\n<p><iframe loading=\"lazy\" style=\"border: none; overflow: hidden;\" src=\"https:\/\/www.facebook.com\/plugins\/video.php?height=314&amp;href=https%3A%2F%2Fwww.facebook.com%2FWWC1973%2Fvideos%2F1293095281367829%2F&amp;show_text=false&amp;width=560&amp;t=0\" width=\"560\" height=\"314\" frameborder=\"0\" scrolling=\"no\" allowfullscreen=\"allowfullscreen\"><\/iframe><br \/>\n<iframe loading=\"lazy\" style=\"border: none; overflow: hidden;\" src=\"https:\/\/www.facebook.com\/plugins\/video.php?height=476&amp;href=https%3A%2F%2Fwww.facebook.com%2FWWC1973%2Fvideos%2F1254218955287501%2F&amp;show_text=false&amp;width=269&amp;t=0\" width=\"269\" height=\"476\" frameborder=\"0\" scrolling=\"no\" allowfullscreen=\"allowfullscreen\"><\/iframe><\/p>\n","protected":false},"excerpt":{"rendered":"<p>WWC celebra este s\u00e1bado 22 de julio Summer Madness en el Coliseo Jos\u00e9 &#8220;Pep\u00edn&#8221;Cestero de Bayam\u00f3n, Puerto Rico a las 8:00PM.<\/p>\n","protected":false},"author":1,"featured_media":215443,"comment_status":"closed","ping_status":"closed","sticky":false,"template":"","format":"standard","meta":{"footnotes":""},"categories":[7409,5],"tags":[34],"class_list":{"0":"post-215442","1":"post","2":"type-post","3":"status-publish","4":"format-standard","5":"has-post-thumbnail","7":"category-lucha-libre-de-puerto-rico","8":"category-noticias","9":"tag-wwc"},"_links":{"self":[{"href":"https:\/\/www.prwrestling.com\/nw\/wp-json\/wp\/v2\/posts\/215442","targetHints":{"allow":["GET"]}}],"collection":[{"href":"https:\/\/www.prwrestling.com\/nw\/wp-json\/wp\/v2\/posts"}],"about":[{"href":"https:\/\/www.prwrestling.com\/nw\/wp-json\/wp\/v2\/types\/post"}],"author":[{"embeddable":true,"href":"https:\/\/www.prwrestling.com\/nw\/wp-json\/wp\/v2\/users\/1"}],"replies":[{"embeddable":true,"href":"https:\/\/www.prwrestling.com\/nw\/wp-json\/wp\/v2\/comments?post=215442"}],"version-history":[{"count":2,"href":"https:\/\/www.prwrestling.com\/nw\/wp-json\/wp\/v2\/posts\/215442\/revisions"}],"predecessor-version":[{"id":215448,"href":"https:\/\/www.prwrestling.com\/nw\/wp-json\/wp\/v2\/posts\/215442\/revisions\/215448"}],"wp:featuredmedia":[{"embeddable":true,"href":"https:\/\/www.prwrestling.com\/nw\/wp-json\/wp\/v2\/media\/215443"}],"wp:attachment":[{"href":"https:\/\/www.prwrestling.com\/nw\/wp-json\/wp\/v2\/media?parent=215442"}],"wp:term":[{"taxonomy":"category","embeddable":true,"href":"https:\/\/www.prwrestling.com\/nw\/wp-json\/wp\/v2\/categories?post=215442"},{"taxonomy":"post_tag","embeddable":true,"href":"https:\/\/www.prwrestling.com\/nw\/wp-json\/wp\/v2\/tags?post=215442"}],"curies":[{"name":"wp","href":"https:\/\/api.w.org\/{rel}","templated":true}]}}