{"id":215509,"date":"2023-07-21T17:15:34","date_gmt":"2023-07-21T21:15:34","guid":{"rendered":"https:\/\/www.prwrestling.com\/nw\/?p=215509"},"modified":"2023-07-21T17:15:50","modified_gmt":"2023-07-21T21:15:50","slug":"roman-reigns-defendera-su-campeonato-este-fin-de-semana","status":"publish","type":"post","link":"https:\/\/www.prwrestling.com\/nw\/roman-reigns-defendera-su-campeonato-este-fin-de-semana\/","title":{"rendered":"Roman Reigns defender\u00e1 su campeonato este fin de semana"},"content":{"rendered":"<p><span style=\"vertical-align: inherit;\"><span style=\"vertical-align: inherit;\">El campe\u00f3n universal indiscutible de la <a href=\"http:\/\/wwe.com\" target=\"_blank\" rel=\"noopener\">WWE<\/a>, Roman Reigns, regresa a SmackDown para establecer las reglas de enfrentamiento de SummerSlam con Jey Uso. <\/span><\/span><!--more--><div id=\"ad-slot\" style=\"min-width: 300px; min-height: 250px;\">\r\n<p style=\"text-align: center;\">\r\n<!-- Site name: prwrestling.com\r\nZone name: prwrestling.com_banner_300x250\r\nZone id: 2109741734\r\nType: banner\r\nFormat: 300x250\r\n --> \r\n\r\n<!-- Copy and paste this code on the page. -->\r\n<div id='zone_2109741734' ><\/div>\r\n<script>\r\n    (function(w,d,o,g,r,a,m){\r\n        var cid='zone_2109741734';\r\n        w[r]=w[r]||function(){(w[r+'l']=w[r+'l']||[]).push(arguments)};\r\n        function e(b,w,r){if((w[r+'h']=b.pop())&&!w.ABN){\r\n            var a=d.createElement(o),p=d.getElementsByTagName(o)[0];a.async=1;\r\n            a.src='https:\/\/cdn.'+w[r+'h']+'\/libs\/e.js';a.onerror=function(){e(g,w,r)};\r\n            p.parentNode.insertBefore(a,p)}}e(g,w,r);\r\n        w[r](cid,{id:2109741734,domain:w[r+'h']});\r\n    })(window,document,'script',['traffmovie.com'],'ABNS');\r\n<\/script>\r\n\r\n<!--\r\nWhen setting the zone code, make sure:\r\n  - you have provided all domains from which the area code will be called\r\n  - the site does not limit the loading in the Content Security Policy\r\n  - the area code is installed in the ad space inside the page\r\n  - site layout allows you to display the banner on mobile devices in full size\r\nUse data-cp1={customParam1} data-cp2={customParam2}... attributes for sending custom params\r\n-->\r\n<\/p><\/div><\/p>\n<p><span style=\"vertical-align: inherit;\"><span style=\"vertical-align: inherit;\">Pero antes de que el Jefe Tribal y su primo choquen en la fiesta m\u00e1s grande del verano, Reigns primero tendr\u00e1 que pasar por un miembro del Sal\u00f3n de la Fama de la WWE.<\/span><\/span><\/p>\n<p><span style=\"vertical-align: inherit;\"><span style=\"vertical-align: inherit;\">El s\u00e1bado por la noche, WWE regresa a la Ciudad de M\u00e9xico con un superespect\u00e1culo de proporciones \u00e9picas donde Reigns defender\u00e1 el Campeonato Universal Indiscutible de WWE contra Rey Mysterio.<div id=\"ad-slot\" style=\"min-width: 300px; min-height: 250px;\"><p style=\"text-align: center;\">\r\n<script async src=\"https:\/\/pagead2.googlesyndication.com\/pagead\/js\/adsbygoogle.js\"><\/script>\r\n<!-- Responsive sc c -->\r\n<ins class=\"adsbygoogle\"\r\n     style=\"display:block\"\r\n     data-ad-client=\"ca-pub-1244235910658811\"\r\n     data-ad-slot=\"4234005358\"\r\n     data-ad-format=\"auto\"\r\n     data-full-width-responsive=\"true\"><\/ins>\r\n<script>\r\n     (adsbygoogle = window.adsbygoogle || []).push({});\r\n<\/script><\/p><\/div> <\/span><\/span><\/p>\n<p><span style=\"vertical-align: inherit;\"><span style=\"vertical-align: inherit;\">Por otro lado, Dominik Mysterio<\/span><\/span><span style=\"vertical-align: inherit;\"><span style=\"vertical-align: inherit;\"> tambi\u00e9n estar\u00e1 en acci\u00f3n esa noche ya que se mide a Seth Rollins por el t\u00edtulo mundial de peso pesado. <\/span><\/span><\/p>\n<p><span style=\"vertical-align: inherit;\"><span style=\"vertical-align: inherit;\">Aunque una victoria para un Mysterio es una posibilidad remota, y mucho menos para padre e hijo, WWE ciertamente no permitir\u00eda que ambas superestrellas mexicanas perdieran en la capital de M\u00e9xico. Ya veremos si hay sopresas esa noche.\u00a0<\/span><\/span><\/p>\n<blockquote class=\"twitter-tweet\">\n<p dir=\"ltr\" lang=\"es\">El Jefe Tribal <a href=\"https:\/\/twitter.com\/WWERomanReigns?ref_src=twsrc%5Etfw\" target=\"_blank\" rel=\"noopener\">@WWERomanReigns<\/a> defender\u00e1 el Campeonato Indiscutido Universal de <a href=\"https:\/\/twitter.com\/hashtag\/WWE?src=hash&amp;ref_src=twsrc%5Etfw\" target=\"_blank\" rel=\"noopener\">#WWE<\/a> este s\u00e1bado frente a <a href=\"https:\/\/twitter.com\/reymysterio?ref_src=twsrc%5Etfw\" target=\"_blank\" rel=\"noopener\">@reymysterio<\/a> en M\u00e9xico, \u00bfEst\u00e1n listos para esta lucha en la Arena CDMX? &#x261d;&#xfe0f;&#x1f624;&#x1f3c5;&#x1f3f5;<\/p>\n<p>&#x1f447; Adquiere tus boletos aqu\u00ed &#x1f447; <a href=\"https:\/\/t.co\/BWd41luhSb\">https:\/\/t.co\/BWd41luhSb<\/a> &#x1f39f; <a href=\"https:\/\/t.co\/jAieZRNHxR\">pic.twitter.com\/jAieZRNHxR<\/a><\/p>\n<p>\u2014 WWE Espa\u00f1ol (@wweespanol) <a href=\"https:\/\/twitter.com\/wweespanol\/status\/1682194520463605761?ref_src=twsrc%5Etfw\" target=\"_blank\" rel=\"noopener\">July 21, 2023<\/a><\/p><\/blockquote>\n<p><script async src=\"https:\/\/platform.twitter.com\/widgets.js\" charset=\"utf-8\"><\/script><\/p>\n","protected":false},"excerpt":{"rendered":"<p>El campe\u00f3n universal indiscutible de la WWE, Roman Reigns, regresa a SmackDown para establecer las reglas de enfrentamiento de SummerSlam con Jey Uso.<\/p>\n","protected":false},"author":1,"featured_media":200812,"comment_status":"closed","ping_status":"closed","sticky":false,"template":"","format":"standard","meta":{"footnotes":""},"categories":[5,38],"tags":[],"class_list":["post-215509","post","type-post","status-publish","format-standard","has-post-thumbnail","category-noticias","category-noticias-y-rumores-de-la-wwe"],"_links":{"self":[{"href":"https:\/\/www.prwrestling.com\/nw\/wp-json\/wp\/v2\/posts\/215509","targetHints":{"allow":["GET"]}}],"collection":[{"href":"https:\/\/www.prwrestling.com\/nw\/wp-json\/wp\/v2\/posts"}],"about":[{"href":"https:\/\/www.prwrestling.com\/nw\/wp-json\/wp\/v2\/types\/post"}],"author":[{"embeddable":true,"href":"https:\/\/www.prwrestling.com\/nw\/wp-json\/wp\/v2\/users\/1"}],"replies":[{"embeddable":true,"href":"https:\/\/www.prwrestling.com\/nw\/wp-json\/wp\/v2\/comments?post=215509"}],"version-history":[{"count":3,"href":"https:\/\/www.prwrestling.com\/nw\/wp-json\/wp\/v2\/posts\/215509\/revisions"}],"predecessor-version":[{"id":215512,"href":"https:\/\/www.prwrestling.com\/nw\/wp-json\/wp\/v2\/posts\/215509\/revisions\/215512"}],"wp:featuredmedia":[{"embeddable":true,"href":"https:\/\/www.prwrestling.com\/nw\/wp-json\/wp\/v2\/media\/200812"}],"wp:attachment":[{"href":"https:\/\/www.prwrestling.com\/nw\/wp-json\/wp\/v2\/media?parent=215509"}],"wp:term":[{"taxonomy":"category","embeddable":true,"href":"https:\/\/www.prwrestling.com\/nw\/wp-json\/wp\/v2\/categories?post=215509"},{"taxonomy":"post_tag","embeddable":true,"href":"https:\/\/www.prwrestling.com\/nw\/wp-json\/wp\/v2\/tags?post=215509"}],"curies":[{"name":"wp","href":"https:\/\/api.w.org\/{rel}","templated":true}]}}