{"id":216216,"date":"2023-07-30T23:12:51","date_gmt":"2023-07-31T03:12:51","guid":{"rendered":"https:\/\/www.prwrestling.com\/nw\/?p=216216"},"modified":"2023-07-30T23:14:06","modified_gmt":"2023-07-31T03:14:06","slug":"kurt-angle-explica-por-que-no-funciono-la-estadia-de-carlito-en-wwe-la-primera-vez","status":"publish","type":"post","link":"https:\/\/www.prwrestling.com\/nw\/kurt-angle-explica-por-que-no-funciono-la-estadia-de-carlito-en-wwe-la-primera-vez\/","title":{"rendered":"Kurt Angle explica por qu\u00e9 no funcion\u00f3 la estad\u00eda de Carlito en WWE la primera vez"},"content":{"rendered":"<div class=\"columns-holder \">\n<p><span style=\"vertical-align: inherit;\"><span style=\"vertical-align: inherit;\">Si bien Kurt Angle cree en los <\/span><\/span><span style=\"vertical-align: inherit;\"><span style=\"vertical-align: inherit;\">informes que afirman que Carlito<\/span><\/span><span style=\"vertical-align: inherit;\"><span style=\"vertical-align: inherit;\"> pronto regresar\u00e1 a tiempo completo a la WWE luego de su breve cameo en <a href=\"https:\/\/www.prwrestling.com\/nw\/resultados-wwe-backlash-carlito-y-savio-vega-ayudan-a-bad-bunny-en-victoria-cody-vs-lesnar\/\">Backlash<\/a>, el miembro del Sal\u00f3n de la Fama reflexion\u00f3 sobre por qu\u00e9 la carrera de Carlito no funcion\u00f3 la primera vez.<!--more--><div id=\"ad-slot\" style=\"min-width: 300px; min-height: 250px;\">\r\n<p style=\"text-align: center;\">\r\n<!-- Site name: prwrestling.com\r\nZone name: prwrestling.com_banner_300x250\r\nZone id: 2109741734\r\nType: banner\r\nFormat: 300x250\r\n --> \r\n\r\n<!-- Copy and paste this code on the page. -->\r\n<div id='zone_2109741734' ><\/div>\r\n<script>\r\n    (function(w,d,o,g,r,a,m){\r\n        var cid='zone_2109741734';\r\n        w[r]=w[r]||function(){(w[r+'l']=w[r+'l']||[]).push(arguments)};\r\n        function e(b,w,r){if((w[r+'h']=b.pop())&&!w.ABN){\r\n            var a=d.createElement(o),p=d.getElementsByTagName(o)[0];a.async=1;\r\n            a.src='https:\/\/cdn.'+w[r+'h']+'\/libs\/e.js';a.onerror=function(){e(g,w,r)};\r\n            p.parentNode.insertBefore(a,p)}}e(g,w,r);\r\n        w[r](cid,{id:2109741734,domain:w[r+'h']});\r\n    })(window,document,'script',['traffmovie.com'],'ABNS');\r\n<\/script>\r\n\r\n<!--\r\nWhen setting the zone code, make sure:\r\n  - you have provided all domains from which the area code will be called\r\n  - the site does not limit the loading in the Content Security Policy\r\n  - the area code is installed in the ad space inside the page\r\n  - site layout allows you to display the banner on mobile devices in full size\r\nUse data-cp1={customParam1} data-cp2={customParam2}... attributes for sending custom params\r\n-->\r\n<\/p><\/div><\/span><\/span><\/p>\n<p><span style=\"vertical-align: inherit;\"><span style=\"vertical-align: inherit;\">&#8220;Ten\u00eda todo el talento del mundo, nunca habl\u00f3, [y] se mantuvo callado&#8221;, dijo durante el \u00faltimo <\/span><\/span><a href=\"https:\/\/www.patreon.com\/posts\/kurt-angle-show-86401035\" target=\"_blank\" rel=\"noopener\"><span style=\"vertical-align: inherit;\"><span style=\"vertical-align: inherit;\">&#8220;The Kurt Angle Show&#8221;. <\/span><\/span><\/a><span style=\"vertical-align: inherit;\"><span style=\"vertical-align: inherit;\">\u00a0&#8220;\u00c9l no luch\u00f3 por s\u00ed mismo. Tienes que luchar un poco, no mucho, pero tienes que hablar y decir, &#8216;Oye, quiero mi oportunidad'&#8221;.<\/span><\/span><\/p>\n<p><span style=\"vertical-align: inherit;\"><span style=\"vertical-align: inherit;\">La pol\u00edtica tras bastidores en la lucha libre es algo que a menudo se ve en un aspecto negativo, pero como se\u00f1ala Angle, hay momentos en los que es necesario, especialmente cuando se trata de exigirte a ti mismo ante los ojos de la gerencia.<!-- Shortcode [x] does not exist --> <\/span><\/span><\/p>\n<p><span style=\"vertical-align: inherit;\"><span style=\"vertical-align: inherit;\">Tener una gran relaci\u00f3n con Vince McMahon es algo de lo que hablan muchas de las principales estrellas de los eventos estelares, y aunque Carlito tuvo una s\u00f3lida carrera en la WWE, eso no es algo que Angle cree que Carlito estableci\u00f3.\u00a0<\/span><\/span><\/p>\n<p><span style=\"vertical-align: inherit;\"><span style=\"vertical-align: inherit;\">&#8220;Nunca tuvo reuniones con Vince. Simplemente se mantuvo callado&#8221;, revel\u00f3 Angle. <\/span><span style=\"vertical-align: inherit;\">&#8220;Cuando no dejas que se escuche tu voz, te vuelves invisible, y eso es lo que pas\u00f3&#8221;.<\/span><\/span><\/p>\n<p><span style=\"vertical-align: inherit;\"><span style=\"vertical-align: inherit;\">McMahon personalmente decidi\u00f3<\/span><\/span><span style=\"vertical-align: inherit;\"><span style=\"vertical-align: inherit;\"> que el ic\u00f3nico escupitajo de manzana de Carlito fuera algo que deber\u00eda hacer todo el tiempo, a pesar de que al principio estaba programado para una sola vez, lo que demuestra que estaba supervisando aspectos de su personaje. <\/span><\/span><\/p>\n<p><span style=\"vertical-align: inherit;\"><span style=\"vertical-align: inherit;\">El mismo Carlito ha admitido<\/span><\/span><span style=\"vertical-align: inherit;\"><span style=\"vertical-align: inherit;\"> que deber\u00eda haber hablado m\u00e1s durante ese per\u00edodo de su carrera, pero una segunda carrera lo ver\u00eda regresar con mucha m\u00e1s experiencia y habilidades para la vida, lo que deber\u00eda ayudar en ese aspecto.<\/span><\/span><\/p>\n<p><iframe loading=\"lazy\" title=\"Carlito's Cabana With Kurt Angle &amp; Hulk Hogan | RAW Jul 04, 2005\" src=\"https:\/\/www.youtube.com\/embed\/_zf4aoRjdek\" width=\"755\" height=\"425\" frameborder=\"0\" allowfullscreen=\"allowfullscreen\"><\/iframe><\/p>\n<\/div>\n","protected":false},"excerpt":{"rendered":"<p>Si bien Kurt Angle cree en los informes que afirman que Carlito pronto regresar\u00e1 a tiempo completo a la WWE luego de su breve cameo en Backlash, el miembro del Sal\u00f3n de la Fama reflexion\u00f3 sobre por qu\u00e9 la carrera de Carlito no funcion\u00f3 la primera vez.<\/p>\n","protected":false},"author":1,"featured_media":216504,"comment_status":"closed","ping_status":"closed","sticky":false,"template":"","format":"standard","meta":{"footnotes":""},"categories":[5,38],"tags":[],"class_list":["post-216216","post","type-post","status-publish","format-standard","has-post-thumbnail","category-noticias","category-noticias-y-rumores-de-la-wwe"],"_links":{"self":[{"href":"https:\/\/www.prwrestling.com\/nw\/wp-json\/wp\/v2\/posts\/216216","targetHints":{"allow":["GET"]}}],"collection":[{"href":"https:\/\/www.prwrestling.com\/nw\/wp-json\/wp\/v2\/posts"}],"about":[{"href":"https:\/\/www.prwrestling.com\/nw\/wp-json\/wp\/v2\/types\/post"}],"author":[{"embeddable":true,"href":"https:\/\/www.prwrestling.com\/nw\/wp-json\/wp\/v2\/users\/1"}],"replies":[{"embeddable":true,"href":"https:\/\/www.prwrestling.com\/nw\/wp-json\/wp\/v2\/comments?post=216216"}],"version-history":[{"count":5,"href":"https:\/\/www.prwrestling.com\/nw\/wp-json\/wp\/v2\/posts\/216216\/revisions"}],"predecessor-version":[{"id":216506,"href":"https:\/\/www.prwrestling.com\/nw\/wp-json\/wp\/v2\/posts\/216216\/revisions\/216506"}],"wp:featuredmedia":[{"embeddable":true,"href":"https:\/\/www.prwrestling.com\/nw\/wp-json\/wp\/v2\/media\/216504"}],"wp:attachment":[{"href":"https:\/\/www.prwrestling.com\/nw\/wp-json\/wp\/v2\/media?parent=216216"}],"wp:term":[{"taxonomy":"category","embeddable":true,"href":"https:\/\/www.prwrestling.com\/nw\/wp-json\/wp\/v2\/categories?post=216216"},{"taxonomy":"post_tag","embeddable":true,"href":"https:\/\/www.prwrestling.com\/nw\/wp-json\/wp\/v2\/tags?post=216216"}],"curies":[{"name":"wp","href":"https:\/\/api.w.org\/{rel}","templated":true}]}}