{"id":216268,"date":"2023-07-28T16:06:12","date_gmt":"2023-07-28T20:06:12","guid":{"rendered":"https:\/\/www.prwrestling.com\/nw\/?p=216268"},"modified":"2023-10-19T14:09:43","modified_gmt":"2023-10-19T18:09:43","slug":"vince-mcmahon-operado-de-la-columna-vertebral","status":"publish","type":"post","link":"https:\/\/www.prwrestling.com\/nw\/vince-mcmahon-operado-de-la-columna-vertebral\/","title":{"rendered":"Vince McMahon operado de la columna vertebral"},"content":{"rendered":"<div>\n<div>\n<p><span style=\"vertical-align: inherit;\"><span style=\"vertical-align: inherit;\">Vince McMahon se est\u00e1 recuperando de una cirug\u00eda.<!--more--><div id=\"ad-slot\" style=\"min-width: 300px; min-height: 250px;\">\r\n<p style=\"text-align: center;\">\r\n<script async src=\"https:\/\/pagead2.googlesyndication.com\/pagead\/js\/adsbygoogle.js\"><\/script>\r\n<!-- 300x250 sc a -->\r\n<ins class=\"adsbygoogle\"\r\n     style=\"display:inline-block;width:300px;height:250px\"\r\n     data-ad-client=\"ca-pub-1244235910658811\"\r\n     data-ad-slot=\"8592682546\"><\/ins>\r\n<script>\r\n     (adsbygoogle = window.adsbygoogle || []).push({});\r\n<\/script><\/center>\r\n<\/p><\/div><\/span><\/span><\/p>\n<p><span style=\"vertical-align: inherit;\"><span style=\"vertical-align: inherit;\">Seg\u00fan un informe de <\/span><\/span><a href=\"https:\/\/www.tmz.com\/2023\/07\/28\/vince-mcmahon-undergoes-major-spinal-surgery\/\" rel=\"nofollow noopener\" target=\"_blank\"><span style=\"vertical-align: inherit;\"><span style=\"vertical-align: inherit;\">TMZ<\/span><\/span><\/a><span style=\"vertical-align: inherit;\"><span style=\"vertical-align: inherit;\"> , McMhaon, de 77 a\u00f1os se someti\u00f3 a una cirug\u00eda &#8220;importante&#8221; la semana pasada para corregir un problema en la columna vertebral. <\/span><\/span><\/p>\n<p><span style=\"vertical-align: inherit;\"><span style=\"vertical-align: inherit;\">La naturaleza espec\u00edfica del problema de la columna de McMahon no est\u00e1 clara, pero la cirug\u00eda finalmente se consider\u00f3 un \u00e9xito. <\/span><span style=\"vertical-align: inherit;\">No hay un calendario para su recuperaci\u00f3n.<div id=\"ad-slot\" style=\"min-width: 300px; min-height: 250px;\"><p style=\"text-align: center;\">\r\n<script async src=\"https:\/\/pagead2.googlesyndication.com\/pagead\/js\/adsbygoogle.js\"><\/script>\r\n<!-- Responsive sc c -->\r\n<ins class=\"adsbygoogle\"\r\n     style=\"display:block\"\r\n     data-ad-client=\"ca-pub-1244235910658811\"\r\n     data-ad-slot=\"4234005358\"\r\n     data-ad-format=\"auto\"\r\n     data-full-width-responsive=\"true\"><\/ins>\r\n<script>\r\n     (adsbygoogle = window.adsbygoogle || []).push({});\r\n<\/script><\/p><\/div><\/span><\/span><\/p>\n<p><span style=\"vertical-align: inherit;\"><span style=\"vertical-align: inherit;\">Se cree que el procedimiento dur\u00f3 m\u00e1s de cuatro horas.<\/span><\/span><\/p>\n<p>Vince McMahon hab\u00eda enfrentado algunas cirug\u00edas importantes a lo largo de su carrera cuales causaron tiempo que estuvo ausente de WWE debido a su recuperaci\u00f3n:<\/p>\n<ol>\n<li>Cu\u00e1driceps en 2005: En septiembre de 2005, Vince McMahon sufri\u00f3 una lesi\u00f3n en ambos cu\u00e1driceps durante un segmento en el Royal Rumble. Fue llevado al hospital inmediatamente y posteriormente se someti\u00f3 a cirug\u00eda para reparar los m\u00fasculos afectados. La lesi\u00f3n fue bastante grave y requiri\u00f3 una extensa recuperaci\u00f3n. Durante su tiempo fuera, Stephanie McMahon, su hija, asumi\u00f3 el control creativo de la empresa.<\/li>\n<li>Hernia en 2013: En septiembre de 2013, Vince McMahon se someti\u00f3 a una cirug\u00eda para reparar una hernia abdominal. Aunque no se revelaron muchos detalles sobre la cirug\u00eda, se inform\u00f3 que fue exitosa y que necesit\u00f3 un tiempo de recuperaci\u00f3n.<\/li>\n<\/ol>\n<figure><\/figure>\n<\/div>\n<\/div>\n<p>&nbsp;<\/p>\n","protected":false},"excerpt":{"rendered":"<p>Vince McMahon se est\u00e1 recuperando de una cirug\u00eda.<\/p>\n","protected":false},"author":1,"featured_media":216277,"comment_status":"closed","ping_status":"closed","sticky":false,"template":"","format":"standard","meta":{"footnotes":""},"categories":[5,38],"tags":[1359],"class_list":{"0":"post-216268","1":"post","2":"type-post","3":"status-publish","4":"format-standard","5":"has-post-thumbnail","7":"category-noticias","8":"category-noticias-y-rumores-de-la-wwe","9":"tag-vince-mcmahon"},"_links":{"self":[{"href":"https:\/\/www.prwrestling.com\/nw\/wp-json\/wp\/v2\/posts\/216268","targetHints":{"allow":["GET"]}}],"collection":[{"href":"https:\/\/www.prwrestling.com\/nw\/wp-json\/wp\/v2\/posts"}],"about":[{"href":"https:\/\/www.prwrestling.com\/nw\/wp-json\/wp\/v2\/types\/post"}],"author":[{"embeddable":true,"href":"https:\/\/www.prwrestling.com\/nw\/wp-json\/wp\/v2\/users\/1"}],"replies":[{"embeddable":true,"href":"https:\/\/www.prwrestling.com\/nw\/wp-json\/wp\/v2\/comments?post=216268"}],"version-history":[{"count":5,"href":"https:\/\/www.prwrestling.com\/nw\/wp-json\/wp\/v2\/posts\/216268\/revisions"}],"predecessor-version":[{"id":216280,"href":"https:\/\/www.prwrestling.com\/nw\/wp-json\/wp\/v2\/posts\/216268\/revisions\/216280"}],"wp:featuredmedia":[{"embeddable":true,"href":"https:\/\/www.prwrestling.com\/nw\/wp-json\/wp\/v2\/media\/216277"}],"wp:attachment":[{"href":"https:\/\/www.prwrestling.com\/nw\/wp-json\/wp\/v2\/media?parent=216268"}],"wp:term":[{"taxonomy":"category","embeddable":true,"href":"https:\/\/www.prwrestling.com\/nw\/wp-json\/wp\/v2\/categories?post=216268"},{"taxonomy":"post_tag","embeddable":true,"href":"https:\/\/www.prwrestling.com\/nw\/wp-json\/wp\/v2\/tags?post=216268"}],"curies":[{"name":"wp","href":"https:\/\/api.w.org\/{rel}","templated":true}]}}