{"id":216676,"date":"2023-08-01T19:07:38","date_gmt":"2023-08-01T23:07:38","guid":{"rendered":"https:\/\/www.prwrestling.com\/nw\/?p=216676"},"modified":"2023-08-01T19:07:38","modified_gmt":"2023-08-01T23:07:38","slug":"bully-ray-quiso-abofetear-a-ricochet-tras-segmento-en-wwe-raw","status":"publish","type":"post","link":"https:\/\/www.prwrestling.com\/nw\/bully-ray-quiso-abofetear-a-ricochet-tras-segmento-en-wwe-raw\/","title":{"rendered":"Bully Ray quiso &#8220;abofetear&#8221; a Ricochet tras segmento en WWE Raw"},"content":{"rendered":"<div class=\"slide-key image-holder gallery-image-holder credit-image-wrap lead-image-holder\" data-post-url=\"https:\/\/www.wrestlinginc.com\/1354841\/what-bully-ray-would-like-see-ricochet-wwe\/\" data-post-title=\"Here's What Bully Ray Would Like To See Out Of Ricochet In WWE\" data-slide-num=\"0\" data-post-id=\"1354841\">\n<p><span style=\"vertical-align: inherit;\"><span style=\"vertical-align: inherit;\">Bully Ray est\u00e1 frustrado con la forma en que Ricochet se comport\u00f3 en el \u00faltimo episodio de &#8221; <\/span><\/span><a href=\"https:\/\/www.prwrestling.com\/nw\/resultados-wwe-raw-7-31-sami-zayn-y-seth-rollins-vs-judgment-day-lesnar-ataca-a-cody\/\" target=\"_blank\" rel=\"noopener\"><span style=\"vertical-align: inherit;\"><span style=\"vertical-align: inherit;\">WWE Raw<\/span><\/span><\/a><span style=\"vertical-align: inherit;\"><span style=\"vertical-align: inherit;\"> &#8221; y lo explic\u00f3 en detalle dentro de &#8221; <\/span><\/span><a href=\"https:\/\/podcasts.apple.com\/us\/podcast\/raw-ronda-shayna-cody-brock-plus-stacks-tony-d-join-us\/id1463861548?i=1000623076635\" target=\"_blank\" rel=\"noopener\"><span style=\"vertical-align: inherit;\"><span style=\"vertical-align: inherit;\">Busted Open<\/span><\/span><\/a><span style=\"vertical-align: inherit;\"><span style=\"vertical-align: inherit;\"> &#8220;.<\/span><\/span><\/p>\n<\/div>\n<p><!--more--><div id=\"ad-slot\" style=\"min-width: 300px; min-height: 250px;\">\r\n<p style=\"text-align: center;\">\r\n<script async src=\"https:\/\/pagead2.googlesyndication.com\/pagead\/js\/adsbygoogle.js\"><\/script>\r\n<!-- 300x250 sc a -->\r\n<ins class=\"adsbygoogle\"\r\n     style=\"display:inline-block;width:300px;height:250px\"\r\n     data-ad-client=\"ca-pub-1244235910658811\"\r\n     data-ad-slot=\"8592682546\"><\/ins>\r\n<script>\r\n     (adsbygoogle = window.adsbygoogle || []).push({});\r\n<\/script><\/center>\r\n<\/p><\/div><\/p>\n<div class=\"columns-holder \">\n<p><span style=\"vertical-align: inherit;\"><span style=\"vertical-align: inherit;\">&#8220;Logan Paul est\u00e1 cargando con toda esta [ri\u00f1a]&#8221;, exclam\u00f3 Bully, repasando la interacci\u00f3n de este pasado lunes entre <\/span><\/span><span style=\"vertical-align: inherit;\"><span style=\"vertical-align: inherit;\">los oponentes de SummerSlam<\/span><\/span><span style=\"vertical-align: inherit;\"><span style=\"vertical-align: inherit;\"> . <\/span><span style=\"vertical-align: inherit;\">&#8220;Esas personas estaban coreando por Ricochet porque no les gusta Logan Paul y\u00a0 algo sucedi\u00f3 anoche [cuando Ricochet hizo su entrada] la gente comenz\u00f3 a corear su nombre y \u00e9l estaba mirando a su alrededor y mir\u00f3 a la c\u00e1mara diciendo &#8216;\u00bfVen eso?'&#8221;<\/span><\/span><\/p>\n<p><span style=\"vertical-align: inherit;\"><span style=\"vertical-align: inherit;\">La bravuconer\u00eda de Ricochet irrit\u00f3 a Bully.<div id=\"ad-slot\" style=\"min-width: 300px; min-height: 250px;\"><p style=\"text-align: center;\">\r\n<script async src=\"https:\/\/pagead2.googlesyndication.com\/pagead\/js\/adsbygoogle.js\"><\/script>\r\n<!-- Responsive sc c -->\r\n<ins class=\"adsbygoogle\"\r\n     style=\"display:block\"\r\n     data-ad-client=\"ca-pub-1244235910658811\"\r\n     data-ad-slot=\"4234005358\"\r\n     data-ad-format=\"auto\"\r\n     data-full-width-responsive=\"true\"><\/ins>\r\n<script>\r\n     (adsbygoogle = window.adsbygoogle || []).push({});\r\n<\/script><\/p><\/div><\/span><\/span><\/p>\n<p><span style=\"vertical-align: inherit;\"><span style=\"vertical-align: inherit;\">&#8220;Solo quer\u00eda atravesar la pantalla de mi televisor y abofetearlo&#8221;, exclam\u00f3 Bully, diciendo que la respuesta de la multitud estaba relacionada con el momento del segmento y no con la popularidad del ex campe\u00f3n de los Estados Unidos de la WWE.<\/span><\/span><\/p>\n<p><span style=\"vertical-align: inherit;\"><span style=\"vertical-align: inherit;\">&#8220;Est\u00e1n coreando por ti en este momento porque eres el primer babyface que han visto en el programa y porque desprecian a Logan Paul, no porque te aman&#8221;.<\/span><\/span><\/p>\n<p><span style=\"vertical-align: inherit;\"><span style=\"vertical-align: inherit;\">Bully no cree que haya un &#8220;fuego verdadero&#8221; dentro del personaje de Ricochet, y dice que le gustar\u00eda escuchar &#8220;algo de bajo&#8221; en la voz de Ricochet, y est\u00e1 perjudicando su presentaci\u00f3n.<\/span><\/span><\/p>\n<p><span style=\"vertical-align: inherit;\"><span style=\"vertical-align: inherit;\">&#8220;Alguien en esa compa\u00f1\u00eda necesita sentarse y preguntarle a Ricochet, &#8216;\u00bfQu\u00e9 te hace enojar?'&#8221;, dijo Bully.<\/span><\/span><\/p>\n<p><span style=\"vertical-align: inherit;\"><span style=\"vertical-align: inherit;\">Bully Ray explic\u00f3 que conoce cada bot\u00f3n que puede presionar con todos sus oponentes. <\/span><span style=\"vertical-align: inherit;\">Paul mencion\u00f3 a la novia de Ricochet durante el segmento, y tanto Bully como el coanfitri\u00f3n Dave LaGreca piensan que Ricochet fue demasiado sensato sobre el intercambio. <\/span><\/span><\/p>\n<\/div>\n","protected":false},"excerpt":{"rendered":"<p>Bully Ray est\u00e1 frustrado con la forma en que Ricochet se comport\u00f3 en el \u00faltimo episodio de &#8221; WWE Raw &#8221; y lo explic\u00f3 en detalle dentro de &#8221; Busted Open &#8220;.<\/p>\n","protected":false},"author":1,"featured_media":216683,"comment_status":"closed","ping_status":"closed","sticky":false,"template":"","format":"standard","meta":{"footnotes":""},"categories":[5,38],"tags":[],"class_list":{"0":"post-216676","1":"post","2":"type-post","3":"status-publish","4":"format-standard","5":"has-post-thumbnail","7":"category-noticias","8":"category-noticias-y-rumores-de-la-wwe"},"_links":{"self":[{"href":"https:\/\/www.prwrestling.com\/nw\/wp-json\/wp\/v2\/posts\/216676","targetHints":{"allow":["GET"]}}],"collection":[{"href":"https:\/\/www.prwrestling.com\/nw\/wp-json\/wp\/v2\/posts"}],"about":[{"href":"https:\/\/www.prwrestling.com\/nw\/wp-json\/wp\/v2\/types\/post"}],"author":[{"embeddable":true,"href":"https:\/\/www.prwrestling.com\/nw\/wp-json\/wp\/v2\/users\/1"}],"replies":[{"embeddable":true,"href":"https:\/\/www.prwrestling.com\/nw\/wp-json\/wp\/v2\/comments?post=216676"}],"version-history":[{"count":3,"href":"https:\/\/www.prwrestling.com\/nw\/wp-json\/wp\/v2\/posts\/216676\/revisions"}],"predecessor-version":[{"id":216684,"href":"https:\/\/www.prwrestling.com\/nw\/wp-json\/wp\/v2\/posts\/216676\/revisions\/216684"}],"wp:featuredmedia":[{"embeddable":true,"href":"https:\/\/www.prwrestling.com\/nw\/wp-json\/wp\/v2\/media\/216683"}],"wp:attachment":[{"href":"https:\/\/www.prwrestling.com\/nw\/wp-json\/wp\/v2\/media?parent=216676"}],"wp:term":[{"taxonomy":"category","embeddable":true,"href":"https:\/\/www.prwrestling.com\/nw\/wp-json\/wp\/v2\/categories?post=216676"},{"taxonomy":"post_tag","embeddable":true,"href":"https:\/\/www.prwrestling.com\/nw\/wp-json\/wp\/v2\/tags?post=216676"}],"curies":[{"name":"wp","href":"https:\/\/api.w.org\/{rel}","templated":true}]}}