{"id":216752,"date":"2023-08-02T08:39:37","date_gmt":"2023-08-02T12:39:37","guid":{"rendered":"https:\/\/www.prwrestling.com\/nw\/?p=216752"},"modified":"2023-08-02T08:39:37","modified_gmt":"2023-08-02T12:39:37","slug":"drew-mcintyre-revela-lo-que-hizo-en-su-tiempo-fuera-de-wwe-tras-wrestlemania-39","status":"publish","type":"post","link":"https:\/\/www.prwrestling.com\/nw\/drew-mcintyre-revela-lo-que-hizo-en-su-tiempo-fuera-de-wwe-tras-wrestlemania-39\/","title":{"rendered":"Drew McIntyre revela lo que hizo en su tiempo fuera de WWE tras WrestleMania 39"},"content":{"rendered":"<p><span style=\"vertical-align: inherit;\"><span style=\"vertical-align: inherit;\">Drew McIntyre es una de las Superestrellas de la WWE m\u00e1s establecidas de la \u00faltima d\u00e9cada, ya que gan\u00f3 el Campeonato de la WWE dos veces. <\/span><\/span><!--more--><div id=\"ad-slot\" style=\"min-width: 300px; min-height: 250px;\">\r\n<p style=\"text-align: center;\">\r\n<script async src=\"https:\/\/pagead2.googlesyndication.com\/pagead\/js\/adsbygoogle.js\"><\/script>\r\n<!-- 300x250 sc a -->\r\n<ins class=\"adsbygoogle\"\r\n     style=\"display:inline-block;width:300px;height:250px\"\r\n     data-ad-client=\"ca-pub-1244235910658811\"\r\n     data-ad-slot=\"8592682546\"><\/ins>\r\n<script>\r\n     (adsbygoogle = window.adsbygoogle || []).push({});\r\n<\/script><\/center>\r\n<\/p><\/div><\/p>\n<p><span style=\"vertical-align: inherit;\"><span style=\"vertical-align: inherit;\">McIntyre estuvo ausente durante mucho tiempo y los fan\u00e1ticos estaban preocupados por su estado en la WWE. <\/span><span style=\"vertical-align: inherit;\">Todas esas preocupaciones se disiparon despu\u00e9s de que McIntyre regresara al evento Money In The Bank. <\/span><span style=\"vertical-align: inherit;\">Ahora parece que revel\u00f3 lo que estaba haciendo despu\u00e9s del Show de Shows.<\/span><\/span><\/p>\n<p><span style=\"vertical-align: inherit;\"><span style=\"vertical-align: inherit;\">Mientras hablaba en el <\/span><\/span><a href=\"https:\/\/open.spotify.com\/episode\/2HLxA6nm6HSVl3LM9zWTiT?si=YkE88-eHRO2c_XJEfejAqQ&amp;nd=1\" target=\"_blank\" rel=\"noopener\"><span style=\"vertical-align: inherit;\"><span style=\"vertical-align: inherit;\">podcast de Cheap Heat<\/span><\/span><\/a><span style=\"vertical-align: inherit;\"><span style=\"vertical-align: inherit;\"> , <em>The Scottish Warrior<\/em> revel\u00f3 lo que hizo mientras estaba fuera de la WWE despu\u00e9s de WrestleMania 39.<div id=\"ad-slot\" style=\"min-width: 300px; min-height: 250px;\"><p style=\"text-align: center;\">\r\n<script async src=\"https:\/\/pagead2.googlesyndication.com\/pagead\/js\/adsbygoogle.js\"><\/script>\r\n<!-- Responsive sc c -->\r\n<ins class=\"adsbygoogle\"\r\n     style=\"display:block\"\r\n     data-ad-client=\"ca-pub-1244235910658811\"\r\n     data-ad-slot=\"4234005358\"\r\n     data-ad-format=\"auto\"\r\n     data-full-width-responsive=\"true\"><\/ins>\r\n<script>\r\n     (adsbygoogle = window.adsbygoogle || []).push({});\r\n<\/script><\/p><\/div><\/span><\/span><\/p>\n<blockquote class=\"wp-block-quote\"><p><span style=\"vertical-align: inherit;\"><span style=\"vertical-align: inherit;\">\u201cFue una situaci\u00f3n \u00fanica en la que lo que estaba pasando, tuve que arreglar un par de cosas, pero no requiri\u00f3 fisioterapia como muchas cosas con las que tuve que lidiar en el pasado\u201d, dijo McIntyre. <\/span><span style=\"vertical-align: inherit;\">\u201cAs\u00ed que pude disfrutar de mi tiempo y pasar tiempo con la familia y los gatos y encargarme de algunos proyectos fuera del ring. <\/span><span style=\"vertical-align: inherit;\">A veces, dar un paso y obtener una vista fuera de la burbuja es algo que es muy \u00fatil para saber ad\u00f3nde quieres ir como persona y con tu carrera\u201d.<\/span><\/span><\/p>\n<p><span style=\"vertical-align: inherit;\"><span style=\"vertical-align: inherit;\">\u201cAprend\u00ed de la manera dif\u00edcil cuando era m\u00e1s joven cuando me despidieron [de WWE] y tuve que salir de la burbuja y recuperar la perspectiva. <\/span><span style=\"vertical-align: inherit;\">Y esta oportunidad me permiti\u00f3 ver las cosas un poco m\u00e1s claras y permiti\u00f3 que la gente hablara mucho en Internet.<\/span><\/span><\/p><\/blockquote>\n<p><span style=\"vertical-align: inherit;\"><span style=\"vertical-align: inherit;\">Drew McIntyre se enfrentar\u00e1 a Gunther en el evento en vivo de WWE SummerSlam este s\u00e1bado. <\/span><\/span><\/p>\n","protected":false},"excerpt":{"rendered":"<p>Drew McIntyre es una de las Superestrellas de la WWE m\u00e1s establecidas de la \u00faltima d\u00e9cada, ya que gan\u00f3 el Campeonato de la WWE dos veces.<\/p>\n","protected":false},"author":1,"featured_media":183565,"comment_status":"closed","ping_status":"closed","sticky":false,"template":"","format":"standard","meta":{"footnotes":""},"categories":[5,38],"tags":[],"class_list":{"0":"post-216752","1":"post","2":"type-post","3":"status-publish","4":"format-standard","5":"has-post-thumbnail","7":"category-noticias","8":"category-noticias-y-rumores-de-la-wwe"},"_links":{"self":[{"href":"https:\/\/www.prwrestling.com\/nw\/wp-json\/wp\/v2\/posts\/216752","targetHints":{"allow":["GET"]}}],"collection":[{"href":"https:\/\/www.prwrestling.com\/nw\/wp-json\/wp\/v2\/posts"}],"about":[{"href":"https:\/\/www.prwrestling.com\/nw\/wp-json\/wp\/v2\/types\/post"}],"author":[{"embeddable":true,"href":"https:\/\/www.prwrestling.com\/nw\/wp-json\/wp\/v2\/users\/1"}],"replies":[{"embeddable":true,"href":"https:\/\/www.prwrestling.com\/nw\/wp-json\/wp\/v2\/comments?post=216752"}],"version-history":[{"count":3,"href":"https:\/\/www.prwrestling.com\/nw\/wp-json\/wp\/v2\/posts\/216752\/revisions"}],"predecessor-version":[{"id":216755,"href":"https:\/\/www.prwrestling.com\/nw\/wp-json\/wp\/v2\/posts\/216752\/revisions\/216755"}],"wp:featuredmedia":[{"embeddable":true,"href":"https:\/\/www.prwrestling.com\/nw\/wp-json\/wp\/v2\/media\/183565"}],"wp:attachment":[{"href":"https:\/\/www.prwrestling.com\/nw\/wp-json\/wp\/v2\/media?parent=216752"}],"wp:term":[{"taxonomy":"category","embeddable":true,"href":"https:\/\/www.prwrestling.com\/nw\/wp-json\/wp\/v2\/categories?post=216752"},{"taxonomy":"post_tag","embeddable":true,"href":"https:\/\/www.prwrestling.com\/nw\/wp-json\/wp\/v2\/tags?post=216752"}],"curies":[{"name":"wp","href":"https:\/\/api.w.org\/{rel}","templated":true}]}}