{"id":216835,"date":"2023-08-02T18:37:16","date_gmt":"2023-08-02T22:37:16","guid":{"rendered":"https:\/\/www.prwrestling.com\/nw\/?p=216835"},"modified":"2023-08-02T18:37:16","modified_gmt":"2023-08-02T22:37:16","slug":"reporte-aew-considera-traer-a-rob-van-dam-para-evento","status":"publish","type":"post","link":"https:\/\/www.prwrestling.com\/nw\/reporte-aew-considera-traer-a-rob-van-dam-para-evento\/","title":{"rendered":"Reporte: AEW considera traer a Rob Van Dam para evento"},"content":{"rendered":"<div>\n<p><span style=\"vertical-align: inherit;\"><span style=\"vertical-align: inherit;\">Rob Van Dam podr\u00eda estar en camino a AEW.<!--more--><div id=\"ad-slot\" style=\"min-width: 300px; min-height: 250px;\">\r\n<p style=\"text-align: center;\">\r\n<script async src=\"https:\/\/pagead2.googlesyndication.com\/pagead\/js\/adsbygoogle.js\"><\/script>\r\n<!-- 300x250 sc a -->\r\n<ins class=\"adsbygoogle\"\r\n     style=\"display:inline-block;width:300px;height:250px\"\r\n     data-ad-client=\"ca-pub-1244235910658811\"\r\n     data-ad-slot=\"8592682546\"><\/ins>\r\n<script>\r\n     (adsbygoogle = window.adsbygoogle || []).push({});\r\n<\/script><\/center>\r\n<\/p><\/div><\/span><\/span><\/p>\n<p><span style=\"vertical-align: inherit;\"><span style=\"vertical-align: inherit;\">Seg\u00fan un informe de <\/span><\/span><a href=\"https:\/\/www.patreon.com\/fightful\/posts\" rel=\"nofollow noopener\" target=\"_blank\"><span style=\"vertical-align: inherit;\"><span style=\"vertical-align: inherit;\">Fightful Select<\/span><\/span><\/a><span style=\"vertical-align: inherit;\"><span style=\"vertical-align: inherit;\"> , la promoci\u00f3n ha tenido discusiones internas sobre la incorporaci\u00f3n del miembro del Sal\u00f3n de la Fama de la WWE de 52 a\u00f1os. <\/span><\/span><\/p>\n<p><span style=\"vertical-align: inherit;\"><span style=\"vertical-align: inherit;\">Una idea que se est\u00e1 considerando es que RVD luche contra Jack Perry en AEW All In o All Out.<\/span><\/span><\/p>\n<p><span style=\"vertical-align: inherit;\"><span style=\"vertical-align: inherit;\">Perry estuvo involucrado en un segmento con uno de los mayores rivales de RVD en AEW Dynamite la semana pasada. <\/span><span style=\"vertical-align: inherit;\">El nuevo Campe\u00f3n de FTW fue confrontado por Jerry Lynn despu\u00e9s de cortar una promo cr\u00edtica de ECW.<div id=\"ad-slot\" style=\"min-width: 300px; min-height: 250px;\"><p style=\"text-align: center;\">\r\n<script async src=\"https:\/\/pagead2.googlesyndication.com\/pagead\/js\/adsbygoogle.js\"><\/script>\r\n<!-- Responsive sc c -->\r\n<ins class=\"adsbygoogle\"\r\n     style=\"display:block\"\r\n     data-ad-client=\"ca-pub-1244235910658811\"\r\n     data-ad-slot=\"4234005358\"\r\n     data-ad-format=\"auto\"\r\n     data-full-width-responsive=\"true\"><\/ins>\r\n<script>\r\n     (adsbygoogle = window.adsbygoogle || []).push({});\r\n<\/script><\/p><\/div><\/span><\/span><\/p>\n<p><span style=\"vertical-align: inherit;\"><span style=\"vertical-align: inherit;\">Desde que dej\u00f3 Impact Wrestling en septiembre de 2020, RVD ha mantenido un calendario activo que incluye dos shows para Pro Wrestling NOAH en el Saitama Super Arena en Jap\u00f3n el verano pasado. <\/span><\/span><\/p>\n<p><span style=\"vertical-align: inherit;\"><span style=\"vertical-align: inherit;\">Tambi\u00e9n fue incluido en el Sal\u00f3n de la Fama de la WWE Clase de 2021 y recibi\u00f3 el Premio Lou Thesz 2020 del Cauliflower Alley Club.<\/span><\/span><\/p>\n<p><iframe src=\"https:\/\/www.youtube.com\/embed\/xftnNuL01Xo?enablejsapi=1&amp;version=3&amp;playerapiid=ytplayer\" frameborder=\"0\" scrolling=\"no\" sandbox=\"allow-scripts allow-same-origin allow-popups allow-popups-to-escape-sandbox\" allowfullscreen=\"allowfullscreen\"><\/iframe><\/p>\n<figure><\/figure>\n<\/div>\n<p>&nbsp;<\/p>\n","protected":false},"excerpt":{"rendered":"<p>Rob Van Dam podr\u00eda estar en camino a AEW.<\/p>\n","protected":false},"author":1,"featured_media":216847,"comment_status":"closed","ping_status":"closed","sticky":false,"template":"","format":"standard","meta":{"footnotes":""},"categories":[5,1],"tags":[],"class_list":{"0":"post-216835","1":"post","2":"type-post","3":"status-publish","4":"format-standard","5":"has-post-thumbnail","7":"category-noticias","8":"category-all-elite-wrestling"},"_links":{"self":[{"href":"https:\/\/www.prwrestling.com\/nw\/wp-json\/wp\/v2\/posts\/216835","targetHints":{"allow":["GET"]}}],"collection":[{"href":"https:\/\/www.prwrestling.com\/nw\/wp-json\/wp\/v2\/posts"}],"about":[{"href":"https:\/\/www.prwrestling.com\/nw\/wp-json\/wp\/v2\/types\/post"}],"author":[{"embeddable":true,"href":"https:\/\/www.prwrestling.com\/nw\/wp-json\/wp\/v2\/users\/1"}],"replies":[{"embeddable":true,"href":"https:\/\/www.prwrestling.com\/nw\/wp-json\/wp\/v2\/comments?post=216835"}],"version-history":[{"count":3,"href":"https:\/\/www.prwrestling.com\/nw\/wp-json\/wp\/v2\/posts\/216835\/revisions"}],"predecessor-version":[{"id":216848,"href":"https:\/\/www.prwrestling.com\/nw\/wp-json\/wp\/v2\/posts\/216835\/revisions\/216848"}],"wp:featuredmedia":[{"embeddable":true,"href":"https:\/\/www.prwrestling.com\/nw\/wp-json\/wp\/v2\/media\/216847"}],"wp:attachment":[{"href":"https:\/\/www.prwrestling.com\/nw\/wp-json\/wp\/v2\/media?parent=216835"}],"wp:term":[{"taxonomy":"category","embeddable":true,"href":"https:\/\/www.prwrestling.com\/nw\/wp-json\/wp\/v2\/categories?post=216835"},{"taxonomy":"post_tag","embeddable":true,"href":"https:\/\/www.prwrestling.com\/nw\/wp-json\/wp\/v2\/tags?post=216835"}],"curies":[{"name":"wp","href":"https:\/\/api.w.org\/{rel}","templated":true}]}}