{"id":216971,"date":"2023-08-03T23:48:14","date_gmt":"2023-08-04T03:48:14","guid":{"rendered":"https:\/\/www.prwrestling.com\/nw\/?p=216971"},"modified":"2023-08-03T23:48:14","modified_gmt":"2023-08-04T03:48:14","slug":"finn-balor-busca-redimirse-en-wwe-summerslam-7-anos-despues-de-abandonar-el-campeonato-universal","status":"publish","type":"post","link":"https:\/\/www.prwrestling.com\/nw\/finn-balor-busca-redimirse-en-wwe-summerslam-7-anos-despues-de-abandonar-el-campeonato-universal\/","title":{"rendered":"Finn Balor busca redimirse en WWE SummerSlam 7 a\u00f1os despu\u00e9s de abandonar el campeonato Universal"},"content":{"rendered":"<div class=\"columns-holder \">\n<p dir=\"ltr\"><span style=\"vertical-align: inherit;\"><span style=\"vertical-align: inherit;\">En un lapso de 24 horas, la trayectoria de Finn Balor el verano del 2016 en la WWE pas\u00f3 del triunfo a una angustia devastadora que lo dej\u00f3 en el estante durante siete meses.<!--more--><div id=\"ad-slot\" style=\"min-width: 300px; min-height: 250px;\">\r\n<p style=\"text-align: center;\">\r\n<script async src=\"https:\/\/pagead2.googlesyndication.com\/pagead\/js\/adsbygoogle.js\"><\/script>\r\n<!-- 300x250 sc a -->\r\n<ins class=\"adsbygoogle\"\r\n     style=\"display:inline-block;width:300px;height:250px\"\r\n     data-ad-client=\"ca-pub-1244235910658811\"\r\n     data-ad-slot=\"8592682546\"><\/ins>\r\n<script>\r\n     (adsbygoogle = window.adsbygoogle || []).push({});\r\n<\/script><\/center>\r\n<\/p><\/div> <\/span><\/span><\/p>\n<p dir=\"ltr\"><span style=\"vertical-align: inherit;\"><span style=\"vertical-align: inherit;\">Seg\u00fan Balor, esta desafortunada serie de eventos sirve como una met\u00e1fora perfecta para su carrera como luchador.<\/span><\/span><\/p>\n<p dir=\"ltr\"><span style=\"vertical-align: inherit;\"><span style=\"vertical-align: inherit;\">Hablando con <\/span><\/span><a href=\"https:\/\/www.si.com\/fannation\/wrestling\/news\/finn-balor-on-summerslam-its-the-beginning-of-a-new-chapter\" target=\"_blank\" rel=\"noopener\"><span style=\"vertical-align: inherit;\"><span style=\"vertical-align: inherit;\">Sports Illustrated<\/span><\/span><\/a><span style=\"vertical-align: inherit;\"><span style=\"vertical-align: inherit;\"> , Balor reflexion\u00f3 sobre las emociones conflictivas que experiment\u00f3 despu\u00e9s de SummerSlam en 2016. Durante el evento Balor derrot\u00f3 a Seth Rollins para convertirse en el Campe\u00f3n Universal WWE inaugural. <\/span><span style=\"vertical-align: inherit;\">Desafortunadamente, una <\/span><\/span><span style=\"vertical-align: inherit;\"><span style=\"vertical-align: inherit;\">lesi\u00f3n en el hombro sufrida durante la pelea por el t\u00edtulo<\/span><\/span><span style=\"vertical-align: inherit;\"><span style=\"vertical-align: inherit;\"> oblig\u00f3 a Balor a renunciar al Campeonato Universal al d\u00eda siguiente.<div id=\"ad-slot\" style=\"min-width: 300px; min-height: 250px;\"><p style=\"text-align: center;\">\r\n<script async src=\"https:\/\/pagead2.googlesyndication.com\/pagead\/js\/adsbygoogle.js\"><\/script>\r\n<!-- Responsive sc c -->\r\n<ins class=\"adsbygoogle\"\r\n     style=\"display:block\"\r\n     data-ad-client=\"ca-pub-1244235910658811\"\r\n     data-ad-slot=\"4234005358\"\r\n     data-ad-format=\"auto\"\r\n     data-full-width-responsive=\"true\"><\/ins>\r\n<script>\r\n     (adsbygoogle = window.adsbygoogle || []).push({});\r\n<\/script><\/p><\/div><\/span><\/span><\/p>\n<p dir=\"ltr\"><span style=\"vertical-align: inherit;\"><span style=\"vertical-align: inherit;\">&#8220;Creo que SummerSlam en 2016 es un microcosmos de toda mi carrera&#8221;, dijo Balor. <\/span><span style=\"vertical-align: inherit;\">&#8220;Yo era un ni\u00f1o de un pa\u00eds que no ten\u00eda lucha libre profesional en absoluto. Toda mi vida me dijeron, una y otra vez, que ni siquiera pod\u00eda estar en el negocio. Luego, cuando irrump\u00ed, me dijeron todas las razones como por qu\u00e9 no pod\u00eda tener \u00e9xito. <\/span><\/span><\/p>\n<p dir=\"ltr\"><span style=\"vertical-align: inherit;\"><span style=\"vertical-align: inherit;\">&#8220;Todos siempre estaban poniendo obst\u00e1culos en mi camino. Siento que la lesi\u00f3n en SummerSlam, que ocurri\u00f3 momentos despu\u00e9s del encuentro, fue solo otro obst\u00e1culo que necesitaba superar. Y as\u00ed fue como sucedi\u00f3. Ad\u00e1ptese, supere y siga adelante&#8221;.<\/span><\/span><\/p>\n<p dir=\"ltr\"><span style=\"vertical-align: inherit;\"><span style=\"vertical-align: inherit;\">Siete a\u00f1os despu\u00e9s de sufrir esa inquietante lesi\u00f3n en el hombro, Balor tiene la oportunidad de redimirse mientras desaf\u00eda a <\/span><\/span><span style=\"vertical-align: inherit;\"><span style=\"vertical-align: inherit;\">Rollins por el Campeonato Mundial de Peso Pesado<\/span><\/span><span style=\"vertical-align: inherit;\"><span style=\"vertical-align: inherit;\"> en el evento SummerSlam de 2023. <\/span><span style=\"vertical-align: inherit;\">A pesar de la persistente decepci\u00f3n por las consecuencias de su encuentro anterior, Balor est\u00e1 decidido a cambiar su destino.<\/span><\/span><\/p>\n<p dir=\"ltr\"><span style=\"vertical-align: inherit;\"><span style=\"vertical-align: inherit;\">&#8220;Siete a\u00f1os despu\u00e9s, SummerSlam 2023 no es el final de la historia&#8221;, dijo. <\/span><span style=\"vertical-align: inherit;\">&#8220;Es el comienzo de un nuevo cap\u00edtulo&#8221;.<\/span><\/span><\/p>\n<\/div>\n<p>&nbsp;<\/p>\n","protected":false},"excerpt":{"rendered":"<p>En un lapso de 24 horas, la trayectoria de Finn Balor el verano del 2016 en la WWE pas\u00f3 del triunfo a una angustia devastadora que lo dej\u00f3 en el estante durante siete meses.<\/p>\n","protected":false},"author":1,"featured_media":9756,"comment_status":"closed","ping_status":"closed","sticky":false,"template":"","format":"standard","meta":{"footnotes":""},"categories":[5,38],"tags":[],"class_list":{"0":"post-216971","1":"post","2":"type-post","3":"status-publish","4":"format-standard","5":"has-post-thumbnail","7":"category-noticias","8":"category-noticias-y-rumores-de-la-wwe"},"_links":{"self":[{"href":"https:\/\/www.prwrestling.com\/nw\/wp-json\/wp\/v2\/posts\/216971","targetHints":{"allow":["GET"]}}],"collection":[{"href":"https:\/\/www.prwrestling.com\/nw\/wp-json\/wp\/v2\/posts"}],"about":[{"href":"https:\/\/www.prwrestling.com\/nw\/wp-json\/wp\/v2\/types\/post"}],"author":[{"embeddable":true,"href":"https:\/\/www.prwrestling.com\/nw\/wp-json\/wp\/v2\/users\/1"}],"replies":[{"embeddable":true,"href":"https:\/\/www.prwrestling.com\/nw\/wp-json\/wp\/v2\/comments?post=216971"}],"version-history":[{"count":3,"href":"https:\/\/www.prwrestling.com\/nw\/wp-json\/wp\/v2\/posts\/216971\/revisions"}],"predecessor-version":[{"id":216982,"href":"https:\/\/www.prwrestling.com\/nw\/wp-json\/wp\/v2\/posts\/216971\/revisions\/216982"}],"wp:featuredmedia":[{"embeddable":true,"href":"https:\/\/www.prwrestling.com\/nw\/wp-json\/wp\/v2\/media\/9756"}],"wp:attachment":[{"href":"https:\/\/www.prwrestling.com\/nw\/wp-json\/wp\/v2\/media?parent=216971"}],"wp:term":[{"taxonomy":"category","embeddable":true,"href":"https:\/\/www.prwrestling.com\/nw\/wp-json\/wp\/v2\/categories?post=216971"},{"taxonomy":"post_tag","embeddable":true,"href":"https:\/\/www.prwrestling.com\/nw\/wp-json\/wp\/v2\/tags?post=216971"}],"curies":[{"name":"wp","href":"https:\/\/api.w.org\/{rel}","templated":true}]}}