{"id":217009,"date":"2023-08-04T08:30:14","date_gmt":"2023-08-04T12:30:14","guid":{"rendered":"https:\/\/www.prwrestling.com\/nw\/?p=217009"},"modified":"2023-08-04T08:30:14","modified_gmt":"2023-08-04T12:30:14","slug":"jamie-hayter-de-aew-no-regresara-hasta-el-2024","status":"publish","type":"post","link":"https:\/\/www.prwrestling.com\/nw\/jamie-hayter-de-aew-no-regresara-hasta-el-2024\/","title":{"rendered":"Jamie Hayter de AEW no regresar\u00e1 hasta el 2024"},"content":{"rendered":"<div>\n<p><span style=\"vertical-align: inherit;\"><span style=\"vertical-align: inherit;\">AEW tiene algunas lesiones en su roster en este momento.<!--more--><div id=\"ad-slot\" style=\"min-width: 300px; min-height: 250px;\">\r\n<p style=\"text-align: center;\">\r\n<script async src=\"https:\/\/pagead2.googlesyndication.com\/pagead\/js\/adsbygoogle.js\"><\/script>\r\n<!-- 300x250 sc a -->\r\n<ins class=\"adsbygoogle\"\r\n     style=\"display:inline-block;width:300px;height:250px\"\r\n     data-ad-client=\"ca-pub-1244235910658811\"\r\n     data-ad-slot=\"8592682546\"><\/ins>\r\n<script>\r\n     (adsbygoogle = window.adsbygoogle || []).push({});\r\n<\/script><\/center>\r\n<\/p><\/div> <\/span><\/span><\/p>\n<p><span style=\"vertical-align: inherit;\"><span style=\"vertical-align: inherit;\">Jamie Hayter era campeona mundial femenina de AEW cuando se lesion\u00f3 durante una lucha. <\/span><span style=\"vertical-align: inherit;\">Su combate final fue breve, pero al menos pudo perder su t\u00edtulo.<\/span><\/span><\/p>\n<p><span style=\"vertical-align: inherit;\"><span style=\"vertical-align: inherit;\">En <a href=\"https:\/\/www.prwrestling.com\/nw\/resultados-aew-double-or-nothing-takeshita-traiciona-a-the-elite-dos-cambios-de-campeonato\/\">AEW Double Or Nothing<\/a>, Toni Storm venci\u00f3 a Hayter para convertirse en la campeona mundial femenina de AEW. <\/span><span style=\"vertical-align: inherit;\">Antes del evento, hab\u00eda preocupaciones sobre el bienestar de Hayter.<\/span><\/span><\/p>\n<p><span style=\"vertical-align: inherit;\"><span style=\"vertical-align: inherit;\">Los informes indicaron que Jamie Hayter se estaba recuperando de una lesi\u00f3n, lo que la llev\u00f3 a participar en un breve combate durante el evento.<div id=\"ad-slot\" style=\"min-width: 300px; min-height: 250px;\"><p style=\"text-align: center;\">\r\n<script async src=\"https:\/\/pagead2.googlesyndication.com\/pagead\/js\/adsbygoogle.js\"><\/script>\r\n<!-- Responsive sc c -->\r\n<ins class=\"adsbygoogle\"\r\n     style=\"display:block\"\r\n     data-ad-client=\"ca-pub-1244235910658811\"\r\n     data-ad-slot=\"4234005358\"\r\n     data-ad-format=\"auto\"\r\n     data-full-width-responsive=\"true\"><\/ins>\r\n<script>\r\n     (adsbygoogle = window.adsbygoogle || []).push({});\r\n<\/script><\/p><\/div> <\/span><\/span><\/p>\n<p><span style=\"vertical-align: inherit;\"><span style=\"vertical-align: inherit;\">Desde entonces no ha competido, pero su compromiso de dar lo mejor de s\u00ed durante el evento fue evidente.<\/span><\/span><\/p>\n<p><a href=\"http:\/\/f4wonline.com\" target=\"_blank\" rel=\"noopener\"><span style=\"vertical-align: inherit;\"><span style=\"vertical-align: inherit;\">El Wrestling Observer Newsletter<\/span><\/span><\/a><span style=\"vertical-align: inherit;\"><span style=\"vertical-align: inherit;\"> se\u00f1al\u00f3 que no se espera que la lesi\u00f3n de Jamie Hayter sea resuelta este a\u00f1o. <\/span><span style=\"vertical-align: inherit;\">En este punto, no se espera que regrese hasta febrero de 2024.<\/span><\/span><\/p>\n<blockquote class=\"wp-block-quote\"><p><span style=\"vertical-align: inherit;\"><span style=\"vertical-align: inherit;\">El tiempo de regreso estimado actual para Jamie Hayter es febrero, debido a varias lesiones, aunque en el mejor de los casos es una estimaci\u00f3n aproximada.<\/span><\/span><\/p><\/blockquote>\n<p><span style=\"vertical-align: inherit;\"><span style=\"vertical-align: inherit;\">Anteriormente informamos que<\/span><\/span><span style=\"vertical-align: inherit;\"><span style=\"vertical-align: inherit;\"> Tony Khan dijo: \u201cTodav\u00eda no estoy seguro de cu\u00e1ndo se autorizar\u00e1 luchar a Jamie Hayter. <\/span><span style=\"vertical-align: inherit;\">Ella no lo sabe y nosotros no lo sabemos, pero esperemos que sea m\u00e1s temprano que tarde. <\/span><span style=\"vertical-align: inherit;\">Bryan, estoy muy seguro de que lo ver\u00e1s en cuesti\u00f3n de meses\u201d.<\/span><\/span><\/p>\n<p><span style=\"vertical-align: inherit;\"><span style=\"vertical-align: inherit;\">Se inform\u00f3 que Bryan Danielson<\/span><\/span><span style=\"vertical-align: inherit;\"><span style=\"vertical-align: inherit;\"> regresar\u00e1 antes de eso. <\/span><span style=\"vertical-align: inherit;\">Todav\u00eda le quedan un par de meses de espera, pero al menos volver\u00e1 este a\u00f1o.<\/span><\/span><\/p>\n<\/div>\n<p>&nbsp;<\/p>\n","protected":false},"excerpt":{"rendered":"<p>AEW tiene algunas lesiones en su roster en este momento.<\/p>\n","protected":false},"author":1,"featured_media":206800,"comment_status":"closed","ping_status":"closed","sticky":false,"template":"","format":"standard","meta":{"footnotes":""},"categories":[5,1],"tags":[],"class_list":{"0":"post-217009","1":"post","2":"type-post","3":"status-publish","4":"format-standard","5":"has-post-thumbnail","7":"category-noticias","8":"category-all-elite-wrestling"},"_links":{"self":[{"href":"https:\/\/www.prwrestling.com\/nw\/wp-json\/wp\/v2\/posts\/217009","targetHints":{"allow":["GET"]}}],"collection":[{"href":"https:\/\/www.prwrestling.com\/nw\/wp-json\/wp\/v2\/posts"}],"about":[{"href":"https:\/\/www.prwrestling.com\/nw\/wp-json\/wp\/v2\/types\/post"}],"author":[{"embeddable":true,"href":"https:\/\/www.prwrestling.com\/nw\/wp-json\/wp\/v2\/users\/1"}],"replies":[{"embeddable":true,"href":"https:\/\/www.prwrestling.com\/nw\/wp-json\/wp\/v2\/comments?post=217009"}],"version-history":[{"count":3,"href":"https:\/\/www.prwrestling.com\/nw\/wp-json\/wp\/v2\/posts\/217009\/revisions"}],"predecessor-version":[{"id":217014,"href":"https:\/\/www.prwrestling.com\/nw\/wp-json\/wp\/v2\/posts\/217009\/revisions\/217014"}],"wp:featuredmedia":[{"embeddable":true,"href":"https:\/\/www.prwrestling.com\/nw\/wp-json\/wp\/v2\/media\/206800"}],"wp:attachment":[{"href":"https:\/\/www.prwrestling.com\/nw\/wp-json\/wp\/v2\/media?parent=217009"}],"wp:term":[{"taxonomy":"category","embeddable":true,"href":"https:\/\/www.prwrestling.com\/nw\/wp-json\/wp\/v2\/categories?post=217009"},{"taxonomy":"post_tag","embeddable":true,"href":"https:\/\/www.prwrestling.com\/nw\/wp-json\/wp\/v2\/tags?post=217009"}],"curies":[{"name":"wp","href":"https:\/\/api.w.org\/{rel}","templated":true}]}}