{"id":217321,"date":"2023-08-07T08:32:09","date_gmt":"2023-08-07T12:32:09","guid":{"rendered":"https:\/\/www.prwrestling.com\/nw\/?p=217321"},"modified":"2023-08-07T08:32:09","modified_gmt":"2023-08-07T12:32:09","slug":"explican-por-que-hubiese-sido-un-desastre-la-salida-de-the-elite-de-aew","status":"publish","type":"post","link":"https:\/\/www.prwrestling.com\/nw\/explican-por-que-hubiese-sido-un-desastre-la-salida-de-the-elite-de-aew\/","title":{"rendered":"Explican por qu\u00e9 hubiese sido un &#8220;desastre&#8221; la salida de The Elite de AEW"},"content":{"rendered":"<div>\n<div class=\"columns-holder \">\n<p dir=\"ltr\"><span style=\"vertical-align: inherit;\"><span style=\"vertical-align: inherit;\">La semana pasada, <\/span><\/span><span style=\"vertical-align: inherit;\"><span style=\"vertical-align: inherit;\">The Elite firm\u00f3 nuevos contratos con AEW<\/span><\/span><span style=\"vertical-align: inherit;\"><span style=\"vertical-align: inherit;\"> que, seg\u00fan se informa, los mantendr\u00e1 en la empresa durante los pr\u00f3ximos a\u00f1os.<!--more--><div id=\"ad-slot\" style=\"min-width: 300px; min-height: 250px;\">\r\n<p style=\"text-align: center;\">\r\n<script async src=\"https:\/\/pagead2.googlesyndication.com\/pagead\/js\/adsbygoogle.js\"><\/script>\r\n<!-- 300x250 sc a -->\r\n<ins class=\"adsbygoogle\"\r\n     style=\"display:inline-block;width:300px;height:250px\"\r\n     data-ad-client=\"ca-pub-1244235910658811\"\r\n     data-ad-slot=\"8592682546\"><\/ins>\r\n<script>\r\n     (adsbygoogle = window.adsbygoogle || []).push({});\r\n<\/script><\/center>\r\n<\/p><\/div> <\/span><\/span><\/p>\n<p dir=\"ltr\"><span style=\"vertical-align: inherit;\"><span style=\"vertical-align: inherit;\">Dicho esto, Adam Page, Kenny Omega y The Young Bucks consideraron unirse a la WWE, pero una <\/span><\/span><span style=\"vertical-align: inherit;\"><span style=\"vertical-align: inherit;\">votaci\u00f3n grupal los llev\u00f3 a volver a firmar con AEW<\/span><\/span><span style=\"vertical-align: inherit;\"><span style=\"vertical-align: inherit;\">. <\/span><span style=\"vertical-align: inherit;\">Dave Meltzer sabe que Tony Khan est\u00e1 contento con su decisi\u00f3n, ya que perder a cuatro de sus principales estrellas ante una promoci\u00f3n rival podr\u00eda haber afectado el crecimiento y la moral de la promoci\u00f3n.<\/span><\/span><\/p>\n<p dir=\"ltr\"><span style=\"vertical-align: inherit;\"><span style=\"vertical-align: inherit;\">Hablando en <\/span><\/span><a href=\"https:\/\/www.f4wonline.com\/podcasts\/wrestling-observer-radio\/wrestling-observer-radio-summerslam-2023-collision-and-all-in-g-1-update-diaz-vs-paul\" target=\"_blank\" rel=\"noopener\"><span style=\"vertical-align: inherit;\"><span style=\"vertical-align: inherit;\">&#8220;Wrestling Observer Radio&#8221;,<\/span><\/span><\/a><span style=\"vertical-align: inherit;\"><span style=\"vertical-align: inherit;\"> Meltzer explic\u00f3 que perder a un miembro de la facci\u00f3n no habr\u00eda sido el fin del mundo. <\/span><span style=\"vertical-align: inherit;\">Sin embargo, toda la facci\u00f3n que salt\u00f3 del barco habr\u00eda sido un gran golpe ya que AEW necesita asegurar sus estrellas m\u00e1s importantes por razones comerciales, especialmente cuando llega el momento de iniciar negociaciones sobre un nuevo acuerdo de televisi\u00f3n.<div id=\"ad-slot\" style=\"min-width: 300px; min-height: 250px;\"><p style=\"text-align: center;\">\r\n<script async src=\"https:\/\/pagead2.googlesyndication.com\/pagead\/js\/adsbygoogle.js\"><\/script>\r\n<!-- Responsive sc c -->\r\n<ins class=\"adsbygoogle\"\r\n     style=\"display:block\"\r\n     data-ad-client=\"ca-pub-1244235910658811\"\r\n     data-ad-slot=\"4234005358\"\r\n     data-ad-format=\"auto\"\r\n     data-full-width-responsive=\"true\"><\/ins>\r\n<script>\r\n     (adsbygoogle = window.adsbygoogle || []).push({});\r\n<\/script><\/p><\/div><\/span><\/span><\/p>\n<p dir=\"ltr\"><span style=\"vertical-align: inherit;\"><span style=\"vertical-align: inherit;\">&#8220;Si los cuatro se hubiesen ido al mismo tiempo, eso ser\u00eda un desastre. Les dio mucha influencia en ambos lados. La cosa es que ni siquiera jugaron hasta el final porque, al final, creo que Tony reconoci\u00f3 el desastre que ser\u00eda [si se fueran]&#8230; Est\u00e1n dispuestos a gastar mucho dinero en este momento para mantener el talento y creo que son muy optimistas sobre el crecimiento de la empresa en ciertos aspectos&#8221;.<\/span><\/span><\/p>\n<p dir=\"ltr\"><span style=\"vertical-align: inherit;\"><span style=\"vertical-align: inherit;\">Seg\u00fan Meltzer, las cadenas de televisi\u00f3n ya no est\u00e1n tan enfocadas en los deportes como antes, como lo demuestra la disoluci\u00f3n del Pac-12. <\/span><span style=\"vertical-align: inherit;\">Dijo que AEW analizar\u00e1 el futuro de los deportes en televisi\u00f3n en este momento, por lo que mantener a los talentos m\u00e1s populares podr\u00eda ser un factor integral para que la compa\u00f1\u00eda asegure acuerdos televisivos en el futuro.<\/span><\/span><\/p>\n<\/div>\n<\/div>\n<p>&nbsp;<\/p>\n","protected":false},"excerpt":{"rendered":"<p>La semana pasada, The Elite firm\u00f3 nuevos contratos con AEW que, seg\u00fan se informa, los mantendr\u00e1 en la empresa durante los pr\u00f3ximos a\u00f1os.<\/p>\n","protected":false},"author":1,"featured_media":206846,"comment_status":"closed","ping_status":"closed","sticky":false,"template":"","format":"standard","meta":{"footnotes":""},"categories":[5,1],"tags":[],"class_list":{"0":"post-217321","1":"post","2":"type-post","3":"status-publish","4":"format-standard","5":"has-post-thumbnail","7":"category-noticias","8":"category-all-elite-wrestling"},"_links":{"self":[{"href":"https:\/\/www.prwrestling.com\/nw\/wp-json\/wp\/v2\/posts\/217321","targetHints":{"allow":["GET"]}}],"collection":[{"href":"https:\/\/www.prwrestling.com\/nw\/wp-json\/wp\/v2\/posts"}],"about":[{"href":"https:\/\/www.prwrestling.com\/nw\/wp-json\/wp\/v2\/types\/post"}],"author":[{"embeddable":true,"href":"https:\/\/www.prwrestling.com\/nw\/wp-json\/wp\/v2\/users\/1"}],"replies":[{"embeddable":true,"href":"https:\/\/www.prwrestling.com\/nw\/wp-json\/wp\/v2\/comments?post=217321"}],"version-history":[{"count":3,"href":"https:\/\/www.prwrestling.com\/nw\/wp-json\/wp\/v2\/posts\/217321\/revisions"}],"predecessor-version":[{"id":217328,"href":"https:\/\/www.prwrestling.com\/nw\/wp-json\/wp\/v2\/posts\/217321\/revisions\/217328"}],"wp:featuredmedia":[{"embeddable":true,"href":"https:\/\/www.prwrestling.com\/nw\/wp-json\/wp\/v2\/media\/206846"}],"wp:attachment":[{"href":"https:\/\/www.prwrestling.com\/nw\/wp-json\/wp\/v2\/media?parent=217321"}],"wp:term":[{"taxonomy":"category","embeddable":true,"href":"https:\/\/www.prwrestling.com\/nw\/wp-json\/wp\/v2\/categories?post=217321"},{"taxonomy":"post_tag","embeddable":true,"href":"https:\/\/www.prwrestling.com\/nw\/wp-json\/wp\/v2\/tags?post=217321"}],"curies":[{"name":"wp","href":"https:\/\/api.w.org\/{rel}","templated":true}]}}