{"id":217343,"date":"2023-08-07T12:31:06","date_gmt":"2023-08-07T16:31:06","guid":{"rendered":"https:\/\/www.prwrestling.com\/nw\/?p=217343"},"modified":"2023-08-07T12:32:17","modified_gmt":"2023-08-07T16:32:17","slug":"brian-pillman-jr-estara-presente-en-shows-de-wwe-esta-semana","status":"publish","type":"post","link":"https:\/\/www.prwrestling.com\/nw\/brian-pillman-jr-estara-presente-en-shows-de-wwe-esta-semana\/","title":{"rendered":"Brian Pillman Jr estar\u00e1 presente en shows de WWE esta semana"},"content":{"rendered":"<div>\n<p><a href=\"https:\/\/www.prwrestling.com\/nw\/brian-pillman-jr-fuera-de-aew\/\"><span style=\"vertical-align: inherit;\"><span style=\"vertical-align: inherit;\">Brian Pillman Jr dej\u00f3 AEW<\/span><\/span><\/a><span style=\"vertical-align: inherit;\"><span style=\"vertical-align: inherit;\"> , y hay algunos rumores importantes sobre su llegada a la WWE en este momento.<!--more--><div id=\"ad-slot\" style=\"min-width: 300px; min-height: 250px;\">\r\n<p style=\"text-align: center;\">\r\n<script async src=\"https:\/\/pagead2.googlesyndication.com\/pagead\/js\/adsbygoogle.js\"><\/script>\r\n<!-- 300x250 sc a -->\r\n<ins class=\"adsbygoogle\"\r\n     style=\"display:inline-block;width:300px;height:250px\"\r\n     data-ad-client=\"ca-pub-1244235910658811\"\r\n     data-ad-slot=\"8592682546\"><\/ins>\r\n<script>\r\n     (adsbygoogle = window.adsbygoogle || []).push({});\r\n<\/script><\/center>\r\n<\/p><\/div><\/span><\/span><\/p>\n<p><span style=\"vertical-align: inherit;\"><span style=\"vertical-align: inherit;\">WWE a\u00fan no ha comentado p\u00fablicamente sobre esta situaci\u00f3n con Brian Pillman Jr. pero todo apunta a que el luchador de segunda generaci\u00f3n va rumbo a la empresa para ocupar un lugar de trabajo.<\/span><\/span><\/p>\n<p><a href=\"http:\/\/pwinsider.com\" target=\"_blank\" rel=\"noopener\"><span style=\"vertical-align: inherit;\"><span style=\"vertical-align: inherit;\">PW Insider<\/span><\/span><\/a><span style=\"vertical-align: inherit;\"><span style=\"vertical-align: inherit;\"> informa que Brian Pillman Jr estar\u00e1 en la grabaci\u00f3n de televisi\u00f3n de NXT esta semana. <\/span><span style=\"vertical-align: inherit;\">Tambi\u00e9n estuvo en el WWE Performance Center el mes pasado despu\u00e9s de que se informara que su contrato con AEW hab\u00eda terminado.<div id=\"ad-slot\" style=\"min-width: 300px; min-height: 250px;\"><p style=\"text-align: center;\">\r\n<script async src=\"https:\/\/pagead2.googlesyndication.com\/pagead\/js\/adsbygoogle.js\"><\/script>\r\n<!-- Responsive sc c -->\r\n<ins class=\"adsbygoogle\"\r\n     style=\"display:block\"\r\n     data-ad-client=\"ca-pub-1244235910658811\"\r\n     data-ad-slot=\"4234005358\"\r\n     data-ad-format=\"auto\"\r\n     data-full-width-responsive=\"true\"><\/ins>\r\n<script>\r\n     (adsbygoogle = window.adsbygoogle || []).push({});\r\n<\/script><\/p><\/div><\/span><\/span><\/p>\n<blockquote class=\"wp-block-quote\"><p><span style=\"vertical-align: inherit;\"><span style=\"vertical-align: inherit;\">Brian Pillman Jr. est\u00e1 programado para estar en la grabaci\u00f3n de WWE NXT TV de esta semana, confirm\u00f3 PWInsider.com.<\/span><\/span><\/p>\n<p><span style=\"vertical-align: inherit;\"><span style=\"vertical-align: inherit;\">Pillman Jr. estuvo en el WWE Performance Center el mes pasado para una prueba despu\u00e9s de que expirara su contrato con AEW.<\/span><\/span><\/p><\/blockquote>\n<p><span style=\"vertical-align: inherit;\"><span style=\"vertical-align: inherit;\">Tambi\u00e9n se confirm\u00f3 que se cree que Brian Pillman Jr firm\u00f3 con WWE. <\/span><span style=\"vertical-align: inherit;\">Solo el tiempo dir\u00e1 qu\u00e9 es capaz de hacer en la WWE y si NXT es su plataforma de aterrizaje.<\/span><\/span><\/p>\n<\/div>\n<p>&nbsp;<\/p>\n","protected":false},"excerpt":{"rendered":"<p>Brian Pillman Jr dej\u00f3 AEW , y hay algunos rumores importantes sobre su llegada a la WWE en este momento.<\/p>\n","protected":false},"author":1,"featured_media":217350,"comment_status":"closed","ping_status":"closed","sticky":false,"template":"","format":"standard","meta":{"footnotes":""},"categories":[5,38],"tags":[],"class_list":{"0":"post-217343","1":"post","2":"type-post","3":"status-publish","4":"format-standard","5":"has-post-thumbnail","7":"category-noticias","8":"category-noticias-y-rumores-de-la-wwe"},"_links":{"self":[{"href":"https:\/\/www.prwrestling.com\/nw\/wp-json\/wp\/v2\/posts\/217343","targetHints":{"allow":["GET"]}}],"collection":[{"href":"https:\/\/www.prwrestling.com\/nw\/wp-json\/wp\/v2\/posts"}],"about":[{"href":"https:\/\/www.prwrestling.com\/nw\/wp-json\/wp\/v2\/types\/post"}],"author":[{"embeddable":true,"href":"https:\/\/www.prwrestling.com\/nw\/wp-json\/wp\/v2\/users\/1"}],"replies":[{"embeddable":true,"href":"https:\/\/www.prwrestling.com\/nw\/wp-json\/wp\/v2\/comments?post=217343"}],"version-history":[{"count":4,"href":"https:\/\/www.prwrestling.com\/nw\/wp-json\/wp\/v2\/posts\/217343\/revisions"}],"predecessor-version":[{"id":217352,"href":"https:\/\/www.prwrestling.com\/nw\/wp-json\/wp\/v2\/posts\/217343\/revisions\/217352"}],"wp:featuredmedia":[{"embeddable":true,"href":"https:\/\/www.prwrestling.com\/nw\/wp-json\/wp\/v2\/media\/217350"}],"wp:attachment":[{"href":"https:\/\/www.prwrestling.com\/nw\/wp-json\/wp\/v2\/media?parent=217343"}],"wp:term":[{"taxonomy":"category","embeddable":true,"href":"https:\/\/www.prwrestling.com\/nw\/wp-json\/wp\/v2\/categories?post=217343"},{"taxonomy":"post_tag","embeddable":true,"href":"https:\/\/www.prwrestling.com\/nw\/wp-json\/wp\/v2\/tags?post=217343"}],"curies":[{"name":"wp","href":"https:\/\/api.w.org\/{rel}","templated":true}]}}