{"id":217427,"date":"2023-08-08T07:06:56","date_gmt":"2023-08-08T11:06:56","guid":{"rendered":"https:\/\/www.prwrestling.com\/nw\/?p=217427"},"modified":"2023-08-08T07:06:56","modified_gmt":"2023-08-08T11:06:56","slug":"bayley-declara-ronda-rousey-debio-hacer-mas-por-la-division-femenina-en-wwe","status":"publish","type":"post","link":"https:\/\/www.prwrestling.com\/nw\/bayley-declara-ronda-rousey-debio-hacer-mas-por-la-division-femenina-en-wwe\/","title":{"rendered":"Bayley declara Ronda Rousey debi\u00f3 hacer m\u00e1s por la divisi\u00f3n femenina en WWE"},"content":{"rendered":"<div>\n<p><span style=\"vertical-align: inherit;\"><span style=\"vertical-align: inherit;\">Bayley se<\/span><span style=\"vertical-align: inherit;\"> ha posicionado como una l\u00edder en el vestuario y parece que respondi\u00f3 a Ronda Rousey por sus comentarios anteriores sobre la divisi\u00f3n femenina de la WWE.<!--more--><div id=\"ad-slot\" style=\"min-width: 300px; min-height: 250px;\">\r\n<p style=\"text-align: center;\">\r\n<script async src=\"https:\/\/pagead2.googlesyndication.com\/pagead\/js\/adsbygoogle.js\"><\/script>\r\n<!-- 300x250 sc a -->\r\n<ins class=\"adsbygoogle\"\r\n     style=\"display:inline-block;width:300px;height:250px\"\r\n     data-ad-client=\"ca-pub-1244235910658811\"\r\n     data-ad-slot=\"8592682546\"><\/ins>\r\n<script>\r\n     (adsbygoogle = window.adsbygoogle || []).push({});\r\n<\/script><\/center>\r\n<\/p><\/div><\/span><\/span><\/p>\n<p><span style=\"vertical-align: inherit;\"><span style=\"vertical-align: inherit;\">En una entrevista anterior con el\u00a0 <\/span><\/span><em><a href=\"https:\/\/nypost.com\/2023\/05\/30\/ronda-rousey-challenges-wwe-to-improve-shallow-womens-division\" target=\"_blank\" rel=\"noreferrer noopener\"><span style=\"vertical-align: inherit;\"><span style=\"vertical-align: inherit;\">New York Post<\/span><\/span><\/a><span style=\"vertical-align: inherit;\"><span style=\"vertical-align: inherit;\"> ,<\/span><\/span><\/em><span style=\"vertical-align: inherit;\"><span style=\"vertical-align: inherit;\"> \u00a0Rousey critic\u00f3 a la compa\u00f1\u00eda por no crear suficientes parejas para la divisi\u00f3n de mujeres.<\/span><\/span><\/p>\n<blockquote class=\"wp-block-quote\"><p><span style=\"vertical-align: inherit;\"><span style=\"vertical-align: inherit;\">\u201cBueno, la falta de competencia es realmente el problema\u201d, dijo Rousey. <\/span><span style=\"vertical-align: inherit;\">\u201cQuiero decir, queremos ser las campeonas m\u00e1s activas que existen. <\/span><span style=\"vertical-align: inherit;\">Quiero poder defender este t\u00edtulo todas las semanas e incluso dos veces por semana tanto en SmackDown como en Raw\u201d.<div id=\"ad-slot\" style=\"min-width: 300px; min-height: 250px;\"><p style=\"text-align: center;\">\r\n<script async src=\"https:\/\/pagead2.googlesyndication.com\/pagead\/js\/adsbygoogle.js\"><\/script>\r\n<!-- Responsive sc c -->\r\n<ins class=\"adsbygoogle\"\r\n     style=\"display:block\"\r\n     data-ad-client=\"ca-pub-1244235910658811\"\r\n     data-ad-slot=\"4234005358\"\r\n     data-ad-format=\"auto\"\r\n     data-full-width-responsive=\"true\"><\/ins>\r\n<script>\r\n     (adsbygoogle = window.adsbygoogle || []).push({});\r\n<\/script><\/p><\/div><\/span><\/span><\/p><\/blockquote>\n<p><span style=\"vertical-align: inherit;\"><span style=\"vertical-align: inherit;\">Esto no necesariamente le sent\u00f3 bien a Bayley. <\/span><span style=\"vertical-align: inherit;\">Mientras hablaba con\u00a0 <\/span><\/span><em><a href=\"https:\/\/itrwrestling.com\/news\/exclusive-bayley-responds-to-ronda-rouseys-comments-about-wwe-womens-division\" target=\"_blank\" rel=\"noreferrer noopener\"><span style=\"vertical-align: inherit;\"><span style=\"vertical-align: inherit;\">Inside the Ropes<\/span><\/span><\/a><\/em><span style=\"vertical-align: inherit;\"><span style=\"vertical-align: inherit;\"> , Bayley abord\u00f3 los comentarios de Ronda Rousey y afirm\u00f3 que Rousey deber\u00eda haber hecho m\u00e1s por la divisi\u00f3n de mujeres en la WWE.<\/span><\/span><\/p>\n<blockquote class=\"wp-block-quote\"><p><span style=\"vertical-align: inherit;\"><span style=\"vertical-align: inherit;\">&#8220;Si quiere m\u00e1s, Ronda deber\u00eda hacer m\u00e1s\u201d, dijo Bayley. <\/span><span style=\"vertical-align: inherit;\">\u201cEstoy cansada de que ella diga que quiere m\u00e1s, ven aqu\u00ed y hazlo. <\/span><span style=\"vertical-align: inherit;\">D\u00e9jeme ver. <\/span><span style=\"vertical-align: inherit;\">\u00bfVeo a Ronda Rousey por aqu\u00ed dando entrevistas? <\/span><span style=\"vertical-align: inherit;\">No, veo a Shayna Baszler. <\/span><span style=\"vertical-align: inherit;\">No veo a Ronda Rousey, estoy aqu\u00ed\u201d.<\/span><\/span><\/p><\/blockquote>\n<p><span style=\"vertical-align: inherit;\"><span style=\"vertical-align: inherit;\">El tiempo de Ronda Rousey en WWE tambi\u00e9n <a href=\"https:\/\/www.prwrestling.com\/nw\/ronda-rousey-termino-con-wwe-tras-combate-en-summerslam\/\">ha terminado ahora que <\/a><\/span><\/span><span style=\"vertical-align: inherit;\"><span style=\"vertical-align: inherit;\">concluy\u00f3 SummerSlam<\/span><\/span><span style=\"vertical-align: inherit;\"><span style=\"vertical-align: inherit;\"> . <\/span><span style=\"vertical-align: inherit;\">Tendremos que esperar y ver cu\u00e1ndo regresar\u00e1 a la televisi\u00f3n de la WWE, ya que a\u00fan puede pasar un tiempo antes de que eso suceda.<\/span><\/span><\/p>\n<\/div>\n<p>&nbsp;<\/p>\n","protected":false},"excerpt":{"rendered":"<p>Bayley se ha posicionado como una l\u00edder en el vestuario y parece que respondi\u00f3 a Ronda Rousey por sus comentarios anteriores sobre la divisi\u00f3n femenina de la WWE.<\/p>\n","protected":false},"author":1,"featured_media":217449,"comment_status":"closed","ping_status":"closed","sticky":false,"template":"","format":"standard","meta":{"footnotes":""},"categories":[5,38],"tags":[],"class_list":{"0":"post-217427","1":"post","2":"type-post","3":"status-publish","4":"format-standard","5":"has-post-thumbnail","7":"category-noticias","8":"category-noticias-y-rumores-de-la-wwe"},"_links":{"self":[{"href":"https:\/\/www.prwrestling.com\/nw\/wp-json\/wp\/v2\/posts\/217427","targetHints":{"allow":["GET"]}}],"collection":[{"href":"https:\/\/www.prwrestling.com\/nw\/wp-json\/wp\/v2\/posts"}],"about":[{"href":"https:\/\/www.prwrestling.com\/nw\/wp-json\/wp\/v2\/types\/post"}],"author":[{"embeddable":true,"href":"https:\/\/www.prwrestling.com\/nw\/wp-json\/wp\/v2\/users\/1"}],"replies":[{"embeddable":true,"href":"https:\/\/www.prwrestling.com\/nw\/wp-json\/wp\/v2\/comments?post=217427"}],"version-history":[{"count":4,"href":"https:\/\/www.prwrestling.com\/nw\/wp-json\/wp\/v2\/posts\/217427\/revisions"}],"predecessor-version":[{"id":217450,"href":"https:\/\/www.prwrestling.com\/nw\/wp-json\/wp\/v2\/posts\/217427\/revisions\/217450"}],"wp:featuredmedia":[{"embeddable":true,"href":"https:\/\/www.prwrestling.com\/nw\/wp-json\/wp\/v2\/media\/217449"}],"wp:attachment":[{"href":"https:\/\/www.prwrestling.com\/nw\/wp-json\/wp\/v2\/media?parent=217427"}],"wp:term":[{"taxonomy":"category","embeddable":true,"href":"https:\/\/www.prwrestling.com\/nw\/wp-json\/wp\/v2\/categories?post=217427"},{"taxonomy":"post_tag","embeddable":true,"href":"https:\/\/www.prwrestling.com\/nw\/wp-json\/wp\/v2\/tags?post=217427"}],"curies":[{"name":"wp","href":"https:\/\/api.w.org\/{rel}","templated":true}]}}