{"id":217451,"date":"2023-08-08T07:17:27","date_gmt":"2023-08-08T11:17:27","guid":{"rendered":"https:\/\/www.prwrestling.com\/nw\/?p=217451"},"modified":"2023-08-08T07:19:32","modified_gmt":"2023-08-08T11:19:32","slug":"reporte-roman-reigns-se-lastimo-durante-combate-en-wwe-summerslam","status":"publish","type":"post","link":"https:\/\/www.prwrestling.com\/nw\/reporte-roman-reigns-se-lastimo-durante-combate-en-wwe-summerslam\/","title":{"rendered":"Reporte: Roman Reigns se lastim\u00f3 durante combate en WWE SummerSlam"},"content":{"rendered":"<p><span style=\"vertical-align: inherit;\"><span style=\"vertical-align: inherit;\">Un nuevo informe ha indicado que el Campe\u00f3n Universal Indiscutible de la WWE, Roman Reigns, result\u00f3 &#8220;lastimado&#8221; durante su combate <a href=\"https:\/\/www.prwrestling.com\/nw\/resultados-wwe-summerslam-jimmy-traiciona-a-jey-uso-nueva-campeona-femenina\/\">en SummerSlam<\/a>.<\/span><\/span><!--more--><div id=\"ad-slot\" style=\"min-width: 300px; min-height: 250px;\">\r\n<p style=\"text-align: center;\">\r\n<script async src=\"https:\/\/pagead2.googlesyndication.com\/pagead\/js\/adsbygoogle.js\"><\/script>\r\n<!-- 300x250 sc a -->\r\n<ins class=\"adsbygoogle\"\r\n     style=\"display:inline-block;width:300px;height:250px\"\r\n     data-ad-client=\"ca-pub-1244235910658811\"\r\n     data-ad-slot=\"8592682546\"><\/ins>\r\n<script>\r\n     (adsbygoogle = window.adsbygoogle || []).push({});\r\n<\/script><\/center>\r\n<\/p><\/div><\/p>\n<p><span style=\"vertical-align: inherit;\"><span style=\"vertical-align: inherit;\">En el evento premium en vivo del 5 de agosto, Reigns puso su campeonato y el t\u00edtulo de Jefe Tribal en juego contra Jey Uso. <\/span><\/span><span style=\"vertical-align: inherit;\"><span style=\"vertical-align: inherit;\">Reigns finalmente obtuvo la victoria despu\u00e9s de que Jey fuera atacado por su hermano Jimmy Uso.<\/span><\/span><\/p>\n<p><span style=\"vertical-align: inherit;\"><span style=\"vertical-align: inherit;\">Seg\u00fan Dave Meltzer en <a href=\"http:\/\/WrestlingObserver.com\" target=\"_blank\" rel=\"noopener\">Wrestling Observer Radio<\/a>, Reigns se lastim\u00f3 &#8220;relativamente temprano&#8221; durante el combate. <\/span><\/span><span style=\"vertical-align: inherit;\"><span style=\"vertical-align: inherit;\">Al notar que trabaj\u00f3 la mayor parte del duelo de Tribal Combat herido, Meltzer dijo:<div id=\"ad-slot\" style=\"min-width: 300px; min-height: 250px;\"><p style=\"text-align: center;\">\r\n<script async src=\"https:\/\/pagead2.googlesyndication.com\/pagead\/js\/adsbygoogle.js\"><\/script>\r\n<!-- Responsive sc c -->\r\n<ins class=\"adsbygoogle\"\r\n     style=\"display:block\"\r\n     data-ad-client=\"ca-pub-1244235910658811\"\r\n     data-ad-slot=\"4234005358\"\r\n     data-ad-format=\"auto\"\r\n     data-full-width-responsive=\"true\"><\/ins>\r\n<script>\r\n     (adsbygoogle = window.adsbygoogle || []).push({});\r\n<\/script><\/p><\/div><\/span><\/span><\/p>\n<blockquote><p><span style=\"vertical-align: inherit;\"><span style=\"vertical-align: inherit;\">&#8220;Volver\u00e1 el viernes (en Smackdown). <\/span><span style=\"vertical-align: inherit;\">Roman Reigns se lastim\u00f3 en ese combate.<\/span><\/span><\/p>\n<p><span style=\"vertical-align: inherit;\"><span style=\"vertical-align: inherit;\">Roman Reigns se lastim\u00f3 en la lucha y no he vuelto a ver el comienzo del combate, pero escuch\u00e9 que fue relativamente temprano.<\/span><\/span><\/p>\n<p><span style=\"vertical-align: inherit;\"><span style=\"vertical-align: inherit;\">No s\u00e9 la naturaleza de la lesi\u00f3n, solo s\u00e9 que trabaj\u00f3 lastimado la lucha. <\/span><span style=\"vertical-align: inherit;\">Trabaj\u00f3 lastimado, se lastim\u00f3 al principio del combate\u201d.<\/span><\/span><\/p><\/blockquote>\n<p>Su compa\u00f1ero Bryan Alvarez cuestion\u00f3 cu\u00e1n serio pudo haber sido la lastimadora, ya que Roman pudo luchar por 30 minutos sin mostrar alg\u00fan tipo de limitaci\u00f3n durante el combate.<\/p>\n<p><iframe loading=\"lazy\" title=\"Reigns vs. Uso - Tribal Combat for Undisputed WWE Universal Championship: SummerSlam 2023 Highlights\" src=\"https:\/\/www.youtube.com\/embed\/5LMe9llN_9s\" width=\"755\" height=\"425\" frameborder=\"0\" allowfullscreen=\"allowfullscreen\"><\/iframe><\/p>\n<p><span style=\"vertical-align: inherit;\"><span style=\"vertical-align: inherit;\">Como se anunci\u00f3 en WWE Raw, Reigns aparecer\u00e1 en vivo en la edici\u00f3n del viernes 11 de agosto de SmackDown en un segmento con Jimmy Uso.<\/span><\/span><\/p>\n","protected":false},"excerpt":{"rendered":"<p>Un nuevo informe ha indicado que el Campe\u00f3n Universal Indiscutible de la WWE, Roman Reigns, result\u00f3 &#8220;lastimado&#8221; durante su combate en SummerSlam.<\/p>\n","protected":false},"author":1,"featured_media":217453,"comment_status":"closed","ping_status":"closed","sticky":false,"template":"","format":"standard","meta":{"footnotes":""},"categories":[5,38],"tags":[],"class_list":{"0":"post-217451","1":"post","2":"type-post","3":"status-publish","4":"format-standard","5":"has-post-thumbnail","7":"category-noticias","8":"category-noticias-y-rumores-de-la-wwe"},"_links":{"self":[{"href":"https:\/\/www.prwrestling.com\/nw\/wp-json\/wp\/v2\/posts\/217451","targetHints":{"allow":["GET"]}}],"collection":[{"href":"https:\/\/www.prwrestling.com\/nw\/wp-json\/wp\/v2\/posts"}],"about":[{"href":"https:\/\/www.prwrestling.com\/nw\/wp-json\/wp\/v2\/types\/post"}],"author":[{"embeddable":true,"href":"https:\/\/www.prwrestling.com\/nw\/wp-json\/wp\/v2\/users\/1"}],"replies":[{"embeddable":true,"href":"https:\/\/www.prwrestling.com\/nw\/wp-json\/wp\/v2\/comments?post=217451"}],"version-history":[{"count":4,"href":"https:\/\/www.prwrestling.com\/nw\/wp-json\/wp\/v2\/posts\/217451\/revisions"}],"predecessor-version":[{"id":217456,"href":"https:\/\/www.prwrestling.com\/nw\/wp-json\/wp\/v2\/posts\/217451\/revisions\/217456"}],"wp:featuredmedia":[{"embeddable":true,"href":"https:\/\/www.prwrestling.com\/nw\/wp-json\/wp\/v2\/media\/217453"}],"wp:attachment":[{"href":"https:\/\/www.prwrestling.com\/nw\/wp-json\/wp\/v2\/media?parent=217451"}],"wp:term":[{"taxonomy":"category","embeddable":true,"href":"https:\/\/www.prwrestling.com\/nw\/wp-json\/wp\/v2\/categories?post=217451"},{"taxonomy":"post_tag","embeddable":true,"href":"https:\/\/www.prwrestling.com\/nw\/wp-json\/wp\/v2\/tags?post=217451"}],"curies":[{"name":"wp","href":"https:\/\/api.w.org\/{rel}","templated":true}]}}