{"id":217551,"date":"2023-08-09T08:10:58","date_gmt":"2023-08-09T12:10:58","guid":{"rendered":"https:\/\/www.prwrestling.com\/nw\/?p=217551"},"modified":"2023-08-09T08:13:28","modified_gmt":"2023-08-09T12:13:28","slug":"wardlow-dice-sentirse-deprimido-por-ausencia-de-aew","status":"publish","type":"post","link":"https:\/\/www.prwrestling.com\/nw\/wardlow-dice-sentirse-deprimido-por-ausencia-de-aew\/","title":{"rendered":"Wardlow dice sentirse &#8220;deprimido&#8221; por ausencia de AEW"},"content":{"rendered":"<div class=\"columns-holder \">\n<p><span style=\"vertical-align: inherit;\"><span style=\"vertical-align: inherit;\">Wardlow no ha sido visto en la televisi\u00f3n de AEW desde el debut de &#8220;AEW Collision&#8221;, donde <\/span><\/span><span style=\"vertical-align: inherit;\"><span style=\"vertical-align: inherit;\">pudo defender, y perder,\u00a0 el Campeonato TNT<\/span><\/span><span style=\"vertical-align: inherit;\"><span style=\"vertical-align: inherit;\"> . Durante una aparici\u00f3n en Terrificon habl\u00f3 sobre el impacto que la ausencia ha tenido en \u00e9l.<!--more--><div id=\"ad-slot\" style=\"min-width: 300px; min-height: 250px;\">\r\n<p style=\"text-align: center;\">\r\n<script async src=\"https:\/\/pagead2.googlesyndication.com\/pagead\/js\/adsbygoogle.js\"><\/script>\r\n<!-- 300x250 sc a -->\r\n<ins class=\"adsbygoogle\"\r\n     style=\"display:inline-block;width:300px;height:250px\"\r\n     data-ad-client=\"ca-pub-1244235910658811\"\r\n     data-ad-slot=\"8592682546\"><\/ins>\r\n<script>\r\n     (adsbygoogle = window.adsbygoogle || []).push({});\r\n<\/script><\/center>\r\n<\/p><\/div><\/span><\/span><\/p>\n<p><span style=\"vertical-align: inherit;\"><span style=\"vertical-align: inherit;\">&#8220;He estado fuera de la televisi\u00f3n durante casi un par de meses y he estado muy deprimido&#8221;, dijo Wardlow a trav\u00e9s de <\/span><\/span><a href=\"https:\/\/www.youtube.com\/watch?v=UHKESESy02s\" target=\"_blank\" rel=\"noopener\"><span style=\"vertical-align: inherit;\"><span style=\"vertical-align: inherit;\">&#8220;Fandom Spotlite&#8221;. <\/span><\/span><\/a><\/p>\n<p><span style=\"vertical-align: inherit;\"><span style=\"vertical-align: inherit;\">&#8220;La lucha libre es mi todo, me hace feliz&#8221;. D<\/span><span style=\"vertical-align: inherit;\">esde que perdi\u00f3 el oro, se ha considerado que excede los requisitos, ya que Creativo aparentemente no tiene nada para \u00e9l en este momento. <\/span><span style=\"vertical-align: inherit;\">&#8220;Fue un comienzo dif\u00edcil para m\u00ed en Collision, no s\u00e9 cu\u00e1ndo volver\u00e9, con suerte pronto&#8221;, admiti\u00f3, y m\u00e1s tarde en el panel, Wardlow afirm\u00f3 que pod\u00eda vencer a CM Punk <\/span><\/span><span style=\"vertical-align: inherit;\"><span style=\"vertical-align: inherit;\">. y MJF,<\/span><\/span><span style=\"vertical-align: inherit;\"><span style=\"vertical-align: inherit;\"> con la mira puesta en alto para cuando regrese.<div id=\"ad-slot\" style=\"min-width: 300px; min-height: 250px;\"><p style=\"text-align: center;\">\r\n<script async src=\"https:\/\/pagead2.googlesyndication.com\/pagead\/js\/adsbygoogle.js\"><\/script>\r\n<!-- Responsive sc c -->\r\n<ins class=\"adsbygoogle\"\r\n     style=\"display:block\"\r\n     data-ad-client=\"ca-pub-1244235910658811\"\r\n     data-ad-slot=\"4234005358\"\r\n     data-ad-format=\"auto\"\r\n     data-full-width-responsive=\"true\"><\/ins>\r\n<script>\r\n     (adsbygoogle = window.adsbygoogle || []).push({});\r\n<\/script><\/p><\/div><\/span><\/span><\/p>\n<p><span style=\"vertical-align: inherit;\"><span style=\"vertical-align: inherit;\">A pesar de que ha estado en un lugar dif\u00edcil \u00faltimamente, Wardlow se mostr\u00f3 abierto con los fan\u00e1ticos durante el panel, y su aparici\u00f3n en Terrificon pareci\u00f3 tener un impacto positivo en \u00e9l. <\/span><span style=\"vertical-align: inherit;\">La gran cantidad de apoyo que recibi\u00f3 signific\u00f3 mucho, demostrando el impacto que las interacciones positivas de los fan\u00e1ticos pueden tener en una persona. <\/span><\/span><\/p>\n<p><span style=\"vertical-align: inherit;\"><span style=\"vertical-align: inherit;\">&#8220;Hoy me siento como yo otra vez por primera vez en meses&#8221;, dijo a la audiencia. <\/span><span style=\"vertical-align: inherit;\">&#8220;Entonces, solo quiero agradecerles por venir porque ustedes realmente, realmente activaron un interruptor en mi mente y mi coraz\u00f3n que necesitaba&#8221;.<\/span><\/span><\/p>\n<\/div>\n<p>&nbsp;<\/p>\n","protected":false},"excerpt":{"rendered":"<p>Wardlow no ha sido visto en la televisi\u00f3n de AEW desde el debut de &#8220;AEW Collision&#8221;, donde pudo defender, y perder,\u00a0 el Campeonato TNT . Durante una aparici\u00f3n en Terrificon habl\u00f3 sobre el impacto que la ausencia ha tenido en \u00e9l.<\/p>\n","protected":false},"author":1,"featured_media":144575,"comment_status":"closed","ping_status":"closed","sticky":false,"template":"","format":"standard","meta":{"footnotes":""},"categories":[5,1],"tags":[],"class_list":{"0":"post-217551","1":"post","2":"type-post","3":"status-publish","4":"format-standard","5":"has-post-thumbnail","7":"category-noticias","8":"category-all-elite-wrestling"},"_links":{"self":[{"href":"https:\/\/www.prwrestling.com\/nw\/wp-json\/wp\/v2\/posts\/217551","targetHints":{"allow":["GET"]}}],"collection":[{"href":"https:\/\/www.prwrestling.com\/nw\/wp-json\/wp\/v2\/posts"}],"about":[{"href":"https:\/\/www.prwrestling.com\/nw\/wp-json\/wp\/v2\/types\/post"}],"author":[{"embeddable":true,"href":"https:\/\/www.prwrestling.com\/nw\/wp-json\/wp\/v2\/users\/1"}],"replies":[{"embeddable":true,"href":"https:\/\/www.prwrestling.com\/nw\/wp-json\/wp\/v2\/comments?post=217551"}],"version-history":[{"count":6,"href":"https:\/\/www.prwrestling.com\/nw\/wp-json\/wp\/v2\/posts\/217551\/revisions"}],"predecessor-version":[{"id":217557,"href":"https:\/\/www.prwrestling.com\/nw\/wp-json\/wp\/v2\/posts\/217551\/revisions\/217557"}],"wp:featuredmedia":[{"embeddable":true,"href":"https:\/\/www.prwrestling.com\/nw\/wp-json\/wp\/v2\/media\/144575"}],"wp:attachment":[{"href":"https:\/\/www.prwrestling.com\/nw\/wp-json\/wp\/v2\/media?parent=217551"}],"wp:term":[{"taxonomy":"category","embeddable":true,"href":"https:\/\/www.prwrestling.com\/nw\/wp-json\/wp\/v2\/categories?post=217551"},{"taxonomy":"post_tag","embeddable":true,"href":"https:\/\/www.prwrestling.com\/nw\/wp-json\/wp\/v2\/tags?post=217551"}],"curies":[{"name":"wp","href":"https:\/\/api.w.org\/{rel}","templated":true}]}}