{"id":217565,"date":"2023-08-09T10:49:52","date_gmt":"2023-08-09T14:49:52","guid":{"rendered":"https:\/\/www.prwrestling.com\/nw\/?p=217565"},"modified":"2023-08-09T10:49:52","modified_gmt":"2023-08-09T14:49:52","slug":"logan-paul-se-lastimo-el-ojo-durante-lucha-en-wwe-summerslam","status":"publish","type":"post","link":"https:\/\/www.prwrestling.com\/nw\/logan-paul-se-lastimo-el-ojo-durante-lucha-en-wwe-summerslam\/","title":{"rendered":"Logan Paul se lastim\u00f3 el ojo durante lucha en WWE SummerSlam"},"content":{"rendered":"<p><span style=\"vertical-align: inherit;\"><span style=\"vertical-align: inherit;\">Logan Paul regres\u00f3 a WWE Money in the Bank, donde particip\u00f3 en el Money in the Bank Ladder Match masculino. <\/span><span style=\"vertical-align: inherit;\">Despu\u00e9s de no poder ganar, comenz\u00f3 una ri\u00f1a con Ricochet en Monday Night RAW.<\/span><\/span><!--more--><div id=\"ad-slot\" style=\"min-width: 300px; min-height: 250px;\">\r\n<p style=\"text-align: center;\">\r\n<script async src=\"https:\/\/pagead2.googlesyndication.com\/pagead\/js\/adsbygoogle.js\"><\/script>\r\n<!-- 300x250 sc a -->\r\n<ins class=\"adsbygoogle\"\r\n     style=\"display:inline-block;width:300px;height:250px\"\r\n     data-ad-client=\"ca-pub-1244235910658811\"\r\n     data-ad-slot=\"8592682546\"><\/ins>\r\n<script>\r\n     (adsbygoogle = window.adsbygoogle || []).push({});\r\n<\/script><\/center>\r\n<\/p><\/div><\/p>\n<p><span style=\"vertical-align: inherit;\"><span style=\"vertical-align: inherit;\">Esto culmin\u00f3 en un combate contra Ricochet en WWE SummerSlam Premium. <\/span><span style=\"vertical-align: inherit;\">El Maverick terminar\u00eda ganando\u00a0 despu\u00e9s de usar un par de pu\u00f1os americanos.<\/span><\/span><\/p>\n<p><span style=\"vertical-align: inherit;\"><span style=\"vertical-align: inherit;\">Mientras hablaba en su\u00a0 podcast <\/span><\/span><em><a href=\"https:\/\/youtu.be\/v4e04hHhmUg\" target=\"_blank\" rel=\"noreferrer noopener\"><span style=\"vertical-align: inherit;\"><span style=\"vertical-align: inherit;\">IMPAULSIVE<\/span><\/span><\/a>\u00a0<\/em><span style=\"vertical-align: inherit;\"><span style=\"vertical-align: inherit;\"> , Logan Paul sali\u00f3 con un ojo morado. <\/span><span style=\"vertical-align: inherit;\">The Maverick revel\u00f3 que sufri\u00f3 la lesi\u00f3n en los primeros dos minutos del encuentro luego de recibir una patada en la cara.<div id=\"ad-slot\" style=\"min-width: 300px; min-height: 250px;\"><p style=\"text-align: center;\">\r\n<script async src=\"https:\/\/pagead2.googlesyndication.com\/pagead\/js\/adsbygoogle.js\"><\/script>\r\n<!-- Responsive sc c -->\r\n<ins class=\"adsbygoogle\"\r\n     style=\"display:block\"\r\n     data-ad-client=\"ca-pub-1244235910658811\"\r\n     data-ad-slot=\"4234005358\"\r\n     data-ad-format=\"auto\"\r\n     data-full-width-responsive=\"true\"><\/ins>\r\n<script>\r\n     (adsbygoogle = window.adsbygoogle || []).push({});\r\n<\/script><\/p><\/div><\/span><\/span><\/p>\n<blockquote class=\"wp-block-quote\"><p><span style=\"vertical-align: inherit;\"><span style=\"vertical-align: inherit;\">&#8220;\u00bfPor qu\u00e9 me veo peor que t\u00fa y tuviste una pelea y yo tuve un combate de lucha libre?&#8221; <\/span><span style=\"vertical-align: inherit;\">Logan le pregunt\u00f3 a su hermano, Jake. <\/span><span style=\"vertical-align: inherit;\">\u201c[\u00bfTe dieron un pu\u00f1etazo en la cara?] \u00c9l [Ricochet] me pate\u00f3 en la cara. <\/span><\/span><\/p>\n<p><span style=\"vertical-align: inherit;\"><span style=\"vertical-align: inherit;\">Creo que fue una patada en los primeros dos minutos. <\/span><span style=\"vertical-align: inherit;\">Pero me gust\u00f3. <\/span><span style=\"vertical-align: inherit;\">Me gusta ese dolor real. <\/span><span style=\"vertical-align: inherit;\">Tienes que tener cuidado ah\u00ed fuera, as\u00ed que he aprendido. <\/span><span style=\"vertical-align: inherit;\">Y he mejorado con la mec\u00e1nica de mis movimientos de lucha\u201d.<\/span><\/span><\/p><\/blockquote>\n<p><span style=\"vertical-align: inherit;\"><span style=\"vertical-align: inherit;\">Logan Paul\u00a0 <\/span><\/span><span style=\"vertical-align: inherit;\"><span style=\"vertical-align: inherit;\">tambi\u00e9n se pele\u00f3 leg\u00edtimamente con un fan\u00e1tico durante el combate de boxeo entre Jake Paul y Nate Diaz<\/span><\/span><span style=\"vertical-align: inherit;\"><span style=\"vertical-align: inherit;\"> . <\/span><span style=\"vertical-align: inherit;\">Queda por verse cu\u00e1ndo Logan Paul har\u00e1 su regreso a la televisi\u00f3n de la WWE.<\/span><\/span><\/p>\n<figure class=\"wp-block-embed is-type-video is-provider-youtube wp-block-embed-youtube wp-embed-aspect-16-9 wp-has-aspect-ratio\"><\/figure>\n","protected":false},"excerpt":{"rendered":"<p>Logan Paul regres\u00f3 a WWE Money in the Bank, donde particip\u00f3 en el Money in the Bank Ladder Match masculino. Despu\u00e9s de no poder ganar, comenz\u00f3 una ri\u00f1a con Ricochet en Monday Night RAW.<\/p>\n","protected":false},"author":1,"featured_media":217573,"comment_status":"closed","ping_status":"closed","sticky":false,"template":"","format":"standard","meta":{"footnotes":""},"categories":[5,38],"tags":[],"class_list":{"0":"post-217565","1":"post","2":"type-post","3":"status-publish","4":"format-standard","5":"has-post-thumbnail","7":"category-noticias","8":"category-noticias-y-rumores-de-la-wwe"},"_links":{"self":[{"href":"https:\/\/www.prwrestling.com\/nw\/wp-json\/wp\/v2\/posts\/217565","targetHints":{"allow":["GET"]}}],"collection":[{"href":"https:\/\/www.prwrestling.com\/nw\/wp-json\/wp\/v2\/posts"}],"about":[{"href":"https:\/\/www.prwrestling.com\/nw\/wp-json\/wp\/v2\/types\/post"}],"author":[{"embeddable":true,"href":"https:\/\/www.prwrestling.com\/nw\/wp-json\/wp\/v2\/users\/1"}],"replies":[{"embeddable":true,"href":"https:\/\/www.prwrestling.com\/nw\/wp-json\/wp\/v2\/comments?post=217565"}],"version-history":[{"count":3,"href":"https:\/\/www.prwrestling.com\/nw\/wp-json\/wp\/v2\/posts\/217565\/revisions"}],"predecessor-version":[{"id":217574,"href":"https:\/\/www.prwrestling.com\/nw\/wp-json\/wp\/v2\/posts\/217565\/revisions\/217574"}],"wp:featuredmedia":[{"embeddable":true,"href":"https:\/\/www.prwrestling.com\/nw\/wp-json\/wp\/v2\/media\/217573"}],"wp:attachment":[{"href":"https:\/\/www.prwrestling.com\/nw\/wp-json\/wp\/v2\/media?parent=217565"}],"wp:term":[{"taxonomy":"category","embeddable":true,"href":"https:\/\/www.prwrestling.com\/nw\/wp-json\/wp\/v2\/categories?post=217565"},{"taxonomy":"post_tag","embeddable":true,"href":"https:\/\/www.prwrestling.com\/nw\/wp-json\/wp\/v2\/tags?post=217565"}],"curies":[{"name":"wp","href":"https:\/\/api.w.org\/{rel}","templated":true}]}}