{"id":217581,"date":"2023-08-09T13:35:58","date_gmt":"2023-08-09T17:35:58","guid":{"rendered":"https:\/\/www.prwrestling.com\/nw\/?p=217581"},"modified":"2023-08-09T13:37:11","modified_gmt":"2023-08-09T17:37:11","slug":"rumores-de-ruptura-de-charlotte-flair-y-andrade-tras-cambios-en-sus-redes-sociales","status":"publish","type":"post","link":"https:\/\/www.prwrestling.com\/nw\/rumores-de-ruptura-de-charlotte-flair-y-andrade-tras-cambios-en-sus-redes-sociales\/","title":{"rendered":"Rumores de ruptura de Charlotte Flair y Andrade tras cambios en sus redes sociales"},"content":{"rendered":"<p><span style=\"vertical-align: inherit;\"><span style=\"vertical-align: inherit;\">Charlotte Flair y Andrade comenzaron a salir p\u00fablicamente a principios de 2019.<!--more--><div id=\"ad-slot\" style=\"min-width: 300px; min-height: 250px;\">\r\n<p style=\"text-align: center;\">\r\n<script async src=\"https:\/\/pagead2.googlesyndication.com\/pagead\/js\/adsbygoogle.js\"><\/script>\r\n<!-- 300x250 sc a -->\r\n<ins class=\"adsbygoogle\"\r\n     style=\"display:inline-block;width:300px;height:250px\"\r\n     data-ad-client=\"ca-pub-1244235910658811\"\r\n     data-ad-slot=\"8592682546\"><\/ins>\r\n<script>\r\n     (adsbygoogle = window.adsbygoogle || []).push({});\r\n<\/script><\/center>\r\n<\/p><\/div> <\/span><\/span><\/p>\n<p><span style=\"vertical-align: inherit;\"><span style=\"vertical-align: inherit;\">Su relaci\u00f3n se confirm\u00f3 cuando comenzaron a compartir fotos juntos en las redes sociales y a aparecer como pareja en varios eventos.<\/span><\/span><\/p>\n<p><span style=\"vertical-align: inherit;\"><span style=\"vertical-align: inherit;\">Los dos <a href=\"https:\/\/www.prwrestling.com\/nw\/fotos-se-casan-charlotte-flair-y-andrade\/\">se casaron<\/a><\/span><\/span><span style=\"vertical-align: inherit;\"><span style=\"vertical-align: inherit;\"> este a\u00f1o, pero es posible que ya haya problemas.<div id=\"ad-slot\" style=\"min-width: 300px; min-height: 250px;\"><p style=\"text-align: center;\">\r\n<script async src=\"https:\/\/pagead2.googlesyndication.com\/pagead\/js\/adsbygoogle.js\"><\/script>\r\n<!-- Responsive sc c -->\r\n<ins class=\"adsbygoogle\"\r\n     style=\"display:block\"\r\n     data-ad-client=\"ca-pub-1244235910658811\"\r\n     data-ad-slot=\"4234005358\"\r\n     data-ad-format=\"auto\"\r\n     data-full-width-responsive=\"true\"><\/ins>\r\n<script>\r\n     (adsbygoogle = window.adsbygoogle || []).push({});\r\n<\/script><\/p><\/div><\/span><\/span><\/p>\n<p><span style=\"vertical-align: inherit;\"><span style=\"vertical-align: inherit;\">Durante el d\u00eda de hoy muchos fans notaron que Charlotte Flair y Andrade dejaron de seguirse en las redes sociales.<\/span><\/span><span style=\"vertical-align: inherit;\"> <span style=\"vertical-align: inherit;\">No hay informaci\u00f3n p\u00fablica sobre el estado de su relaci\u00f3n en un sentido oficial, pero eso no impedir\u00e1 que los fan\u00e1ticos especulen que hay problemas en el para\u00edso.<\/span><\/span><\/p>\n<p><span style=\"vertical-align: inherit;\"><span style=\"vertical-align: inherit;\">Tambi\u00e9n se supo que Ric Flair tambi\u00e9n dej\u00f3 de seguir a Andrade en las redes sociales, aparentemente tambi\u00e9n desde esta semana. <\/span><\/span><\/p>\n<p><span style=\"vertical-align: inherit;\"><span style=\"vertical-align: inherit;\">Charlotte Flair tambi\u00e9n <a href=\"https:\/\/twitter.com\/MsCharlotteWWE\" target=\"_blank\" rel=\"noopener\">elimin\u00f3 el emoji del anillo de diamantes<\/a> de su biograf\u00eda.<\/span><\/span><\/p>\n<p>Si en efecto es el final de la relaci\u00f3n, mientras contin\u00faan sus respectivos caminos en el mundo del entretenimiento deportivo, los seguidores seguramente mantendr\u00e1n un inter\u00e9s en sus futuras haza\u00f1as, manteniendo viva la llama de la admiraci\u00f3n que han cosechado a lo largo de los a\u00f1os.<\/p>\n<p>Sin duda, la historia de Andrade y Charlotte Flair seguir\u00e1 siendo una parte importante de la lucha libre profesional.<\/p>\n<p>&nbsp;<\/p>\n","protected":false},"excerpt":{"rendered":"<p>Charlotte Flair y Andrade comenzaron a salir p\u00fablicamente a principios de 2019.<\/p>\n","protected":false},"author":1,"featured_media":171214,"comment_status":"closed","ping_status":"closed","sticky":false,"template":"","format":"standard","meta":{"footnotes":""},"categories":[5,38],"tags":[],"class_list":{"0":"post-217581","1":"post","2":"type-post","3":"status-publish","4":"format-standard","5":"has-post-thumbnail","7":"category-noticias","8":"category-noticias-y-rumores-de-la-wwe"},"_links":{"self":[{"href":"https:\/\/www.prwrestling.com\/nw\/wp-json\/wp\/v2\/posts\/217581","targetHints":{"allow":["GET"]}}],"collection":[{"href":"https:\/\/www.prwrestling.com\/nw\/wp-json\/wp\/v2\/posts"}],"about":[{"href":"https:\/\/www.prwrestling.com\/nw\/wp-json\/wp\/v2\/types\/post"}],"author":[{"embeddable":true,"href":"https:\/\/www.prwrestling.com\/nw\/wp-json\/wp\/v2\/users\/1"}],"replies":[{"embeddable":true,"href":"https:\/\/www.prwrestling.com\/nw\/wp-json\/wp\/v2\/comments?post=217581"}],"version-history":[{"count":4,"href":"https:\/\/www.prwrestling.com\/nw\/wp-json\/wp\/v2\/posts\/217581\/revisions"}],"predecessor-version":[{"id":217589,"href":"https:\/\/www.prwrestling.com\/nw\/wp-json\/wp\/v2\/posts\/217581\/revisions\/217589"}],"wp:featuredmedia":[{"embeddable":true,"href":"https:\/\/www.prwrestling.com\/nw\/wp-json\/wp\/v2\/media\/171214"}],"wp:attachment":[{"href":"https:\/\/www.prwrestling.com\/nw\/wp-json\/wp\/v2\/media?parent=217581"}],"wp:term":[{"taxonomy":"category","embeddable":true,"href":"https:\/\/www.prwrestling.com\/nw\/wp-json\/wp\/v2\/categories?post=217581"},{"taxonomy":"post_tag","embeddable":true,"href":"https:\/\/www.prwrestling.com\/nw\/wp-json\/wp\/v2\/tags?post=217581"}],"curies":[{"name":"wp","href":"https:\/\/api.w.org\/{rel}","templated":true}]}}