{"id":217600,"date":"2023-08-09T19:21:45","date_gmt":"2023-08-09T23:21:45","guid":{"rendered":"https:\/\/www.prwrestling.com\/nw\/?p=217600"},"modified":"2023-08-09T19:24:39","modified_gmt":"2023-08-09T23:24:39","slug":"ric-flair-admite-se-durmio-dentro-de-su-lucha-de-retiro","status":"publish","type":"post","link":"https:\/\/www.prwrestling.com\/nw\/ric-flair-admite-se-durmio-dentro-de-su-lucha-de-retiro\/","title":{"rendered":"Ric Flair admite se durmi\u00f3 dentro de su lucha de retiro"},"content":{"rendered":"<p><span style=\"vertical-align: inherit;\"><span style=\"vertical-align: inherit;\">La \u00faltima lucha de Nature Boy fue un evento memorable, pero tambi\u00e9n preocup\u00f3 a muchas personas.\u00a0<\/span><\/span><!--more--><div id=\"ad-slot\" style=\"min-width: 300px; min-height: 250px;\">\r\n<p style=\"text-align: center;\">\r\n<script async src=\"https:\/\/pagead2.googlesyndication.com\/pagead\/js\/adsbygoogle.js\"><\/script>\r\n<!-- 300x250 sc a -->\r\n<ins class=\"adsbygoogle\"\r\n     style=\"display:inline-block;width:300px;height:250px\"\r\n     data-ad-client=\"ca-pub-1244235910658811\"\r\n     data-ad-slot=\"8592682546\"><\/ins>\r\n<script>\r\n     (adsbygoogle = window.adsbygoogle || []).push({});\r\n<\/script><\/center>\r\n<\/p><\/div><\/p>\n<p><span style=\"vertical-align: inherit;\"><span style=\"vertical-align: inherit;\">Ric Flair recibi\u00f3 algunos golpes aterradores e incluso sangr\u00f3 durante el encuentro celebrado el a\u00f1o pasado,\u00a0 <\/span><\/span><span style=\"vertical-align: inherit;\"><span style=\"vertical-align: inherit;\">algo que prometi\u00f3 hacer\u00a0<\/span><\/span><span style=\"vertical-align: inherit;\"><span style=\"vertical-align: inherit;\"> antes del evento.\u00a0<\/span><\/span><span style=\"vertical-align: inherit;\"><span style=\"vertical-align: inherit;\">Tambi\u00e9n fingi\u00f3 un ataque al coraz\u00f3n<\/span><\/span><span style=\"vertical-align: inherit;\"><span style=\"vertical-align: inherit;\"> , lo que hizo que muchas personas se preocuparan por una buena raz\u00f3n.\u00a0<\/span><\/span><\/p>\n<figure class=\"wp-block-embed is-type-video is-provider-youtube wp-block-embed-youtube wp-embed-aspect-16-9 wp-has-aspect-ratio\"><\/figure>\n<p><span style=\"vertical-align: inherit;\"><span style=\"vertical-align: inherit;\">Mientras hablaba con <a href=\"https:\/\/www.theovon.com\/\" target=\"_blank\" rel=\"noopener\">Theo Von<\/a>, Ric Flair habl\u00f3 sobre su \u00faltimo combate <\/span><span style=\"vertical-align: inherit;\">The Nature Boy revel\u00f3 que termin\u00f3 qued\u00e1ndose dormido durante la contienda.<div id=\"ad-slot\" style=\"min-width: 300px; min-height: 250px;\"><p style=\"text-align: center;\">\r\n<script async src=\"https:\/\/pagead2.googlesyndication.com\/pagead\/js\/adsbygoogle.js\"><\/script>\r\n<!-- Responsive sc c -->\r\n<ins class=\"adsbygoogle\"\r\n     style=\"display:block\"\r\n     data-ad-client=\"ca-pub-1244235910658811\"\r\n     data-ad-slot=\"4234005358\"\r\n     data-ad-format=\"auto\"\r\n     data-full-width-responsive=\"true\"><\/ins>\r\n<script>\r\n     (adsbygoogle = window.adsbygoogle || []).push({});\r\n<\/script><\/p><\/div><\/span><\/span><\/p>\n<blockquote class=\"wp-block-quote\"><p><span style=\"vertical-align: inherit;\"><span style=\"vertical-align: inherit;\">\u201cSal\u00ed y me sent\u00ed muy bien y todo eso, y luego me di cuenta que me dio ansiedad y comet\u00ed el error de decirle a uno de los muchachos: &#8216;No me siento bien&#8217;. <\/span><span style=\"vertical-align: inherit;\">Por supuesto, ahora piensan que estoy teniendo un ataque al coraz\u00f3n o&#8230; Me mare\u00e9. <\/span><span style=\"vertical-align: inherit;\">De hecho, me qued\u00e9 dormido en el delantal. El<\/span><span style=\"vertical-align: inherit;\">\u00a0tipo tuvo que decir: &#8216;\u00a1Ric! <\/span><span style=\"vertical-align: inherit;\">\u00a1Ric! <\/span><span style=\"vertical-align: inherit;\">Y me despert\u00e9 y volv\u00ed a entrar y luego hice algo m\u00e1s y estoy acostado all\u00ed y al final, Manny, mi yerno, dice: &#8216;Tiene que despertarse, se\u00f1or. <\/span><span style=\"vertical-align: inherit;\">Tiene que despertarse, se\u00f1or.<\/span><\/span><\/p>\n<p><span style=\"vertical-align: inherit;\"><span style=\"vertical-align: inherit;\">Me estaba dando las manoplas para golpear a Jarrett, \u00bfverdad? <\/span><span style=\"vertical-align: inherit;\">Entonces, me las pone en la mano, &#8216;tiene que despertarse, se\u00f1or. <\/span><span style=\"vertical-align: inherit;\">Tiene que despertarse, se\u00f1or&#8217;. <\/span><span style=\"vertical-align: inherit;\">\u00a0<\/span><span style=\"vertical-align: inherit;\">Pero golpe\u00e9 demasiado pronto. <\/span><span style=\"vertical-align: inherit;\">Y luego, como todo el mundo estaba entrando en p\u00e1nico, para terminar bien, fing\u00ed que estaba teniendo un ataque al coraz\u00f3n y dije, &#8216;ughh&#8217;.\u00a0<\/span><\/span><\/p><\/blockquote>\n<p><span style=\"vertical-align: inherit;\"><span style=\"vertical-align: inherit;\">A pesar de eso, Ric Flair tambi\u00e9n est\u00e1 muy\u00a0 <\/span><\/span><span style=\"vertical-align: inherit;\"><span style=\"vertical-align: inherit;\">contento con el resultado de la lucha<\/span><\/span><span style=\"vertical-align: inherit;\"><span style=\"vertical-align: inherit;\"> , pero desde entonces ha hecho numerosas bromas sobre tener otra lucha en el futuro. <\/span><\/span><\/p>\n","protected":false},"excerpt":{"rendered":"<p>La \u00faltima lucha de Nature Boy fue un evento memorable, pero tambi\u00e9n preocup\u00f3 a muchas personas.\u00a0<\/p>\n","protected":false},"author":1,"featured_media":217616,"comment_status":"closed","ping_status":"closed","sticky":false,"template":"","format":"standard","meta":{"footnotes":""},"categories":[5,38],"tags":[],"class_list":{"0":"post-217600","1":"post","2":"type-post","3":"status-publish","4":"format-standard","5":"has-post-thumbnail","7":"category-noticias","8":"category-noticias-y-rumores-de-la-wwe"},"_links":{"self":[{"href":"https:\/\/www.prwrestling.com\/nw\/wp-json\/wp\/v2\/posts\/217600","targetHints":{"allow":["GET"]}}],"collection":[{"href":"https:\/\/www.prwrestling.com\/nw\/wp-json\/wp\/v2\/posts"}],"about":[{"href":"https:\/\/www.prwrestling.com\/nw\/wp-json\/wp\/v2\/types\/post"}],"author":[{"embeddable":true,"href":"https:\/\/www.prwrestling.com\/nw\/wp-json\/wp\/v2\/users\/1"}],"replies":[{"embeddable":true,"href":"https:\/\/www.prwrestling.com\/nw\/wp-json\/wp\/v2\/comments?post=217600"}],"version-history":[{"count":4,"href":"https:\/\/www.prwrestling.com\/nw\/wp-json\/wp\/v2\/posts\/217600\/revisions"}],"predecessor-version":[{"id":217617,"href":"https:\/\/www.prwrestling.com\/nw\/wp-json\/wp\/v2\/posts\/217600\/revisions\/217617"}],"wp:featuredmedia":[{"embeddable":true,"href":"https:\/\/www.prwrestling.com\/nw\/wp-json\/wp\/v2\/media\/217616"}],"wp:attachment":[{"href":"https:\/\/www.prwrestling.com\/nw\/wp-json\/wp\/v2\/media?parent=217600"}],"wp:term":[{"taxonomy":"category","embeddable":true,"href":"https:\/\/www.prwrestling.com\/nw\/wp-json\/wp\/v2\/categories?post=217600"},{"taxonomy":"post_tag","embeddable":true,"href":"https:\/\/www.prwrestling.com\/nw\/wp-json\/wp\/v2\/tags?post=217600"}],"curies":[{"name":"wp","href":"https:\/\/api.w.org\/{rel}","templated":true}]}}