{"id":217787,"date":"2023-08-11T19:05:48","date_gmt":"2023-08-11T23:05:48","guid":{"rendered":"https:\/\/www.prwrestling.com\/nw\/?p=217787"},"modified":"2023-08-11T19:05:48","modified_gmt":"2023-08-11T23:05:48","slug":"corey-graves-menciona-a-luchador-de-la-wwe-que-sera-estelarista","status":"publish","type":"post","link":"https:\/\/www.prwrestling.com\/nw\/corey-graves-menciona-a-luchador-de-la-wwe-que-sera-estelarista\/","title":{"rendered":"Corey Graves menciona a luchador de la WWE que ser\u00e1 &#8220;estelarista&#8221;"},"content":{"rendered":"<div class=\"slide-key image-holder gallery-image-holder credit-image-wrap lead-image-holder\" data-post-url=\"https:\/\/www.wrestlinginc.com\/1364216\/corey-graves-believes-wwe-raw-star-main-eventer\/\" data-post-title=\"Corey Graves Believes This WWE Raw Star Should Be A Main Eventer\" data-slide-num=\"0\" data-post-id=\"1364216\">\n<p><span style=\"vertical-align: inherit;\"><span style=\"vertical-align: inherit;\">Durante el \u00faltimo episodio de &#8221; <\/span><\/span><a href=\"https:\/\/open.spotify.com\/episode\/58nuEPc6q21hEqNc27OCqf?si=EP0J-8m9QKyQlVziK5NMWw&amp;nd=1\" target=\"_blank\" rel=\"noopener\"><span style=\"vertical-align: inherit;\"><span style=\"vertical-align: inherit;\">After The Bell<\/span><\/span><\/a><span style=\"vertical-align: inherit;\"><span style=\"vertical-align: inherit;\"> &#8220;, Corey Graves elogi\u00f3 a Ludwig Kaiser como futuro estelarista luego de sus recientes actuaciones en &#8220;WWE Raw&#8221;.<\/span><\/span><\/p>\n<\/div>\n<p><!--more--><div id=\"ad-slot\" style=\"min-width: 300px; min-height: 250px;\">\r\n<p style=\"text-align: center;\">\r\n<script async src=\"https:\/\/pagead2.googlesyndication.com\/pagead\/js\/adsbygoogle.js\"><\/script>\r\n<!-- 300x250 sc a -->\r\n<ins class=\"adsbygoogle\"\r\n     style=\"display:inline-block;width:300px;height:250px\"\r\n     data-ad-client=\"ca-pub-1244235910658811\"\r\n     data-ad-slot=\"8592682546\"><\/ins>\r\n<script>\r\n     (adsbygoogle = window.adsbygoogle || []).push({});\r\n<\/script><\/center>\r\n<\/p><\/div><\/p>\n<div class=\"columns-holder \">\n<p dir=\"ltr\"><span style=\"vertical-align: inherit;\"><span style=\"vertical-align: inherit;\">&#8220;Ludwig Kaiser ha sido una pieza de la m\u00e1quina Imperium&#8221;, dijo Graves. <\/span><span style=\"vertical-align: inherit;\">&#8220;Ha sido el aderezo perfecto para el evento estelar que es GUNTHER. Pero despu\u00e9s de ver lo que vi el lunes, voy a hacer una predicci\u00f3n audaz aqu\u00ed y ahora: Ludwig Kaiser, m\u00e1s temprano que tarde, deber\u00eda ser un jugador estelar en la WWE. <\/span><\/span><\/p>\n<p dir=\"ltr\"><span style=\"vertical-align: inherit;\"><span style=\"vertical-align: inherit;\">&#8220;No espero que suceda de la noche a la ma\u00f1ana. No espero que \u00e9l sea el que elimine a GUNTHER ni nada por el estilo, pero fue tan cautivador, entretenido, elocuente y todo esos adjetivos. Pero al verlo interactuar con Maxxine, Ludwig Kaiser se sinti\u00f3 como un villano de pel\u00edcula en todas sus reglas&#8221;.<div id=\"ad-slot\" style=\"min-width: 300px; min-height: 250px;\"><p style=\"text-align: center;\">\r\n<script async src=\"https:\/\/pagead2.googlesyndication.com\/pagead\/js\/adsbygoogle.js\"><\/script>\r\n<!-- Responsive sc c -->\r\n<ins class=\"adsbygoogle\"\r\n     style=\"display:block\"\r\n     data-ad-client=\"ca-pub-1244235910658811\"\r\n     data-ad-slot=\"4234005358\"\r\n     data-ad-format=\"auto\"\r\n     data-full-width-responsive=\"true\"><\/ins>\r\n<script>\r\n     (adsbygoogle = window.adsbygoogle || []).push({});\r\n<\/script><\/p><\/div><\/span><\/span><\/p>\n<p dir=\"ltr\"><span style=\"vertical-align: inherit;\"><span style=\"vertical-align: inherit;\">&#8220;Espero grandes cosas de Ludwig Kaiser en un futuro no muy lejano porque, hombre, ese tipo puede hacerlo todo&#8221;, dijo Graves. <\/span><span style=\"vertical-align: inherit;\">&#8220;Espero segmentos divertidos y entretenidos de \u00e9l ahora. No creo que est\u00e9 fuera del alcance de la posibilidad ahora decir: &#8216;S\u00ed, espero eso de \u00e9l todo el tiempo&#8217;, y luego incre\u00edbles combates en el ring. Porque <\/span><\/span><span style=\"vertical-align: inherit;\"><span style=\"vertical-align: inherit;\">Kaiser es la realeza europea de la lucha libre<\/span><\/span><span style=\"vertical-align: inherit;\"><span style=\"vertical-align: inherit;\">. Segunda generaci\u00f3n. Kaiser es tan bueno como decimos que es de campana a campana. Desde el punto de vista de las habilidades t\u00e9cnicas, podr\u00eda estar entre los 10 primeros en la WWE&#8221;.<\/span><\/span><\/p>\n<p dir=\"ltr\"><span style=\"vertical-align: inherit;\"><span style=\"vertical-align: inherit;\">Kaiser ha estado en WWE desde 2017. Comenz\u00f3 en &#8220;WWE NXT&#8221; bajo el nombre de Marcel Barthel. <\/span><span style=\"vertical-align: inherit;\">Junto a Giovanni Vinci (una vez conocido como Fabian Aichner), los miembros de Imperium capturaron los Campeonatos en Parejas de &#8220;NXT&#8221; en dos ocasiones. <\/span><\/span><\/p>\n<\/div>\n","protected":false},"excerpt":{"rendered":"<p>Durante el \u00faltimo episodio de &#8221; After The Bell &#8220;, Corey Graves elogi\u00f3 a Ludwig Kaiser como futuro estelarista luego de sus recientes actuaciones en &#8220;WWE Raw&#8221;.<\/p>\n","protected":false},"author":1,"featured_media":139920,"comment_status":"closed","ping_status":"closed","sticky":false,"template":"","format":"standard","meta":{"footnotes":""},"categories":[5,38],"tags":[],"class_list":{"0":"post-217787","1":"post","2":"type-post","3":"status-publish","4":"format-standard","5":"has-post-thumbnail","7":"category-noticias","8":"category-noticias-y-rumores-de-la-wwe"},"_links":{"self":[{"href":"https:\/\/www.prwrestling.com\/nw\/wp-json\/wp\/v2\/posts\/217787","targetHints":{"allow":["GET"]}}],"collection":[{"href":"https:\/\/www.prwrestling.com\/nw\/wp-json\/wp\/v2\/posts"}],"about":[{"href":"https:\/\/www.prwrestling.com\/nw\/wp-json\/wp\/v2\/types\/post"}],"author":[{"embeddable":true,"href":"https:\/\/www.prwrestling.com\/nw\/wp-json\/wp\/v2\/users\/1"}],"replies":[{"embeddable":true,"href":"https:\/\/www.prwrestling.com\/nw\/wp-json\/wp\/v2\/comments?post=217787"}],"version-history":[{"count":4,"href":"https:\/\/www.prwrestling.com\/nw\/wp-json\/wp\/v2\/posts\/217787\/revisions"}],"predecessor-version":[{"id":217809,"href":"https:\/\/www.prwrestling.com\/nw\/wp-json\/wp\/v2\/posts\/217787\/revisions\/217809"}],"wp:featuredmedia":[{"embeddable":true,"href":"https:\/\/www.prwrestling.com\/nw\/wp-json\/wp\/v2\/media\/139920"}],"wp:attachment":[{"href":"https:\/\/www.prwrestling.com\/nw\/wp-json\/wp\/v2\/media?parent=217787"}],"wp:term":[{"taxonomy":"category","embeddable":true,"href":"https:\/\/www.prwrestling.com\/nw\/wp-json\/wp\/v2\/categories?post=217787"},{"taxonomy":"post_tag","embeddable":true,"href":"https:\/\/www.prwrestling.com\/nw\/wp-json\/wp\/v2\/tags?post=217787"}],"curies":[{"name":"wp","href":"https:\/\/api.w.org\/{rel}","templated":true}]}}