{"id":217868,"date":"2023-08-12T14:52:18","date_gmt":"2023-08-12T18:52:18","guid":{"rendered":"https:\/\/www.prwrestling.com\/nw\/?p=217868"},"modified":"2023-08-12T14:53:22","modified_gmt":"2023-08-12T18:53:22","slug":"wwe-remueve-a-jey-uso-de-lista-estrellas-contratadas-tras-renuncia-en-smackdown","status":"publish","type":"post","link":"https:\/\/www.prwrestling.com\/nw\/wwe-remueve-a-jey-uso-de-lista-estrellas-contratadas-tras-renuncia-en-smackdown\/","title":{"rendered":"WWE remueve a Jey Uso de lista estrellas contratadas tras &#8220;renuncia&#8221; en Smackdown"},"content":{"rendered":"<p><span style=\"vertical-align: inherit;\"><span style=\"vertical-align: inherit;\">El Bloodline fue una de las facciones m\u00e1s dominantes en la historia de la lucha libre profesional, ya que cada miembro tuvo \u00e9xito en sus respectivos campos. <\/span><\/span><!--more--><div id=\"ad-slot\" style=\"min-width: 300px; min-height: 250px;\">\r\n<p style=\"text-align: center;\">\r\n<script async src=\"https:\/\/pagead2.googlesyndication.com\/pagead\/js\/adsbygoogle.js\"><\/script>\r\n<!-- 300x250 sc a -->\r\n<ins class=\"adsbygoogle\"\r\n     style=\"display:inline-block;width:300px;height:250px\"\r\n     data-ad-client=\"ca-pub-1244235910658811\"\r\n     data-ad-slot=\"8592682546\"><\/ins>\r\n<script>\r\n     (adsbygoogle = window.adsbygoogle || []).push({});\r\n<\/script><\/center>\r\n<\/p><\/div><\/p>\n<p><span style=\"vertical-align: inherit;\"><span style=\"vertical-align: inherit;\">Dicho esto, The Bloodline implosion\u00f3 y Jey Uso ha estado en contra Roman Reigns desde entonces. <\/span><span style=\"vertical-align: inherit;\">Muchas cosas sucedieron desde entonces y Jey Uso termin\u00f3 dejando WWE <a href=\"https:\/\/www.prwrestling.com\/nw\/reporte-wwe-smackdown-8-11-jey-uso-se-marcha-de-la-wwe\/\">en Smackdown esta semana. <\/a><\/span><span style=\"vertical-align: inherit;\">Ahora parece que lo han movido a la secci\u00f3n <em>Alumni<\/em> en el sitio web de WWE.<\/span><\/span><\/p>\n<p><span style=\"vertical-align: inherit;\"><span style=\"vertical-align: inherit;\">Durante el combate de Trial Combat en el evento en vivo <a href=\"https:\/\/www.prwrestling.com\/nw\/resultados-wwe-summerslam-jimmy-traiciona-a-jey-uso-nueva-campeona-femenina\/\">WWE SummerSlam<\/a>, Jey Uso estuvo muy cerca de finalmente vencer a Roman Reigns antes de que Jimmy Uso interfiriera en el combate y traicionara a Jey Uso, lo que le cost\u00f3 el combate y sorprendi\u00f3 por completo a los fan\u00e1ticos.<div id=\"ad-slot\" style=\"min-width: 300px; min-height: 250px;\"><p style=\"text-align: center;\">\r\n<script async src=\"https:\/\/pagead2.googlesyndication.com\/pagead\/js\/adsbygoogle.js\"><\/script>\r\n<!-- Responsive sc c -->\r\n<ins class=\"adsbygoogle\"\r\n     style=\"display:block\"\r\n     data-ad-client=\"ca-pub-1244235910658811\"\r\n     data-ad-slot=\"4234005358\"\r\n     data-ad-format=\"auto\"\r\n     data-full-width-responsive=\"true\"><\/ins>\r\n<script>\r\n     (adsbygoogle = window.adsbygoogle || []).push({});\r\n<\/script><\/p><\/div><\/span><\/span><\/p>\n<p><span style=\"vertical-align: inherit;\"><span style=\"vertical-align: inherit;\">Como se vio en el episodio de esta semana de Friday Night SmackDown, Jimmy Uso explic\u00f3 el motivo de su traici\u00f3n y los fan\u00e1ticos no pod\u00edan creer tal razonamiento. El segmento t<\/span><span style=\"vertical-align: inherit;\">ermin\u00f3 con Jey Uso eliminando a Roman Reigns, Solo Sikoa y Jimmy Uso, Jey luego anunciar\u00eda que dejar\u00eda la WWE.<\/span><\/span><\/p>\n<p><span style=\"vertical-align: inherit;\"><span style=\"vertical-align: inherit;\">Si alguien revisa la lista de miembros de WWE, se puede ver que Jey Uso ha sido removido del listado de talentos contratados por la empresa, y trasladado oficialmente a la secci\u00f3n de <a href=\"https:\/\/www.wwe.com\/superstars\/wwealumni\/roadwarrioranimal\/\" target=\"_blank\" rel=\"noopener\">ex alumnos en el sitio web de WWE<\/a>, dedicada a estrellas que ya no laboran en la empresa. Esto deja en claro que WWE se est\u00e1 tomando la historia en serio.<\/span><\/span><\/p>\n<p><img loading=\"lazy\" decoding=\"async\" class=\"alignnone \" src=\"https:\/\/b1671682.smushcdn.com\/1671682\/wp-content\/uploads\/2023\/08\/image-14-768x1338.png\" alt=\"Jey Uso\" width=\"342\" height=\"595\" \/><\/p>\n<p><span style=\"vertical-align: inherit;\"><span style=\"vertical-align: inherit;\">Tendremos que esperar y ver c\u00f3mo WWE continuar\u00e1 reservando la historia de The Bloodline, ya que podr\u00eda pasar un tiempo hasta que Jey Uso regrese a la televisi\u00f3n de WWE para pelear con su hermano Jimmy Uso.<\/span><\/span><br \/>\n<iframe loading=\"lazy\" title=\"Jey Uso quits WWE!: SmackDown highlights, Aug. 11, 2023\" src=\"https:\/\/www.youtube.com\/embed\/prZv1mNrt_k\" width=\"752\" height=\"423\" frameborder=\"0\" allowfullscreen=\"allowfullscreen\"><\/iframe><\/p>\n","protected":false},"excerpt":{"rendered":"<p>El Bloodline fue una de las facciones m\u00e1s dominantes en la historia de la lucha libre profesional, ya que cada miembro tuvo \u00e9xito en sus respectivos campos.<\/p>\n","protected":false},"author":1,"featured_media":217870,"comment_status":"closed","ping_status":"closed","sticky":false,"template":"","format":"standard","meta":{"footnotes":""},"categories":[5,38],"tags":[],"class_list":{"0":"post-217868","1":"post","2":"type-post","3":"status-publish","4":"format-standard","5":"has-post-thumbnail","7":"category-noticias","8":"category-noticias-y-rumores-de-la-wwe"},"_links":{"self":[{"href":"https:\/\/www.prwrestling.com\/nw\/wp-json\/wp\/v2\/posts\/217868","targetHints":{"allow":["GET"]}}],"collection":[{"href":"https:\/\/www.prwrestling.com\/nw\/wp-json\/wp\/v2\/posts"}],"about":[{"href":"https:\/\/www.prwrestling.com\/nw\/wp-json\/wp\/v2\/types\/post"}],"author":[{"embeddable":true,"href":"https:\/\/www.prwrestling.com\/nw\/wp-json\/wp\/v2\/users\/1"}],"replies":[{"embeddable":true,"href":"https:\/\/www.prwrestling.com\/nw\/wp-json\/wp\/v2\/comments?post=217868"}],"version-history":[{"count":4,"href":"https:\/\/www.prwrestling.com\/nw\/wp-json\/wp\/v2\/posts\/217868\/revisions"}],"predecessor-version":[{"id":217873,"href":"https:\/\/www.prwrestling.com\/nw\/wp-json\/wp\/v2\/posts\/217868\/revisions\/217873"}],"wp:featuredmedia":[{"embeddable":true,"href":"https:\/\/www.prwrestling.com\/nw\/wp-json\/wp\/v2\/media\/217870"}],"wp:attachment":[{"href":"https:\/\/www.prwrestling.com\/nw\/wp-json\/wp\/v2\/media?parent=217868"}],"wp:term":[{"taxonomy":"category","embeddable":true,"href":"https:\/\/www.prwrestling.com\/nw\/wp-json\/wp\/v2\/categories?post=217868"},{"taxonomy":"post_tag","embeddable":true,"href":"https:\/\/www.prwrestling.com\/nw\/wp-json\/wp\/v2\/tags?post=217868"}],"curies":[{"name":"wp","href":"https:\/\/api.w.org\/{rel}","templated":true}]}}