{"id":217903,"date":"2023-08-13T12:04:49","date_gmt":"2023-08-13T16:04:49","guid":{"rendered":"https:\/\/www.prwrestling.com\/nw\/?p=217903"},"modified":"2023-08-13T12:04:49","modified_gmt":"2023-08-13T16:04:49","slug":"actualizacion-de-randy-orton-tras-mas-de-un-ano-sin-ver-accion-en-wwe","status":"publish","type":"post","link":"https:\/\/www.prwrestling.com\/nw\/actualizacion-de-randy-orton-tras-mas-de-un-ano-sin-ver-accion-en-wwe\/","title":{"rendered":"Actualizaci\u00f3n de Randy Orton tras m\u00e1s de un a\u00f1o sin ver acci\u00f3n en WWE"},"content":{"rendered":"<p><span style=\"vertical-align: inherit;\"><span style=\"vertical-align: inherit;\">Randy Orton se someti\u00f3 a una cirug\u00eda de fusi\u00f3n de la espalda y su ausencia en la televisi\u00f3n de la WWE ha sido notable. <\/span><\/span><!--more--><div id=\"ad-slot\" style=\"min-width: 300px; min-height: 250px;\">\r\n<p style=\"text-align: center;\">\r\n<script async src=\"https:\/\/pagead2.googlesyndication.com\/pagead\/js\/adsbygoogle.js\"><\/script>\r\n<!-- 300x250 sc a -->\r\n<ins class=\"adsbygoogle\"\r\n     style=\"display:inline-block;width:300px;height:250px\"\r\n     data-ad-client=\"ca-pub-1244235910658811\"\r\n     data-ad-slot=\"8592682546\"><\/ins>\r\n<script>\r\n     (adsbygoogle = window.adsbygoogle || []).push({});\r\n<\/script><\/center>\r\n<\/p><\/div><\/p>\n<p><span style=\"vertical-align: inherit;\"><span style=\"vertical-align: inherit;\">Esta ausencia prolongada ha generado preocupaci\u00f3n entre los fan\u00e1ticos, pero parece que WWE tiene un curso de acci\u00f3n estrat\u00e9gico en marcha. <\/span><span style=\"vertical-align: inherit;\">Orton est\u00e1 en camino a la recuperaci\u00f3n, pero el momento definitivo para su regreso sigue siendo dif\u00edcil de alcanzar.<\/span><\/span><\/p>\n<p><span style=\"vertical-align: inherit;\"><span style=\"vertical-align: inherit;\">Randy Orton ha estado fuera del ring desde mayo de 2022, pero est\u00e1 trabajando para su regreso. <\/span><span style=\"vertical-align: inherit;\"><a href=\"http:\/\/Fightful.com\" target=\"_blank\" rel=\"noopener\">Fightful Select<\/a> arroj\u00f3 algo de luz sobre su estado:<div id=\"ad-slot\" style=\"min-width: 300px; min-height: 250px;\"><p style=\"text-align: center;\">\r\n<script async src=\"https:\/\/pagead2.googlesyndication.com\/pagead\/js\/adsbygoogle.js\"><\/script>\r\n<!-- Responsive sc c -->\r\n<ins class=\"adsbygoogle\"\r\n     style=\"display:block\"\r\n     data-ad-client=\"ca-pub-1244235910658811\"\r\n     data-ad-slot=\"4234005358\"\r\n     data-ad-format=\"auto\"\r\n     data-full-width-responsive=\"true\"><\/ins>\r\n<script>\r\n     (adsbygoogle = window.adsbygoogle || []).push({});\r\n<\/script><\/p><\/div><\/span><\/span><\/p>\n<blockquote><p><span style=\"vertical-align: inherit;\"><span style=\"vertical-align: inherit;\">Fuentes del lado creativo de WWE dijeron que hasta la semana pasada, Randy Orton no hab\u00eda sido incluido en los planes creativos de WWE en absoluto.<\/span><\/span><\/p>\n<p><span style=\"vertical-align: inherit;\"><span style=\"vertical-align: inherit;\">Hemos escuchado que a\u00fan no est\u00e1 autorizado para el entrenamiento o la acci\u00f3n en el ring, y aquellos con los que hemos hablado dicen que no ha habido una conversaci\u00f3n extensa sobre cu\u00e1les ser\u00e1n los planes para Orton. <\/span><\/span><\/p>\n<p><span style=\"vertical-align: inherit;\"><span style=\"vertical-align: inherit;\">Hasta ahora, Orton planea regresar al ring. <\/span><span style=\"vertical-align: inherit;\">Sin embargo, una fusi\u00f3n de la espalda baja no es t\u00edpica entre los luchadores profesionales y es un territorio desconocido para muchos. <\/span><span style=\"vertical-align: inherit;\">Los m\u00e9dicos le han dicho a Orton que luchar en el futuro no es una buena idea, pero \u00e9l todav\u00eda planea hacerlo. <\/span><span style=\"vertical-align: inherit;\">Ha reanudado el levantamiento de pesas y, como resultado, han escuchado que est\u00e1 &#8220;enorme&#8221;. <\/span><\/span><\/p><\/blockquote>\n","protected":false},"excerpt":{"rendered":"<p>Randy Orton se someti\u00f3 a una cirug\u00eda de fusi\u00f3n de la espalda y su ausencia en la televisi\u00f3n de la WWE ha sido notable.<\/p>\n","protected":false},"author":1,"featured_media":126568,"comment_status":"closed","ping_status":"closed","sticky":false,"template":"","format":"standard","meta":{"footnotes":""},"categories":[5,38],"tags":[],"class_list":{"0":"post-217903","1":"post","2":"type-post","3":"status-publish","4":"format-standard","5":"has-post-thumbnail","7":"category-noticias","8":"category-noticias-y-rumores-de-la-wwe"},"_links":{"self":[{"href":"https:\/\/www.prwrestling.com\/nw\/wp-json\/wp\/v2\/posts\/217903","targetHints":{"allow":["GET"]}}],"collection":[{"href":"https:\/\/www.prwrestling.com\/nw\/wp-json\/wp\/v2\/posts"}],"about":[{"href":"https:\/\/www.prwrestling.com\/nw\/wp-json\/wp\/v2\/types\/post"}],"author":[{"embeddable":true,"href":"https:\/\/www.prwrestling.com\/nw\/wp-json\/wp\/v2\/users\/1"}],"replies":[{"embeddable":true,"href":"https:\/\/www.prwrestling.com\/nw\/wp-json\/wp\/v2\/comments?post=217903"}],"version-history":[{"count":2,"href":"https:\/\/www.prwrestling.com\/nw\/wp-json\/wp\/v2\/posts\/217903\/revisions"}],"predecessor-version":[{"id":217905,"href":"https:\/\/www.prwrestling.com\/nw\/wp-json\/wp\/v2\/posts\/217903\/revisions\/217905"}],"wp:featuredmedia":[{"embeddable":true,"href":"https:\/\/www.prwrestling.com\/nw\/wp-json\/wp\/v2\/media\/126568"}],"wp:attachment":[{"href":"https:\/\/www.prwrestling.com\/nw\/wp-json\/wp\/v2\/media?parent=217903"}],"wp:term":[{"taxonomy":"category","embeddable":true,"href":"https:\/\/www.prwrestling.com\/nw\/wp-json\/wp\/v2\/categories?post=217903"},{"taxonomy":"post_tag","embeddable":true,"href":"https:\/\/www.prwrestling.com\/nw\/wp-json\/wp\/v2\/tags?post=217903"}],"curies":[{"name":"wp","href":"https:\/\/api.w.org\/{rel}","templated":true}]}}